{"id":30888,"date":"2024-08-30T08:47:01","date_gmt":"2024-08-30T14:47:01","guid":{"rendered":"https:\/\/contextoanalisisperiodistico.com\/index.php\/2024\/08\/30\/coordina-sego-labores-de-atencion-a-personas-migrantes-en-su-transito-por-oaxaca\/"},"modified":"2024-08-30T08:50:17","modified_gmt":"2024-08-30T14:50:17","slug":"coordina-sego-labores-de-atencion-a-personas-migrantes-en-su-transito-por-oaxaca","status":"publish","type":"post","link":"https:\/\/contextoanalisisperiodistico.com\/index.php\/2024\/08\/30\/coordina-sego-labores-de-atencion-a-personas-migrantes-en-su-transito-por-oaxaca\/","title":{"rendered":"Coordina Sego labores de atenci\u00f3n a personas migrantes en su tr\u00e1nsito por Oaxaca"},"content":{"rendered":"<div id=\"fb-root\"><\/div>\n\n<p>Oaxaca de Ju\u00e1rez, Oax. 29 de agosto de 2024.- La Secretar\u00eda de Gobierno (Sego) a trav\u00e9s de la Coordinaci\u00f3n de Delegados de Paz (Cdpaz) y la Direcci\u00f3n de Migraci\u00f3n Oaxaque\u00f1a informa que contin\u00faa coordinando los esfuerzos para brindar atenci\u00f3n integral a la caravana de personas migrantes que transita por la entidad.<\/p>\n\n\n\n<figure class=\"wp-block-image size-large\"><img fetchpriority=\"high\" decoding=\"async\" width=\"1024\" height=\"768\" src=\"https:\/\/contextoanalisisperiodistico.com\/wp-content\/uploads\/2024\/08\/img-20240829-wa01594866488439735716710.jpg\" alt=\"\" class=\"wp-image-30887\" srcset=\"https:\/\/contextoanalisisperiodistico.com\/wp-content\/uploads\/2024\/08\/img-20240829-wa01594866488439735716710.jpg 1024w, https:\/\/contextoanalisisperiodistico.com\/wp-content\/uploads\/2024\/08\/img-20240829-wa01594866488439735716710-300x225.jpg 300w, https:\/\/contextoanalisisperiodistico.com\/wp-content\/uploads\/2024\/08\/img-20240829-wa01594866488439735716710-768x576.jpg 768w\" sizes=\"(max-width: 1024px) 100vw, 1024px\" \/><\/figure>\n\n\n\n<p>El titular de la Sego, Jes\u00fas Romero L\u00f3pez explic\u00f3 que de esta manera se atiende la instrucci\u00f3n de brindar acompa\u00f1amiento de manera conjunta con el Instituto Nacional de Migraci\u00f3n, a las personas heridas y a familiares de las v\u00edctimas del accidente carretero suscitado este jueves en el Istmo de Tehuantepec.<\/p>\n\n\n\n<p>Lo anterior, derivado del Modelo de Tr\u00e1nsito Seguro y Ordenado por Oaxaca orientado a la atenci\u00f3n de las personas extranjeras en situaci\u00f3n de movilidad en el territorio estatal que coordina la Direcci\u00f3n de Migraci\u00f3n Oaxaque\u00f1a de la Sego.<\/p>\n\n\n\n<p>El grupo interinstitucional busca mejorar la respuesta de todas las instituciones estatales responsables de garantizar la atenci\u00f3n r\u00e1pida y eficaz para la prevenci\u00f3n y atenci\u00f3n de situaciones que afecten la seguridad de las personas.<\/p>\n\n\n\n<p>Destacan el Secretariado Ejecutivo del Sistema Estatal de Seguridad P\u00fablica (SESESP), la Coordinaci\u00f3n para la Atenci\u00f3n de los Derechos Humanos (CADH), Servicios de Salud de Oaxaca (SSO), la Secretar\u00eda de Seguridad y Protecci\u00f3n Ciudadana (SSPC), la Secretar\u00eda Ejecutiva del Sistema Local de Protecci\u00f3n Integral de los Derechos de las Ni\u00f1as, Ni\u00f1os y Adolescentes del Estado (SE-sipinna), as\u00ed como la Coordinaci\u00f3n Estatal de Protecci\u00f3n Civil y Gesti\u00f3n de Riesgos (CEPCyGR).<\/p>\n\n\n\n<p>Cabe se\u00f1alar que el Gobierno del Estado de Oaxaca brinda atenci\u00f3n integral a las caravanas de personas migrantes que transitan por el territorio oaxaque\u00f1o, con la finalidad de respetar sus derechos.<\/p>\n\n\n\n<p>-0-<\/p>\n","protected":false},"excerpt":{"rendered":"<p>Oaxaca de Ju\u00e1rez, Oax. 29 de agosto de 2024.- La Secretar\u00eda de Gobierno (Sego) a&#8230;<\/p>\n","protected":false},"author":4,"featured_media":30886,"comment_status":"closed","ping_status":"open","sticky":false,"template":"","format":"standard","meta":{"footnotes":""},"categories":[9],"tags":[],"jetpack_sharing_enabled":true,"featured_image_urls":{"full":["https:\/\/contextoanalisisperiodistico.com\/wp-content\/uploads\/2024\/08\/IMG-20240829-WA0160.jpg",900,1600,false],"thumbnail":["https:\/\/contextoanalisisperiodistico.com\/wp-content\/uploads\/2024\/08\/IMG-20240829-WA0160-150x150.jpg",150,150,true],"medium":["https:\/\/contextoanalisisperiodistico.com\/wp-content\/uploads\/2024\/08\/IMG-20240829-WA0160-169x300.jpg",169,300,true],"medium_large":["https:\/\/contextoanalisisperiodistico.com\/wp-content\/uploads\/2024\/08\/IMG-20240829-WA0160-768x1365.jpg",640,1138,true],"large":["https:\/\/contextoanalisisperiodistico.com\/wp-content\/uploads\/2024\/08\/IMG-20240829-WA0160-576x1024.jpg",576,1024,true],"1536x1536":["https:\/\/contextoanalisisperiodistico.com\/wp-content\/uploads\/2024\/08\/IMG-20240829-WA0160-864x1536.jpg",864,1536,true],"2048x2048":["https:\/\/contextoanalisisperiodistico.com\/wp-content\/uploads\/2024\/08\/IMG-20240829-WA0160.jpg",900,1600,false],"covernews-slider-full":["https:\/\/contextoanalisisperiodistico.com\/wp-content\/uploads\/2024\/08\/IMG-20240829-WA0160-900x715.jpg",900,715,true],"covernews-slider-center":["https:\/\/contextoanalisisperiodistico.com\/wp-content\/uploads\/2024\/08\/IMG-20240829-WA0160-800x500.jpg",800,500,true],"covernews-featured":["https:\/\/contextoanalisisperiodistico.com\/wp-content\/uploads\/2024\/08\/IMG-20240829-WA0160.jpg",900,1600,false],"covernews-medium":["https:\/\/contextoanalisisperiodistico.com\/wp-content\/uploads\/2024\/08\/IMG-20240829-WA0160-540x340.jpg",540,340,true],"covernews-medium-square":["https:\/\/contextoanalisisperiodistico.com\/wp-content\/uploads\/2024\/08\/IMG-20240829-WA0160-400x250.jpg",400,250,true]},"author_info":{"display_name":"Mario Gir\u00f3n","author_link":"https:\/\/contextoanalisisperiodistico.com\/index.php\/author\/director\/"},"category_info":"<a href=\"https:\/\/contextoanalisisperiodistico.com\/index.php\/category\/politica\/\" rel=\"category tag\">Pol\u00edtica<\/a>","tag_info":"Pol\u00edtica","comment_count":"0","jetpack_featured_media_url":"https:\/\/contextoanalisisperiodistico.com\/wp-content\/uploads\/2024\/08\/IMG-20240829-WA0160.jpg","_links":{"self":[{"href":"https:\/\/contextoanalisisperiodistico.com\/index.php\/wp-json\/wp\/v2\/posts\/30888"}],"collection":[{"href":"https:\/\/contextoanalisisperiodistico.com\/index.php\/wp-json\/wp\/v2\/posts"}],"about":[{"href":"https:\/\/contextoanalisisperiodistico.com\/index.php\/wp-json\/wp\/v2\/types\/post"}],"author":[{"embeddable":true,"href":"https:\/\/contextoanalisisperiodistico.com\/index.php\/wp-json\/wp\/v2\/users\/4"}],"replies":[{"embeddable":true,"href":"https:\/\/contextoanalisisperiodistico.com\/index.php\/wp-json\/wp\/v2\/comments?post=30888"}],"version-history":[{"count":1,"href":"https:\/\/contextoanalisisperiodistico.com\/index.php\/wp-json\/wp\/v2\/posts\/30888\/revisions"}],"predecessor-version":[{"id":30889,"href":"https:\/\/contextoanalisisperiodistico.com\/index.php\/wp-json\/wp\/v2\/posts\/30888\/revisions\/30889"}],"wp:featuredmedia":[{"embeddable":true,"href":"https:\/\/contextoanalisisperiodistico.com\/index.php\/wp-json\/wp\/v2\/media\/30886"}],"wp:attachment":[{"href":"https:\/\/contextoanalisisperiodistico.com\/index.php\/wp-json\/wp\/v2\/media?parent=30888"}],"wp:term":[{"taxonomy":"category","embeddable":true,"href":"https:\/\/contextoanalisisperiodistico.com\/index.php\/wp-json\/wp\/v2\/categories?post=30888"},{"taxonomy":"post_tag","embeddable":true,"href":"https:\/\/contextoanalisisperiodistico.com\/index.php\/wp-json\/wp\/v2\/tags?post=30888"}],"curies":[{"name":"wp","href":"https:\/\/api.w.org\/{rel}","templated":true}]}}