{"id":30876,"date":"2024-08-29T17:29:55","date_gmt":"2024-08-29T23:29:55","guid":{"rendered":"https:\/\/contextoanalisisperiodistico.com\/index.php\/2024\/08\/29\/reconoce-dif-oaxaca-derechos-de-las-personas-mayores\/"},"modified":"2024-08-29T17:29:55","modified_gmt":"2024-08-29T23:29:55","slug":"reconoce-dif-oaxaca-derechos-de-las-personas-mayores","status":"publish","type":"post","link":"https:\/\/contextoanalisisperiodistico.com\/index.php\/2024\/08\/29\/reconoce-dif-oaxaca-derechos-de-las-personas-mayores\/","title":{"rendered":"Reconoce DIF Oaxaca derechos de las personas mayores"},"content":{"rendered":"<div id=\"fb-root\"><\/div>\n\n<p>\u2022 El organismo estatal realiz\u00f3 la Guelaguetza de Personas Mayores 2024 Toz Nakchho para festejar en su d\u00eda a este sector de la poblaci\u00f3n<\/p>\n\n\n\n<figure class=\"wp-block-image size-large\"><img fetchpriority=\"high\" decoding=\"async\" width=\"1024\" height=\"683\" src=\"https:\/\/contextoanalisisperiodistico.com\/wp-content\/uploads\/2024\/08\/img-20240829-wa00757522065701393708135-1024x683.jpg\" alt=\"\" class=\"wp-image-30871\" srcset=\"https:\/\/contextoanalisisperiodistico.com\/wp-content\/uploads\/2024\/08\/img-20240829-wa00757522065701393708135-1024x683.jpg 1024w, https:\/\/contextoanalisisperiodistico.com\/wp-content\/uploads\/2024\/08\/img-20240829-wa00757522065701393708135-300x200.jpg 300w, https:\/\/contextoanalisisperiodistico.com\/wp-content\/uploads\/2024\/08\/img-20240829-wa00757522065701393708135-768x512.jpg 768w, https:\/\/contextoanalisisperiodistico.com\/wp-content\/uploads\/2024\/08\/img-20240829-wa00757522065701393708135.jpg 1480w\" sizes=\"(max-width: 1024px) 100vw, 1024px\" \/><\/figure>\n\n\n\n<figure class=\"wp-block-image\"><img decoding=\"async\" width=\"1024\" height=\"682\" src=\"https:\/\/contextoanalisisperiodistico.com\/wp-content\/uploads\/2024\/08\/img-20240829-wa00768440398986664685093-1024x682.jpg\" alt=\"\" class=\"wp-image-30875\" srcset=\"https:\/\/contextoanalisisperiodistico.com\/wp-content\/uploads\/2024\/08\/img-20240829-wa00768440398986664685093-1024x682.jpg 1024w, https:\/\/contextoanalisisperiodistico.com\/wp-content\/uploads\/2024\/08\/img-20240829-wa00768440398986664685093-300x200.jpg 300w, https:\/\/contextoanalisisperiodistico.com\/wp-content\/uploads\/2024\/08\/img-20240829-wa00768440398986664685093-768x512.jpg 768w, https:\/\/contextoanalisisperiodistico.com\/wp-content\/uploads\/2024\/08\/img-20240829-wa00768440398986664685093-1536x1023.jpg 1536w, https:\/\/contextoanalisisperiodistico.com\/wp-content\/uploads\/2024\/08\/img-20240829-wa00768440398986664685093.jpg 1600w\" sizes=\"(max-width: 1024px) 100vw, 1024px\" \/><\/figure>\n\n\n\n<figure class=\"wp-block-image\"><img decoding=\"async\" width=\"1024\" height=\"683\" src=\"https:\/\/contextoanalisisperiodistico.com\/wp-content\/uploads\/2024\/08\/img-20240829-wa00786112998266236956040-1024x683.jpg\" alt=\"\" class=\"wp-image-30872\" srcset=\"https:\/\/contextoanalisisperiodistico.com\/wp-content\/uploads\/2024\/08\/img-20240829-wa00786112998266236956040-1024x683.jpg 1024w, https:\/\/contextoanalisisperiodistico.com\/wp-content\/uploads\/2024\/08\/img-20240829-wa00786112998266236956040-300x200.jpg 300w, https:\/\/contextoanalisisperiodistico.com\/wp-content\/uploads\/2024\/08\/img-20240829-wa00786112998266236956040-768x512.jpg 768w, https:\/\/contextoanalisisperiodistico.com\/wp-content\/uploads\/2024\/08\/img-20240829-wa00786112998266236956040.jpg 1314w\" sizes=\"(max-width: 1024px) 100vw, 1024px\" \/><\/figure>\n\n\n\n<figure class=\"wp-block-image\"><img loading=\"lazy\" decoding=\"async\" width=\"1024\" height=\"683\" src=\"https:\/\/contextoanalisisperiodistico.com\/wp-content\/uploads\/2024\/08\/img-20240829-wa00778046044083506368311-1024x683.jpg\" alt=\"\" class=\"wp-image-30874\" srcset=\"https:\/\/contextoanalisisperiodistico.com\/wp-content\/uploads\/2024\/08\/img-20240829-wa00778046044083506368311-1024x683.jpg 1024w, https:\/\/contextoanalisisperiodistico.com\/wp-content\/uploads\/2024\/08\/img-20240829-wa00778046044083506368311-300x200.jpg 300w, https:\/\/contextoanalisisperiodistico.com\/wp-content\/uploads\/2024\/08\/img-20240829-wa00778046044083506368311-768x512.jpg 768w, https:\/\/contextoanalisisperiodistico.com\/wp-content\/uploads\/2024\/08\/img-20240829-wa00778046044083506368311.jpg 1507w\" sizes=\"(max-width: 1024px) 100vw, 1024px\" \/><\/figure>\n\n\n\n<figure class=\"wp-block-image\"><img loading=\"lazy\" decoding=\"async\" width=\"1024\" height=\"682\" src=\"https:\/\/contextoanalisisperiodistico.com\/wp-content\/uploads\/2024\/08\/img-20240829-wa00747301788882517712155-1024x682.jpg\" alt=\"\" class=\"wp-image-30873\" srcset=\"https:\/\/contextoanalisisperiodistico.com\/wp-content\/uploads\/2024\/08\/img-20240829-wa00747301788882517712155-1024x682.jpg 1024w, https:\/\/contextoanalisisperiodistico.com\/wp-content\/uploads\/2024\/08\/img-20240829-wa00747301788882517712155-300x200.jpg 300w, https:\/\/contextoanalisisperiodistico.com\/wp-content\/uploads\/2024\/08\/img-20240829-wa00747301788882517712155-768x512.jpg 768w, https:\/\/contextoanalisisperiodistico.com\/wp-content\/uploads\/2024\/08\/img-20240829-wa00747301788882517712155-1536x1023.jpg 1536w, https:\/\/contextoanalisisperiodistico.com\/wp-content\/uploads\/2024\/08\/img-20240829-wa00747301788882517712155.jpg 1600w\" sizes=\"(max-width: 1024px) 100vw, 1024px\" \/><\/figure>\n\n\n\n<p>Oaxaca de Ju\u00e1rez, Oax., 29 de agosto de 2024.- La Alameda de Le\u00f3n atestigu\u00f3 una fascinante celebraci\u00f3n con motivo del D\u00eda Nacional de las Personas Mayores, en la que este sector de la poblaci\u00f3n particip\u00f3 en un programa cultural, a fin de brindar espacios en los que se reconozca la importancia que tienen en su entorno y sociedad al recordar que son personas sujetas de derechos.<\/p>\n\n\n\n<p>Con magn\u00edficos bailes, cantos y poes\u00eda se llev\u00f3 a cabo la Guelaguetza de Personas Mayores 2024 Toz Nakchho, que significa \u201csomos uno\u201d en zapoteco, organizada por el Sistema Estatal para el Desarrollo Integral de la Familia (DIF) Oaxaca en coordinaci\u00f3n con los comit\u00e9s DIF municipales de la regi\u00f3n Valles Centrales, que deleit\u00f3 a m\u00e1s de 400 personas locales, nacionales y extranjeras.<\/p>\n\n\n\n<p>Como acto de bienvenida, la directora general del organismo estatal, Maribel Salinas expres\u00f3 su satisfacci\u00f3n ante la respuesta positiva del p\u00fablico y destac\u00f3 que se debe promover la participaci\u00f3n de las personas mayores en todos los \u00e1mbitos de la vida cotidiana a trav\u00e9s de pol\u00edticas p\u00fablicas que tengan como eje fundamental visibilizarles en beneficio del desarrollo de sus habilidades y capacidades.<\/p>\n\n\n\n<p>\u201cEl Gobierno de la Primavera Oaxaque\u00f1a tiene el firme compromiso de trabajar por aquellos grupos y comunidades que hist\u00f3ricamente han sido marginadas, explotadas e ignoradas, como un acto de equidad social y un ejercicio de restituci\u00f3n de derechos sociales, bajo la premisa de un Nuevo Pacto Social\u201d, afirm\u00f3 Salinas Velasco.<\/p>\n\n\n\n<p>De esta manera, las y los participantes portaron maravillosos trajes t\u00edpicos al tiempo que ejecutaron el Jarabe del Valle, los sones y jarabes de San Melchor Betaza, el Palomo Miahuateco, Jarabe Ejuteco y Fandanguito de San Pedro Totol\u00e1pam, considerados como algunos de los m\u00e1s representativos de la entidad oaxaque\u00f1a.<\/p>\n\n\n\n<p>Adem\u00e1s, el Club de Personas Mayores de San Sebasti\u00e1n Tutla interpret\u00f3 las canciones \u201cToda una Vida\u201d y \u201cOjos Negros\u201d, mismas que unieron al p\u00fablico en un solo canto al un\u00edsono.<\/p>\n\n\n\n<p>De igual manera, se realiz\u00f3 la presentaci\u00f3n del poema \u201cCabellos Blancos\u201d por parte del Club de Personas Mayores del Centro de Asistencia Infantil Comunitario (CAIC) n\u00famero 4, el cual provoc\u00f3 emoci\u00f3n debido a la importancia de esta fecha en el pa\u00eds.<\/p>\n\n\n\n<p>Tambi\u00e9n fue fundamental la participaci\u00f3n de quienes integran los clubes de Personas Mayores de los municipios de San Sebasti\u00e1n Tutla, San Pablo Etla, San Pedro Totol\u00e1pam y el CAIC n\u00famero 4, as\u00ed como de las Casas de D\u00eda de Santa Luc\u00eda del Camino y Santiago Cacaotepec Etla, que a lo largo del evento mantuvieron gran alegr\u00eda.<\/p>\n\n\n\n<p>La organizaci\u00f3n de estos espacios fomenta los derechos de las personas mayores a una vida sana y activa, promoviendo el deporte y socializaci\u00f3n, creando espacios donde puedan disfrutar de actividades f\u00edsicas, cognitivas y culturales.<\/p>\n\n\n\n<p>-0-<\/p>\n","protected":false},"excerpt":{"rendered":"<p>\u2022 El organismo estatal realiz\u00f3 la Guelaguetza de Personas Mayores 2024 Toz Nakchho para festejar&#8230;<\/p>\n","protected":false},"author":4,"featured_media":30870,"comment_status":"","ping_status":"open","sticky":false,"template":"","format":"standard","meta":{"footnotes":""},"categories":[9],"tags":[],"jetpack_sharing_enabled":true,"featured_image_urls":{"full":["https:\/\/contextoanalisisperiodistico.com\/wp-content\/uploads\/2024\/08\/IMG-20240829-WA0079.jpg",1560,1040,false],"thumbnail":["https:\/\/contextoanalisisperiodistico.com\/wp-content\/uploads\/2024\/08\/IMG-20240829-WA0079-150x150.jpg",150,150,true],"medium":["https:\/\/contextoanalisisperiodistico.com\/wp-content\/uploads\/2024\/08\/IMG-20240829-WA0079-300x200.jpg",300,200,true],"medium_large":["https:\/\/contextoanalisisperiodistico.com\/wp-content\/uploads\/2024\/08\/IMG-20240829-WA0079-768x512.jpg",640,427,true],"large":["https:\/\/contextoanalisisperiodistico.com\/wp-content\/uploads\/2024\/08\/IMG-20240829-WA0079-1024x683.jpg",640,427,true],"1536x1536":["https:\/\/contextoanalisisperiodistico.com\/wp-content\/uploads\/2024\/08\/IMG-20240829-WA0079-1536x1024.jpg",1536,1024,true],"2048x2048":["https:\/\/contextoanalisisperiodistico.com\/wp-content\/uploads\/2024\/08\/IMG-20240829-WA0079.jpg",1560,1040,false],"covernews-slider-full":["https:\/\/contextoanalisisperiodistico.com\/wp-content\/uploads\/2024\/08\/IMG-20240829-WA0079-1115x715.jpg",1115,715,true],"covernews-slider-center":["https:\/\/contextoanalisisperiodistico.com\/wp-content\/uploads\/2024\/08\/IMG-20240829-WA0079-800x500.jpg",800,500,true],"covernews-featured":["https:\/\/contextoanalisisperiodistico.com\/wp-content\/uploads\/2024\/08\/IMG-20240829-WA0079-1024x683.jpg",1024,683,true],"covernews-medium":["https:\/\/contextoanalisisperiodistico.com\/wp-content\/uploads\/2024\/08\/IMG-20240829-WA0079-540x340.jpg",540,340,true],"covernews-medium-square":["https:\/\/contextoanalisisperiodistico.com\/wp-content\/uploads\/2024\/08\/IMG-20240829-WA0079-400x250.jpg",400,250,true]},"author_info":{"display_name":"Mario Gir\u00f3n","author_link":"https:\/\/contextoanalisisperiodistico.com\/index.php\/author\/director\/"},"category_info":"<a href=\"https:\/\/contextoanalisisperiodistico.com\/index.php\/category\/politica\/\" rel=\"category tag\">Pol\u00edtica<\/a>","tag_info":"Pol\u00edtica","comment_count":"0","jetpack_featured_media_url":"https:\/\/contextoanalisisperiodistico.com\/wp-content\/uploads\/2024\/08\/IMG-20240829-WA0079.jpg","_links":{"self":[{"href":"https:\/\/contextoanalisisperiodistico.com\/index.php\/wp-json\/wp\/v2\/posts\/30876"}],"collection":[{"href":"https:\/\/contextoanalisisperiodistico.com\/index.php\/wp-json\/wp\/v2\/posts"}],"about":[{"href":"https:\/\/contextoanalisisperiodistico.com\/index.php\/wp-json\/wp\/v2\/types\/post"}],"author":[{"embeddable":true,"href":"https:\/\/contextoanalisisperiodistico.com\/index.php\/wp-json\/wp\/v2\/users\/4"}],"replies":[{"embeddable":true,"href":"https:\/\/contextoanalisisperiodistico.com\/index.php\/wp-json\/wp\/v2\/comments?post=30876"}],"version-history":[{"count":0,"href":"https:\/\/contextoanalisisperiodistico.com\/index.php\/wp-json\/wp\/v2\/posts\/30876\/revisions"}],"wp:featuredmedia":[{"embeddable":true,"href":"https:\/\/contextoanalisisperiodistico.com\/index.php\/wp-json\/wp\/v2\/media\/30870"}],"wp:attachment":[{"href":"https:\/\/contextoanalisisperiodistico.com\/index.php\/wp-json\/wp\/v2\/media?parent=30876"}],"wp:term":[{"taxonomy":"category","embeddable":true,"href":"https:\/\/contextoanalisisperiodistico.com\/index.php\/wp-json\/wp\/v2\/categories?post=30876"},{"taxonomy":"post_tag","embeddable":true,"href":"https:\/\/contextoanalisisperiodistico.com\/index.php\/wp-json\/wp\/v2\/tags?post=30876"}],"curies":[{"name":"wp","href":"https:\/\/api.w.org\/{rel}","templated":true}]}}