{"id":30861,"date":"2024-08-29T17:25:30","date_gmt":"2024-08-29T23:25:30","guid":{"rendered":"https:\/\/contextoanalisisperiodistico.com\/?p=30861"},"modified":"2024-08-29T17:26:36","modified_gmt":"2024-08-29T23:26:36","slug":"inaugura-salomon-jara-el-bachillerato-integral-comunitario-extension-san-melchor-betaza","status":"publish","type":"post","link":"https:\/\/contextoanalisisperiodistico.com\/index.php\/2024\/08\/29\/inaugura-salomon-jara-el-bachillerato-integral-comunitario-extension-san-melchor-betaza\/","title":{"rendered":"Inaugura Salom\u00f3n Jara Bachillerato Integral Comunitario, Extensi\u00f3n San Melchor Betaza"},"content":{"rendered":"<div id=\"fb-root\"><\/div>\n\n<p>* Con resultados, el Gobernador de Oaxaca reafirma su compromiso con la educaci\u00f3n comunitaria <\/p>\n\n\n\n<figure class=\"wp-block-image size-large\"><img fetchpriority=\"high\" decoding=\"async\" width=\"900\" height=\"600\" src=\"https:\/\/contextoanalisisperiodistico.com\/wp-content\/uploads\/2024\/08\/img-20240829-wa00673220522033013758204.jpg\" alt=\"\" class=\"wp-image-30863\" srcset=\"https:\/\/contextoanalisisperiodistico.com\/wp-content\/uploads\/2024\/08\/img-20240829-wa00673220522033013758204.jpg 900w, https:\/\/contextoanalisisperiodistico.com\/wp-content\/uploads\/2024\/08\/img-20240829-wa00673220522033013758204-300x200.jpg 300w, https:\/\/contextoanalisisperiodistico.com\/wp-content\/uploads\/2024\/08\/img-20240829-wa00673220522033013758204-768x512.jpg 768w\" sizes=\"(max-width: 900px) 100vw, 900px\" \/><\/figure>\n\n\n\n<figure class=\"wp-block-image\"><img decoding=\"async\" width=\"300\" height=\"200\" src=\"https:\/\/contextoanalisisperiodistico.com\/wp-content\/uploads\/2024\/08\/img-20240829-wa00705273812473545478033-300x200.jpg\" alt=\"\" class=\"wp-image-30864\" srcset=\"https:\/\/contextoanalisisperiodistico.com\/wp-content\/uploads\/2024\/08\/img-20240829-wa00705273812473545478033-300x200.jpg 300w, https:\/\/contextoanalisisperiodistico.com\/wp-content\/uploads\/2024\/08\/img-20240829-wa00705273812473545478033-768x512.jpg 768w, https:\/\/contextoanalisisperiodistico.com\/wp-content\/uploads\/2024\/08\/img-20240829-wa00705273812473545478033.jpg 900w\" sizes=\"(max-width: 300px) 100vw, 300px\" \/><\/figure>\n\n\n\n<figure class=\"wp-block-image\"><img decoding=\"async\" width=\"300\" height=\"200\" src=\"https:\/\/contextoanalisisperiodistico.com\/wp-content\/uploads\/2024\/08\/img-20240829-wa00687146495359160650424-300x200.jpg\" alt=\"\" class=\"wp-image-30865\" srcset=\"https:\/\/contextoanalisisperiodistico.com\/wp-content\/uploads\/2024\/08\/img-20240829-wa00687146495359160650424-300x200.jpg 300w, https:\/\/contextoanalisisperiodistico.com\/wp-content\/uploads\/2024\/08\/img-20240829-wa00687146495359160650424-768x512.jpg 768w, https:\/\/contextoanalisisperiodistico.com\/wp-content\/uploads\/2024\/08\/img-20240829-wa00687146495359160650424.jpg 900w\" sizes=\"(max-width: 300px) 100vw, 300px\" \/><\/figure>\n\n\n\n<figure class=\"wp-block-image\"><img loading=\"lazy\" decoding=\"async\" width=\"300\" height=\"170\" src=\"https:\/\/contextoanalisisperiodistico.com\/wp-content\/uploads\/2024\/08\/img-20240829-wa00728861245341616104374-300x170.jpg\" alt=\"\" class=\"wp-image-30866\" srcset=\"https:\/\/contextoanalisisperiodistico.com\/wp-content\/uploads\/2024\/08\/img-20240829-wa00728861245341616104374-300x170.jpg 300w, https:\/\/contextoanalisisperiodistico.com\/wp-content\/uploads\/2024\/08\/img-20240829-wa00728861245341616104374-768x435.jpg 768w, https:\/\/contextoanalisisperiodistico.com\/wp-content\/uploads\/2024\/08\/img-20240829-wa00728861245341616104374.jpg 900w\" sizes=\"(max-width: 300px) 100vw, 300px\" \/><\/figure>\n\n\n\n<figure class=\"wp-block-image\"><img loading=\"lazy\" decoding=\"async\" width=\"1024\" height=\"682\" src=\"https:\/\/contextoanalisisperiodistico.com\/wp-content\/uploads\/2024\/08\/img-20240829-wa00741165099454665549934-1024x682.jpg\" alt=\"\" class=\"wp-image-30867\" srcset=\"https:\/\/contextoanalisisperiodistico.com\/wp-content\/uploads\/2024\/08\/img-20240829-wa00741165099454665549934-1024x682.jpg 1024w, https:\/\/contextoanalisisperiodistico.com\/wp-content\/uploads\/2024\/08\/img-20240829-wa00741165099454665549934-300x200.jpg 300w, https:\/\/contextoanalisisperiodistico.com\/wp-content\/uploads\/2024\/08\/img-20240829-wa00741165099454665549934-768x512.jpg 768w, https:\/\/contextoanalisisperiodistico.com\/wp-content\/uploads\/2024\/08\/img-20240829-wa00741165099454665549934-1536x1023.jpg 1536w, https:\/\/contextoanalisisperiodistico.com\/wp-content\/uploads\/2024\/08\/img-20240829-wa00741165099454665549934.jpg 1600w\" sizes=\"(max-width: 1024px) 100vw, 1024px\" \/><\/figure>\n\n\n\n<p>\u2022 Por primera vez este municipio cuenta con una instituci\u00f3n de educaci\u00f3n media superior<\/p>\n\n\n\n<p>San Melchor Betaza, Oax. 29 de agosto de 2024.- En un ambiente de algarab\u00eda y j\u00fabilo, el Gobernador Salom\u00f3n Jara Cruz arrib\u00f3 a esta su comunidad de origen, para inaugurar el primer Bachillerato Integral Comunitario (BIC) que permitir\u00e1 ofrecer a la juventud de este municipio y zonas aleda\u00f1as, una educaci\u00f3n media superior de calidad y en congruencia con los tiempos de transformaci\u00f3n que demanda Oaxaca.<\/p>\n\n\n\n<p>El titular del Poder Ejecutivo expres\u00f3 que este BIC reafirma el compromiso del Gobierno de la Primavera Oaxaque\u00f1a con la educaci\u00f3n y se suma a las diversas acciones que se han emprendido para impulsar el desarrollo de las juventudes, como el programa Inscripci\u00f3n Cero que permite el acceso, permanencia y conclusi\u00f3n de sus estudios.<\/p>\n\n\n\n<p>\u201cEn Oaxaca contamos con j\u00f3venes talentosos, que el d\u00eda de ma\u00f1ana ser\u00e1n buenas y buenos ciudadanos y profesionistas\u201d, afirm\u00f3.<\/p>\n\n\n\n<p>En tanto, la titular de la Secretar\u00eda de Educaci\u00f3n P\u00fablica (SEP) en Oaxaca, Delfina Guzm\u00e1n D\u00edaz reconoci\u00f3 las acciones realizadas por el Gobernador oaxaque\u00f1o para impulsar y mejorar la calidad de la vida estudiantil y profesional de la entidad con programas como la Tarjeta Joven y Mi Primera Chamba, adem\u00e1s de promover la alfabetizaci\u00f3n y lectura.<\/p>\n\n\n\n<p>De esta manera, ante las y los estudiantes del BIC que inician el ciclo escolar 2024-2025, expres\u00f3 que en pr\u00f3ximas fechas esta nueva instituci\u00f3n enclavada en la Sierra de Ju\u00e1rez contar\u00e1 con su propia clave, felicitando as\u00ed a sus habitantes por ser part\u00edcipes de la transformaci\u00f3n de su pueblo.<\/p>\n\n\n\n<p>Por su parte, el director general del Colegio Superior para la Educaci\u00f3n Integral Intercultural de Oaxaca (CSEIIO), Ren\u00e9 V\u00e1squez Castillejos, expres\u00f3 que el modelo educativo de estos bachilleratos mantiene un esp\u00edritu y valores comunitarios, que propicia el di\u00e1logo y cambios para generar bienestar y transformaci\u00f3n en la vida de la poblaci\u00f3n.<\/p>\n\n\n\n<p>Inform\u00f3 que el BIC en este nuevo ciclo vive un momento hist\u00f3rico pues cuenta con 48 planteles y 10 nuevas extensiones alrededor de las ocho regiones con una matr\u00edcula de m\u00e1s de 5 mil estudiantes.<\/p>\n\n\n\n<p>Con este acto hist\u00f3rico, el Gobierno de la Primavera Oaxaque\u00f1a refuerza su compromiso con el Inter\u00e9s Superior de las infancias y juventudes, aunado al Desarrollo integral de todo el estado.<\/p>\n\n\n\n<p>-0-<\/p>\n","protected":false},"excerpt":{"rendered":"<p>* Con resultados, el Gobernador de Oaxaca reafirma su compromiso con la educaci\u00f3n comunitaria \u2022&#8230;<\/p>\n","protected":false},"author":4,"featured_media":30862,"comment_status":"closed","ping_status":"open","sticky":false,"template":"","format":"standard","meta":{"footnotes":""},"categories":[9],"tags":[],"jetpack_sharing_enabled":true,"featured_image_urls":{"full":["https:\/\/contextoanalisisperiodistico.com\/wp-content\/uploads\/2024\/08\/IMG-20240829-WA0066.jpg",900,600,false],"thumbnail":["https:\/\/contextoanalisisperiodistico.com\/wp-content\/uploads\/2024\/08\/IMG-20240829-WA0066-150x150.jpg",150,150,true],"medium":["https:\/\/contextoanalisisperiodistico.com\/wp-content\/uploads\/2024\/08\/IMG-20240829-WA0066-300x200.jpg",300,200,true],"medium_large":["https:\/\/contextoanalisisperiodistico.com\/wp-content\/uploads\/2024\/08\/IMG-20240829-WA0066-768x512.jpg",640,427,true],"large":["https:\/\/contextoanalisisperiodistico.com\/wp-content\/uploads\/2024\/08\/IMG-20240829-WA0066.jpg",640,427,false],"1536x1536":["https:\/\/contextoanalisisperiodistico.com\/wp-content\/uploads\/2024\/08\/IMG-20240829-WA0066.jpg",900,600,false],"2048x2048":["https:\/\/contextoanalisisperiodistico.com\/wp-content\/uploads\/2024\/08\/IMG-20240829-WA0066.jpg",900,600,false],"covernews-slider-full":["https:\/\/contextoanalisisperiodistico.com\/wp-content\/uploads\/2024\/08\/IMG-20240829-WA0066.jpg",900,600,false],"covernews-slider-center":["https:\/\/contextoanalisisperiodistico.com\/wp-content\/uploads\/2024\/08\/IMG-20240829-WA0066-800x500.jpg",800,500,true],"covernews-featured":["https:\/\/contextoanalisisperiodistico.com\/wp-content\/uploads\/2024\/08\/IMG-20240829-WA0066.jpg",900,600,false],"covernews-medium":["https:\/\/contextoanalisisperiodistico.com\/wp-content\/uploads\/2024\/08\/IMG-20240829-WA0066-540x340.jpg",540,340,true],"covernews-medium-square":["https:\/\/contextoanalisisperiodistico.com\/wp-content\/uploads\/2024\/08\/IMG-20240829-WA0066-400x250.jpg",400,250,true]},"author_info":{"display_name":"Mario Gir\u00f3n","author_link":"https:\/\/contextoanalisisperiodistico.com\/index.php\/author\/director\/"},"category_info":"<a href=\"https:\/\/contextoanalisisperiodistico.com\/index.php\/category\/politica\/\" rel=\"category tag\">Pol\u00edtica<\/a>","tag_info":"Pol\u00edtica","comment_count":"0","jetpack_featured_media_url":"https:\/\/contextoanalisisperiodistico.com\/wp-content\/uploads\/2024\/08\/IMG-20240829-WA0066.jpg","_links":{"self":[{"href":"https:\/\/contextoanalisisperiodistico.com\/index.php\/wp-json\/wp\/v2\/posts\/30861"}],"collection":[{"href":"https:\/\/contextoanalisisperiodistico.com\/index.php\/wp-json\/wp\/v2\/posts"}],"about":[{"href":"https:\/\/contextoanalisisperiodistico.com\/index.php\/wp-json\/wp\/v2\/types\/post"}],"author":[{"embeddable":true,"href":"https:\/\/contextoanalisisperiodistico.com\/index.php\/wp-json\/wp\/v2\/users\/4"}],"replies":[{"embeddable":true,"href":"https:\/\/contextoanalisisperiodistico.com\/index.php\/wp-json\/wp\/v2\/comments?post=30861"}],"version-history":[{"count":2,"href":"https:\/\/contextoanalisisperiodistico.com\/index.php\/wp-json\/wp\/v2\/posts\/30861\/revisions"}],"predecessor-version":[{"id":30869,"href":"https:\/\/contextoanalisisperiodistico.com\/index.php\/wp-json\/wp\/v2\/posts\/30861\/revisions\/30869"}],"wp:featuredmedia":[{"embeddable":true,"href":"https:\/\/contextoanalisisperiodistico.com\/index.php\/wp-json\/wp\/v2\/media\/30862"}],"wp:attachment":[{"href":"https:\/\/contextoanalisisperiodistico.com\/index.php\/wp-json\/wp\/v2\/media?parent=30861"}],"wp:term":[{"taxonomy":"category","embeddable":true,"href":"https:\/\/contextoanalisisperiodistico.com\/index.php\/wp-json\/wp\/v2\/categories?post=30861"},{"taxonomy":"post_tag","embeddable":true,"href":"https:\/\/contextoanalisisperiodistico.com\/index.php\/wp-json\/wp\/v2\/tags?post=30861"}],"curies":[{"name":"wp","href":"https:\/\/api.w.org\/{rel}","templated":true}]}}