{"id":30855,"date":"2024-08-29T15:13:38","date_gmt":"2024-08-29T21:13:38","guid":{"rendered":"https:\/\/contextoanalisisperiodistico.com\/?p=30855"},"modified":"2024-08-29T15:14:54","modified_gmt":"2024-08-29T21:14:54","slug":"fin-a-28-anos-de-conflicto-agrario-acuerdan-santo-domingo-roayaga-y-san-ildefonso-villa-alta","status":"publish","type":"post","link":"https:\/\/contextoanalisisperiodistico.com\/index.php\/2024\/08\/29\/fin-a-28-anos-de-conflicto-agrario-acuerdan-santo-domingo-roayaga-y-san-ildefonso-villa-alta\/","title":{"rendered":"Fin a 28 a\u00f1os de conflicto agrario entre Santo Domingo Roayaga y San Ildefonso Villa Alta"},"content":{"rendered":"<div id=\"fb-root\"><\/div>\n\n<p><\/p>\n\n\n\n<p>Oaxaca de Ju\u00e1rez, Oax. 29 de agosto de 2024.- Con la firma un convenio definitivo de conciliaci\u00f3n, Santo Domingo Roayaga y San Ildefonso Villa Alta, municipios de la Sierra de Ju\u00e1rez, pusieron fin a 28 a\u00f1os de conflicto agrario, para restablecer las condiciones de paz entre sus habitantes, afirm\u00f3 el titular de la Secretar\u00eda de Gobierno (Sego), Jes\u00fas Romero L\u00f3pez.<\/p>\n\n\n\n<p>Detall\u00f3 que con este acuerdo, el n\u00famero 33 que ha promovido la Junta de Conciliaci\u00f3n Agraria durante la actual administraci\u00f3n, se beneficia a 5 mil 941 habitantes de la regi\u00f3n, dando fin a una disputa que se origin\u00f3 por una colindancia de m\u00e1s de 20 mil metros lineales.<\/p>\n\n\n\n<p>\u201cEn Santo Domingo Roayaga no se identific\u00f3 en campo la l\u00ednea de colindancia, lo que ocasion\u00f3 posesiones intercaladas de campesinos de ambos pueblos\u201d, expres\u00f3 el Secretario de Gobierno.<\/p>\n\n\n\n<p>De esta manera, resalt\u00f3 el cumplimiento de los lineamientos del Eje Paz Territorial del Programa de Paz con Justicia y Bienestar del Pueblo de Oaxaca, pero sobre todo la voluntad de las comunidades, las cuales fueron vitales para alcanzar el convenio definitivo de conciliaci\u00f3n.<\/p>\n\n\n\n<p>\u201cDespu\u00e9s de diversas reuniones, ambas partes solicitaron la intervenci\u00f3n de la Junta de Conciliaci\u00f3n Agraria a trav\u00e9s de su delegado Rodrigo Jarqu\u00edn Santos, para delimitar la l\u00ednea de colindancia; finalmente el pasado 27 de agosto de de este a\u00f1o se firm\u00f3 el convenio definitivo de conciliaci\u00f3n agraria en las oficinas del comisariado de Bienes Comunales de Santo Domingo Roayaga\u201d, inform\u00f3.<\/p>\n\n\n\n<p>En este marco, el titular de la Sego hizo el llamado a otras comunidades que mantienen alg\u00fan tipo de conflictividad para que se sumen al di\u00e1logo respetuoso, se acerquen a los Delegados de Paz Social y puedan seguir esta misma ruta de conciliaci\u00f3n para lograr la armon\u00eda territorial en beneficio de sus comunidades.<\/p>\n\n\n\n<p>-0-<\/p>\n\n\n\n<figure class=\"wp-block-image size-large\"><img fetchpriority=\"high\" decoding=\"async\" width=\"768\" height=\"1024\" src=\"https:\/\/contextoanalisisperiodistico.com\/wp-content\/uploads\/2024\/08\/img-20240829-wa00534937923218550884324-768x1024.jpg\" alt=\"\" class=\"wp-image-30856\" srcset=\"https:\/\/contextoanalisisperiodistico.com\/wp-content\/uploads\/2024\/08\/img-20240829-wa00534937923218550884324-768x1024.jpg 768w, https:\/\/contextoanalisisperiodistico.com\/wp-content\/uploads\/2024\/08\/img-20240829-wa00534937923218550884324-225x300.jpg 225w, https:\/\/contextoanalisisperiodistico.com\/wp-content\/uploads\/2024\/08\/img-20240829-wa00534937923218550884324.jpg 960w\" sizes=\"(max-width: 768px) 100vw, 768px\" \/><\/figure>\n\n\n\n<figure class=\"wp-block-image\"><img decoding=\"async\" width=\"768\" height=\"1024\" src=\"https:\/\/contextoanalisisperiodistico.com\/wp-content\/uploads\/2024\/08\/img-20240829-wa00551287363354622820697-768x1024.jpg\" alt=\"\" class=\"wp-image-30858\" srcset=\"https:\/\/contextoanalisisperiodistico.com\/wp-content\/uploads\/2024\/08\/img-20240829-wa00551287363354622820697-768x1024.jpg 768w, https:\/\/contextoanalisisperiodistico.com\/wp-content\/uploads\/2024\/08\/img-20240829-wa00551287363354622820697-225x300.jpg 225w, https:\/\/contextoanalisisperiodistico.com\/wp-content\/uploads\/2024\/08\/img-20240829-wa00551287363354622820697.jpg 960w\" sizes=\"(max-width: 768px) 100vw, 768px\" \/><\/figure>\n\n\n\n<figure class=\"wp-block-image\"><img decoding=\"async\" width=\"461\" height=\"1024\" src=\"https:\/\/contextoanalisisperiodistico.com\/wp-content\/uploads\/2024\/08\/img-20240829-wa00542076796504547087637-461x1024.jpg\" alt=\"\" class=\"wp-image-30857\" srcset=\"https:\/\/contextoanalisisperiodistico.com\/wp-content\/uploads\/2024\/08\/img-20240829-wa00542076796504547087637-461x1024.jpg 461w, https:\/\/contextoanalisisperiodistico.com\/wp-content\/uploads\/2024\/08\/img-20240829-wa00542076796504547087637-135x300.jpg 135w, https:\/\/contextoanalisisperiodistico.com\/wp-content\/uploads\/2024\/08\/img-20240829-wa00542076796504547087637-692x1536.jpg 692w, https:\/\/contextoanalisisperiodistico.com\/wp-content\/uploads\/2024\/08\/img-20240829-wa00542076796504547087637.jpg 721w\" sizes=\"(max-width: 461px) 100vw, 461px\" \/><\/figure>\n","protected":false},"excerpt":{"rendered":"<p>Oaxaca de Ju\u00e1rez, Oax. 29 de agosto de 2024.- Con la firma un convenio definitivo&#8230;<\/p>\n","protected":false},"author":4,"featured_media":30854,"comment_status":"closed","ping_status":"open","sticky":false,"template":"","format":"standard","meta":{"footnotes":""},"categories":[9],"tags":[],"jetpack_sharing_enabled":true,"featured_image_urls":{"full":["https:\/\/contextoanalisisperiodistico.com\/wp-content\/uploads\/2024\/08\/IMG-20240829-WA0052.jpg",1280,960,false],"thumbnail":["https:\/\/contextoanalisisperiodistico.com\/wp-content\/uploads\/2024\/08\/IMG-20240829-WA0052-150x150.jpg",150,150,true],"medium":["https:\/\/contextoanalisisperiodistico.com\/wp-content\/uploads\/2024\/08\/IMG-20240829-WA0052-300x225.jpg",300,225,true],"medium_large":["https:\/\/contextoanalisisperiodistico.com\/wp-content\/uploads\/2024\/08\/IMG-20240829-WA0052-768x576.jpg",640,480,true],"large":["https:\/\/contextoanalisisperiodistico.com\/wp-content\/uploads\/2024\/08\/IMG-20240829-WA0052-1024x768.jpg",640,480,true],"1536x1536":["https:\/\/contextoanalisisperiodistico.com\/wp-content\/uploads\/2024\/08\/IMG-20240829-WA0052.jpg",1280,960,false],"2048x2048":["https:\/\/contextoanalisisperiodistico.com\/wp-content\/uploads\/2024\/08\/IMG-20240829-WA0052.jpg",1280,960,false],"covernews-slider-full":["https:\/\/contextoanalisisperiodistico.com\/wp-content\/uploads\/2024\/08\/IMG-20240829-WA0052-1115x715.jpg",1115,715,true],"covernews-slider-center":["https:\/\/contextoanalisisperiodistico.com\/wp-content\/uploads\/2024\/08\/IMG-20240829-WA0052-800x500.jpg",800,500,true],"covernews-featured":["https:\/\/contextoanalisisperiodistico.com\/wp-content\/uploads\/2024\/08\/IMG-20240829-WA0052-1024x768.jpg",1024,768,true],"covernews-medium":["https:\/\/contextoanalisisperiodistico.com\/wp-content\/uploads\/2024\/08\/IMG-20240829-WA0052-540x340.jpg",540,340,true],"covernews-medium-square":["https:\/\/contextoanalisisperiodistico.com\/wp-content\/uploads\/2024\/08\/IMG-20240829-WA0052-400x250.jpg",400,250,true]},"author_info":{"display_name":"Mario Gir\u00f3n","author_link":"https:\/\/contextoanalisisperiodistico.com\/index.php\/author\/director\/"},"category_info":"<a href=\"https:\/\/contextoanalisisperiodistico.com\/index.php\/category\/politica\/\" rel=\"category tag\">Pol\u00edtica<\/a>","tag_info":"Pol\u00edtica","comment_count":"0","jetpack_featured_media_url":"https:\/\/contextoanalisisperiodistico.com\/wp-content\/uploads\/2024\/08\/IMG-20240829-WA0052.jpg","_links":{"self":[{"href":"https:\/\/contextoanalisisperiodistico.com\/index.php\/wp-json\/wp\/v2\/posts\/30855"}],"collection":[{"href":"https:\/\/contextoanalisisperiodistico.com\/index.php\/wp-json\/wp\/v2\/posts"}],"about":[{"href":"https:\/\/contextoanalisisperiodistico.com\/index.php\/wp-json\/wp\/v2\/types\/post"}],"author":[{"embeddable":true,"href":"https:\/\/contextoanalisisperiodistico.com\/index.php\/wp-json\/wp\/v2\/users\/4"}],"replies":[{"embeddable":true,"href":"https:\/\/contextoanalisisperiodistico.com\/index.php\/wp-json\/wp\/v2\/comments?post=30855"}],"version-history":[{"count":2,"href":"https:\/\/contextoanalisisperiodistico.com\/index.php\/wp-json\/wp\/v2\/posts\/30855\/revisions"}],"predecessor-version":[{"id":30860,"href":"https:\/\/contextoanalisisperiodistico.com\/index.php\/wp-json\/wp\/v2\/posts\/30855\/revisions\/30860"}],"wp:featuredmedia":[{"embeddable":true,"href":"https:\/\/contextoanalisisperiodistico.com\/index.php\/wp-json\/wp\/v2\/media\/30854"}],"wp:attachment":[{"href":"https:\/\/contextoanalisisperiodistico.com\/index.php\/wp-json\/wp\/v2\/media?parent=30855"}],"wp:term":[{"taxonomy":"category","embeddable":true,"href":"https:\/\/contextoanalisisperiodistico.com\/index.php\/wp-json\/wp\/v2\/categories?post=30855"},{"taxonomy":"post_tag","embeddable":true,"href":"https:\/\/contextoanalisisperiodistico.com\/index.php\/wp-json\/wp\/v2\/tags?post=30855"}],"curies":[{"name":"wp","href":"https:\/\/api.w.org\/{rel}","templated":true}]}}