{"id":30776,"date":"2024-08-27T21:03:38","date_gmt":"2024-08-28T03:03:38","guid":{"rendered":"https:\/\/contextoanalisisperiodistico.com\/index.php\/2024\/08\/27\/acerca-sso-servicios-preventivos-con-expo-salud-en-tu-comunidad\/"},"modified":"2024-08-27T21:03:38","modified_gmt":"2024-08-28T03:03:38","slug":"acerca-sso-servicios-preventivos-con-expo-salud-en-tu-comunidad","status":"publish","type":"post","link":"https:\/\/contextoanalisisperiodistico.com\/index.php\/2024\/08\/27\/acerca-sso-servicios-preventivos-con-expo-salud-en-tu-comunidad\/","title":{"rendered":"Acerca SSO servicios preventivos con Expo Salud en Tu Comunidad"},"content":{"rendered":"<div id=\"fb-root\"><\/div>\n\n<p>\u2022 M\u00e1s de 400 personas se beneficiaron con consultas generales, de odontolog\u00eda, en salud de la mujer, entre otros<br \/>San Juan Bautista Valle Nacional, Oax. 27 de agosto de 2024.- M\u00e1s de 400 personas de todas las edades de este municipio de la Cuenca del Papaloapan fueron beneficiadas con los servicios preventivos y atenci\u00f3n m\u00e9dica de manera gratuita, durante la Expo Salud en Tu Comunidad.<\/p>\n\n\n\n<figure class=\"wp-block-image size-large\"><img fetchpriority=\"high\" decoding=\"async\" width=\"1024\" height=\"768\" src=\"https:\/\/contextoanalisisperiodistico.com\/wp-content\/uploads\/2024\/08\/img-20240827-wa0139961866043021357605-1024x768.jpg\" alt=\"\" class=\"wp-image-30771\" srcset=\"https:\/\/contextoanalisisperiodistico.com\/wp-content\/uploads\/2024\/08\/img-20240827-wa0139961866043021357605-1024x768.jpg 1024w, https:\/\/contextoanalisisperiodistico.com\/wp-content\/uploads\/2024\/08\/img-20240827-wa0139961866043021357605-300x225.jpg 300w, https:\/\/contextoanalisisperiodistico.com\/wp-content\/uploads\/2024\/08\/img-20240827-wa0139961866043021357605-768x576.jpg 768w, https:\/\/contextoanalisisperiodistico.com\/wp-content\/uploads\/2024\/08\/img-20240827-wa0139961866043021357605.jpg 1280w\" sizes=\"(max-width: 1024px) 100vw, 1024px\" \/><\/figure>\n\n\n\n<figure class=\"wp-block-image\"><img decoding=\"async\" width=\"1024\" height=\"768\" src=\"https:\/\/contextoanalisisperiodistico.com\/wp-content\/uploads\/2024\/08\/img-20240827-wa01384916384971712062581-1024x768.jpg\" alt=\"\" class=\"wp-image-30773\" srcset=\"https:\/\/contextoanalisisperiodistico.com\/wp-content\/uploads\/2024\/08\/img-20240827-wa01384916384971712062581-1024x768.jpg 1024w, https:\/\/contextoanalisisperiodistico.com\/wp-content\/uploads\/2024\/08\/img-20240827-wa01384916384971712062581-300x225.jpg 300w, https:\/\/contextoanalisisperiodistico.com\/wp-content\/uploads\/2024\/08\/img-20240827-wa01384916384971712062581-768x576.jpg 768w, https:\/\/contextoanalisisperiodistico.com\/wp-content\/uploads\/2024\/08\/img-20240827-wa01384916384971712062581.jpg 1280w\" sizes=\"(max-width: 1024px) 100vw, 1024px\" \/><\/figure>\n\n\n\n<figure class=\"wp-block-image\"><img decoding=\"async\" width=\"1024\" height=\"768\" src=\"https:\/\/contextoanalisisperiodistico.com\/wp-content\/uploads\/2024\/08\/img-20240827-wa01375519753617463875737-1024x768.jpg\" alt=\"\" class=\"wp-image-30770\" srcset=\"https:\/\/contextoanalisisperiodistico.com\/wp-content\/uploads\/2024\/08\/img-20240827-wa01375519753617463875737-1024x768.jpg 1024w, https:\/\/contextoanalisisperiodistico.com\/wp-content\/uploads\/2024\/08\/img-20240827-wa01375519753617463875737-300x225.jpg 300w, https:\/\/contextoanalisisperiodistico.com\/wp-content\/uploads\/2024\/08\/img-20240827-wa01375519753617463875737-768x576.jpg 768w, https:\/\/contextoanalisisperiodistico.com\/wp-content\/uploads\/2024\/08\/img-20240827-wa01375519753617463875737.jpg 1280w\" sizes=\"(max-width: 1024px) 100vw, 1024px\" \/><\/figure>\n\n\n\n<figure class=\"wp-block-image\"><img loading=\"lazy\" decoding=\"async\" width=\"1024\" height=\"768\" src=\"https:\/\/contextoanalisisperiodistico.com\/wp-content\/uploads\/2024\/08\/img-20240827-wa01357063877484797466780-1024x768.jpg\" alt=\"\" class=\"wp-image-30774\" srcset=\"https:\/\/contextoanalisisperiodistico.com\/wp-content\/uploads\/2024\/08\/img-20240827-wa01357063877484797466780-1024x768.jpg 1024w, https:\/\/contextoanalisisperiodistico.com\/wp-content\/uploads\/2024\/08\/img-20240827-wa01357063877484797466780-300x225.jpg 300w, https:\/\/contextoanalisisperiodistico.com\/wp-content\/uploads\/2024\/08\/img-20240827-wa01357063877484797466780-768x576.jpg 768w, https:\/\/contextoanalisisperiodistico.com\/wp-content\/uploads\/2024\/08\/img-20240827-wa01357063877484797466780-1536x1152.jpg 1536w, https:\/\/contextoanalisisperiodistico.com\/wp-content\/uploads\/2024\/08\/img-20240827-wa01357063877484797466780.jpg 1600w\" sizes=\"(max-width: 1024px) 100vw, 1024px\" \/><\/figure>\n\n\n\n<figure class=\"wp-block-image\"><img loading=\"lazy\" decoding=\"async\" width=\"1024\" height=\"768\" src=\"https:\/\/contextoanalisisperiodistico.com\/wp-content\/uploads\/2024\/08\/img-20240827-wa01411367235841384103985-1024x768.jpg\" alt=\"\" class=\"wp-image-30772\" srcset=\"https:\/\/contextoanalisisperiodistico.com\/wp-content\/uploads\/2024\/08\/img-20240827-wa01411367235841384103985-1024x768.jpg 1024w, https:\/\/contextoanalisisperiodistico.com\/wp-content\/uploads\/2024\/08\/img-20240827-wa01411367235841384103985-300x225.jpg 300w, https:\/\/contextoanalisisperiodistico.com\/wp-content\/uploads\/2024\/08\/img-20240827-wa01411367235841384103985-768x576.jpg 768w, https:\/\/contextoanalisisperiodistico.com\/wp-content\/uploads\/2024\/08\/img-20240827-wa01411367235841384103985.jpg 1280w\" sizes=\"(max-width: 1024px) 100vw, 1024px\" \/><\/figure>\n\n\n\n<figure class=\"wp-block-image\"><img loading=\"lazy\" decoding=\"async\" width=\"1024\" height=\"739\" src=\"https:\/\/contextoanalisisperiodistico.com\/wp-content\/uploads\/2024\/08\/img-20240827-wa01368025628916125550541-1024x739.jpg\" alt=\"\" class=\"wp-image-30775\" srcset=\"https:\/\/contextoanalisisperiodistico.com\/wp-content\/uploads\/2024\/08\/img-20240827-wa01368025628916125550541-1024x739.jpg 1024w, https:\/\/contextoanalisisperiodistico.com\/wp-content\/uploads\/2024\/08\/img-20240827-wa01368025628916125550541-300x217.jpg 300w, https:\/\/contextoanalisisperiodistico.com\/wp-content\/uploads\/2024\/08\/img-20240827-wa01368025628916125550541-768x554.jpg 768w, https:\/\/contextoanalisisperiodistico.com\/wp-content\/uploads\/2024\/08\/img-20240827-wa01368025628916125550541.jpg 1280w\" sizes=\"(max-width: 1024px) 100vw, 1024px\" \/><\/figure>\n\n\n\n<p>Al inaugurar el evento, el jefe de la Jurisdicci\u00f3n Sanitaria 3 Tuxtepec de los Servicios de Salud de Oaxaca (SSO), Sergio Enrique Apolinar Rabanales, destac\u00f3 que esta estrategia busca generar espacios cercanos a las comunidades que permitan mejorar la calidad de vida de las personas y la detecci\u00f3n oportuna de enfermedades.<\/p>\n\n\n\n<p>En cada uno de los stands instalados, dijo, se cont\u00f3 con la participaci\u00f3n de expertos en salud que ofrecieron consultas generales, revisiones odontol\u00f3gicas, y se completaron esquemas de vacunaci\u00f3n a las personas que lo requirieron, a la vez de que entregaron Cartillas Nacionales de Salud a las y los interesados.<\/p>\n\n\n\n<p>Se realizaron tomas de gota gruesa para la detecci\u00f3n de paludismo, se aplic\u00f3 pruebas r\u00e1pidas de Virus de Inmunodeficiencia Humana (VIH), s\u00edfilis y hepatitis C.<\/p>\n\n\n\n<p>Tambi\u00e9n se brind\u00f3 informaci\u00f3n para la prevenci\u00f3n de enfermedades cr\u00f3nicas, sobre el cuidado de la salud mental y la importancia de la buena alimentaci\u00f3n; para el bienestar de la mujer, se ofertaron acciones de salud reproductiva, se colocaron implantes subd\u00e9rmicos y se instal\u00f3 una unidad m\u00f3vil de mastograf\u00edas.<\/p>\n\n\n\n<p>Con la participaci\u00f3n del programa de vectores, se difundieron acciones preventivas contra la chinche besucona que causa la enfermedad de Chagas, y tambi\u00e9n para evitar la reproducci\u00f3n de zancudos siguiendo en casa la estrategia lava, tapa, voltea y tira, y con ello proteger a las familias de padecimientos como el dengue y paludismo.<\/p>\n\n\n\n<p>Finalmente, para contribuir al control de la poblaci\u00f3n canina y felina, se realizaron esterilizaci\u00f3n a los animales de compa\u00f1\u00eda, y para evitar riesgos sanitarios, se emitieron recomendaciones para el cuidado del agua y se dot\u00f3 de plata coloidal.<\/p>\n\n\n\n<p>-0-<\/p>\n","protected":false},"excerpt":{"rendered":"<p>\u2022 M\u00e1s de 400 personas se beneficiaron con consultas generales, de odontolog\u00eda, en salud de&#8230;<\/p>\n","protected":false},"author":4,"featured_media":30769,"comment_status":"","ping_status":"open","sticky":false,"template":"","format":"standard","meta":{"footnotes":""},"categories":[9],"tags":[],"jetpack_sharing_enabled":true,"featured_image_urls":{"full":["https:\/\/contextoanalisisperiodistico.com\/wp-content\/uploads\/2024\/08\/IMG-20240827-WA0140.jpg",1200,1600,false],"thumbnail":["https:\/\/contextoanalisisperiodistico.com\/wp-content\/uploads\/2024\/08\/IMG-20240827-WA0140-150x150.jpg",150,150,true],"medium":["https:\/\/contextoanalisisperiodistico.com\/wp-content\/uploads\/2024\/08\/IMG-20240827-WA0140-225x300.jpg",225,300,true],"medium_large":["https:\/\/contextoanalisisperiodistico.com\/wp-content\/uploads\/2024\/08\/IMG-20240827-WA0140-768x1024.jpg",640,853,true],"large":["https:\/\/contextoanalisisperiodistico.com\/wp-content\/uploads\/2024\/08\/IMG-20240827-WA0140-768x1024.jpg",640,853,true],"1536x1536":["https:\/\/contextoanalisisperiodistico.com\/wp-content\/uploads\/2024\/08\/IMG-20240827-WA0140-1152x1536.jpg",1152,1536,true],"2048x2048":["https:\/\/contextoanalisisperiodistico.com\/wp-content\/uploads\/2024\/08\/IMG-20240827-WA0140.jpg",1200,1600,false],"covernews-slider-full":["https:\/\/contextoanalisisperiodistico.com\/wp-content\/uploads\/2024\/08\/IMG-20240827-WA0140-1115x715.jpg",1115,715,true],"covernews-slider-center":["https:\/\/contextoanalisisperiodistico.com\/wp-content\/uploads\/2024\/08\/IMG-20240827-WA0140-800x500.jpg",800,500,true],"covernews-featured":["https:\/\/contextoanalisisperiodistico.com\/wp-content\/uploads\/2024\/08\/IMG-20240827-WA0140-1024x1365.jpg",1024,1365,true],"covernews-medium":["https:\/\/contextoanalisisperiodistico.com\/wp-content\/uploads\/2024\/08\/IMG-20240827-WA0140-540x340.jpg",540,340,true],"covernews-medium-square":["https:\/\/contextoanalisisperiodistico.com\/wp-content\/uploads\/2024\/08\/IMG-20240827-WA0140-400x250.jpg",400,250,true]},"author_info":{"display_name":"Mario Gir\u00f3n","author_link":"https:\/\/contextoanalisisperiodistico.com\/index.php\/author\/director\/"},"category_info":"<a href=\"https:\/\/contextoanalisisperiodistico.com\/index.php\/category\/politica\/\" rel=\"category tag\">Pol\u00edtica<\/a>","tag_info":"Pol\u00edtica","comment_count":"0","jetpack_featured_media_url":"https:\/\/contextoanalisisperiodistico.com\/wp-content\/uploads\/2024\/08\/IMG-20240827-WA0140.jpg","_links":{"self":[{"href":"https:\/\/contextoanalisisperiodistico.com\/index.php\/wp-json\/wp\/v2\/posts\/30776"}],"collection":[{"href":"https:\/\/contextoanalisisperiodistico.com\/index.php\/wp-json\/wp\/v2\/posts"}],"about":[{"href":"https:\/\/contextoanalisisperiodistico.com\/index.php\/wp-json\/wp\/v2\/types\/post"}],"author":[{"embeddable":true,"href":"https:\/\/contextoanalisisperiodistico.com\/index.php\/wp-json\/wp\/v2\/users\/4"}],"replies":[{"embeddable":true,"href":"https:\/\/contextoanalisisperiodistico.com\/index.php\/wp-json\/wp\/v2\/comments?post=30776"}],"version-history":[{"count":0,"href":"https:\/\/contextoanalisisperiodistico.com\/index.php\/wp-json\/wp\/v2\/posts\/30776\/revisions"}],"wp:featuredmedia":[{"embeddable":true,"href":"https:\/\/contextoanalisisperiodistico.com\/index.php\/wp-json\/wp\/v2\/media\/30769"}],"wp:attachment":[{"href":"https:\/\/contextoanalisisperiodistico.com\/index.php\/wp-json\/wp\/v2\/media?parent=30776"}],"wp:term":[{"taxonomy":"category","embeddable":true,"href":"https:\/\/contextoanalisisperiodistico.com\/index.php\/wp-json\/wp\/v2\/categories?post=30776"},{"taxonomy":"post_tag","embeddable":true,"href":"https:\/\/contextoanalisisperiodistico.com\/index.php\/wp-json\/wp\/v2\/tags?post=30776"}],"curies":[{"name":"wp","href":"https:\/\/api.w.org\/{rel}","templated":true}]}}