{"id":30760,"date":"2024-08-27T18:32:53","date_gmt":"2024-08-28T00:32:53","guid":{"rendered":"https:\/\/contextoanalisisperiodistico.com\/index.php\/2024\/08\/27\/gobierno-de-oaxaca-pone-en-marcha-internet-para-todos-que-beneficiara-a-mas-102-mil-habitantes\/"},"modified":"2024-08-27T18:32:53","modified_gmt":"2024-08-28T00:32:53","slug":"gobierno-de-oaxaca-pone-en-marcha-internet-para-todos-que-beneficiara-a-mas-102-mil-habitantes","status":"publish","type":"post","link":"https:\/\/contextoanalisisperiodistico.com\/index.php\/2024\/08\/27\/gobierno-de-oaxaca-pone-en-marcha-internet-para-todos-que-beneficiara-a-mas-102-mil-habitantes\/","title":{"rendered":"Gobierno de Oaxaca pone en marcha Internet para todos, que beneficiar\u00e1 a m\u00e1s 102 mil habitantes"},"content":{"rendered":"<div id=\"fb-root\"><\/div>\n\n<p>\u2022 En una primera etapa se instalar\u00e1n 296 puntos de conexi\u00f3n digital de acceso gratuito en las comunidades de la entidad<br \/>Oaxaca de Ju\u00e1rez, Oax. 27 de agosto de 2024.- Con una inversi\u00f3n de 18.8 millones de pesos, el Gobernador Salom\u00f3n Jara Cruz anunci\u00f3 el inicio del Programa Internet Todos, el cual beneficiar\u00e1 a m\u00e1s 102 mil personas habitantes de las ocho regiones con mayor conectividad, para fomentar el desarrollo tecnol\u00f3gico y el acceso a la informaci\u00f3n.<\/p>\n\n\n\n<p>El titular del Poder Ejecutivo resalt\u00f3 que esta iniciativa deriva del convenio establecido con la Comisi\u00f3n Federal de Electricidad (CFE), que permitir\u00e1 en una primera etapa instalar 296 puntos de conexi\u00f3n satelital web de acceso gratuito, especialmente en las comunidades rurales de la entidad.<\/p>\n\n\n\n<p>Al realizar la entrega simb\u00f3lica de tres equipos de internet destinadas a planteles educativos de nivel medio superior, Jara Cruz se\u00f1al\u00f3 que con ello se beneficiar\u00e1n principalmente a las las juventudes y alumnado, pues el acceso a la web es una necesidad fundamental para su desarrollo en el \u00e1mbito social, educativo e informativo.<\/p>\n\n\n\n<p>\u201cEste logro nos va a permitir estrechar nuestros lazos como oaxaque\u00f1os y reducir la brecha digital, porque mayor conectividad se traduce en m\u00e1s y mejor educaci\u00f3n, en m\u00e1s y mejor informaci\u00f3n para formar a la ciudadan\u00eda y fortalecer la cohesi\u00f3n social\u201d, afirm\u00f3.<\/p>\n\n\n\n<p>Durante este acto realizado en Palacio de Gobierno, el Mandatario Estatal indic\u00f3 que este es un gran paso en el proceso de digitalizaci\u00f3n y conectividad, para brindar internet gratuito a las escuelas de nivel medio superior y superior de la entidad, y en un futuro proporcionar este servicio a estudiantes de primaria como parte de la pol\u00edtica educativa encaminada a un Nuevo Pacto Social.<\/p>\n\n\n\n<p>Tambi\u00e9n se buscar\u00e1 beneficiar a los servicios de salud, asimismo se ampliar\u00e1 la capacidad operativa de casas de cultura y municipios.<\/p>\n\n\n\n<p>Por su parte, la titular de la Secretar\u00eda de Educaci\u00f3n P\u00fablica (SEP) en Oaxaca, Delfina Guzm\u00e1n Diaz mencion\u00f3 que esta vital herramienta atender\u00e1 a 200 mil estudiantes de 250 escuelas, especialmente en localidades rurales.<\/p>\n\n\n\n<p>Asimismo, el director de Tecnolog\u00edas e Innovaci\u00f3n Digital, Mois\u00e9s Ju\u00e1rez, expres\u00f3 que los equipos de internet se instalar\u00e1n en planteles del Colegio de Bachilleres del Estado de Oaxaca (Cobao), el Colegio de Estudios Cient\u00edficos y Tecnol\u00f3gicos de Estado de Oaxaca (CECyTEO), el Consejo Nacional de Fomento Educativo (Conafe), el Instituto Estatal de Educaci\u00f3n P\u00fablica de Oaxaca (IEEPO), y al Instituto Mexicano del Seguro Social (IMSS) Bienestar.<\/p>\n\n\n\n<p>De esta manera, el Gobierno de la Primavera Oaxaque\u00f1a impulsa el acceso y desarrollo de la informaci\u00f3n, comunicaci\u00f3n, econom\u00eda y comercio de las familias, as\u00ed como la difusi\u00f3n y conservaci\u00f3n de la riqueza cultural y ambiental del estado.<\/p>\n\n\n\n<p>-0-<br \/>.<\/p>\n\n\n\n<figure class=\"wp-block-image size-large\"><img fetchpriority=\"high\" decoding=\"async\" width=\"1024\" height=\"683\" src=\"https:\/\/contextoanalisisperiodistico.com\/wp-content\/uploads\/2024\/08\/img-20240827-wa01105567954197858543466-1024x683.jpg\" alt=\"\" class=\"wp-image-30757\" srcset=\"https:\/\/contextoanalisisperiodistico.com\/wp-content\/uploads\/2024\/08\/img-20240827-wa01105567954197858543466-1024x683.jpg 1024w, https:\/\/contextoanalisisperiodistico.com\/wp-content\/uploads\/2024\/08\/img-20240827-wa01105567954197858543466-300x200.jpg 300w, https:\/\/contextoanalisisperiodistico.com\/wp-content\/uploads\/2024\/08\/img-20240827-wa01105567954197858543466-768x512.jpg 768w, https:\/\/contextoanalisisperiodistico.com\/wp-content\/uploads\/2024\/08\/img-20240827-wa01105567954197858543466.jpg 1200w\" sizes=\"(max-width: 1024px) 100vw, 1024px\" \/><\/figure>\n\n\n\n<figure class=\"wp-block-image\"><img decoding=\"async\" width=\"1024\" height=\"683\" src=\"https:\/\/contextoanalisisperiodistico.com\/wp-content\/uploads\/2024\/08\/img-20240827-wa0109331750892510255722-1024x683.jpg\" alt=\"\" class=\"wp-image-30759\" srcset=\"https:\/\/contextoanalisisperiodistico.com\/wp-content\/uploads\/2024\/08\/img-20240827-wa0109331750892510255722-1024x683.jpg 1024w, https:\/\/contextoanalisisperiodistico.com\/wp-content\/uploads\/2024\/08\/img-20240827-wa0109331750892510255722-300x200.jpg 300w, https:\/\/contextoanalisisperiodistico.com\/wp-content\/uploads\/2024\/08\/img-20240827-wa0109331750892510255722-768x512.jpg 768w, https:\/\/contextoanalisisperiodistico.com\/wp-content\/uploads\/2024\/08\/img-20240827-wa0109331750892510255722.jpg 1200w\" sizes=\"(max-width: 1024px) 100vw, 1024px\" \/><\/figure>\n\n\n\n<figure class=\"wp-block-image\"><img decoding=\"async\" width=\"1024\" height=\"683\" src=\"https:\/\/contextoanalisisperiodistico.com\/wp-content\/uploads\/2024\/08\/img-20240827-wa01112280081771751499044-1024x683.jpg\" alt=\"\" class=\"wp-image-30758\" srcset=\"https:\/\/contextoanalisisperiodistico.com\/wp-content\/uploads\/2024\/08\/img-20240827-wa01112280081771751499044-1024x683.jpg 1024w, https:\/\/contextoanalisisperiodistico.com\/wp-content\/uploads\/2024\/08\/img-20240827-wa01112280081771751499044-300x200.jpg 300w, https:\/\/contextoanalisisperiodistico.com\/wp-content\/uploads\/2024\/08\/img-20240827-wa01112280081771751499044-768x512.jpg 768w, https:\/\/contextoanalisisperiodistico.com\/wp-content\/uploads\/2024\/08\/img-20240827-wa01112280081771751499044.jpg 1200w\" sizes=\"(max-width: 1024px) 100vw, 1024px\" \/><\/figure>\n\n\n\n<figure class=\"wp-block-image\"><img loading=\"lazy\" decoding=\"async\" width=\"1024\" height=\"683\" src=\"https:\/\/contextoanalisisperiodistico.com\/wp-content\/uploads\/2024\/08\/img-20240827-wa0108677962523168306421-1024x683.jpg\" alt=\"\" class=\"wp-image-30756\" srcset=\"https:\/\/contextoanalisisperiodistico.com\/wp-content\/uploads\/2024\/08\/img-20240827-wa0108677962523168306421-1024x683.jpg 1024w, https:\/\/contextoanalisisperiodistico.com\/wp-content\/uploads\/2024\/08\/img-20240827-wa0108677962523168306421-300x200.jpg 300w, https:\/\/contextoanalisisperiodistico.com\/wp-content\/uploads\/2024\/08\/img-20240827-wa0108677962523168306421-768x512.jpg 768w, https:\/\/contextoanalisisperiodistico.com\/wp-content\/uploads\/2024\/08\/img-20240827-wa0108677962523168306421.jpg 1200w\" sizes=\"(max-width: 1024px) 100vw, 1024px\" \/><\/figure>\n","protected":false},"excerpt":{"rendered":"<p>\u2022 En una primera etapa se instalar\u00e1n 296 puntos de conexi\u00f3n digital de acceso gratuito&#8230;<\/p>\n","protected":false},"author":4,"featured_media":30755,"comment_status":"","ping_status":"open","sticky":false,"template":"","format":"standard","meta":{"footnotes":""},"categories":[9],"tags":[],"jetpack_sharing_enabled":true,"featured_image_urls":{"full":["https:\/\/contextoanalisisperiodistico.com\/wp-content\/uploads\/2024\/08\/IMG-20240827-WA0107.jpg",1200,800,false],"thumbnail":["https:\/\/contextoanalisisperiodistico.com\/wp-content\/uploads\/2024\/08\/IMG-20240827-WA0107-150x150.jpg",150,150,true],"medium":["https:\/\/contextoanalisisperiodistico.com\/wp-content\/uploads\/2024\/08\/IMG-20240827-WA0107-300x200.jpg",300,200,true],"medium_large":["https:\/\/contextoanalisisperiodistico.com\/wp-content\/uploads\/2024\/08\/IMG-20240827-WA0107-768x512.jpg",640,427,true],"large":["https:\/\/contextoanalisisperiodistico.com\/wp-content\/uploads\/2024\/08\/IMG-20240827-WA0107-1024x683.jpg",640,427,true],"1536x1536":["https:\/\/contextoanalisisperiodistico.com\/wp-content\/uploads\/2024\/08\/IMG-20240827-WA0107.jpg",1200,800,false],"2048x2048":["https:\/\/contextoanalisisperiodistico.com\/wp-content\/uploads\/2024\/08\/IMG-20240827-WA0107.jpg",1200,800,false],"covernews-slider-full":["https:\/\/contextoanalisisperiodistico.com\/wp-content\/uploads\/2024\/08\/IMG-20240827-WA0107-1115x715.jpg",1115,715,true],"covernews-slider-center":["https:\/\/contextoanalisisperiodistico.com\/wp-content\/uploads\/2024\/08\/IMG-20240827-WA0107-800x500.jpg",800,500,true],"covernews-featured":["https:\/\/contextoanalisisperiodistico.com\/wp-content\/uploads\/2024\/08\/IMG-20240827-WA0107-1024x683.jpg",1024,683,true],"covernews-medium":["https:\/\/contextoanalisisperiodistico.com\/wp-content\/uploads\/2024\/08\/IMG-20240827-WA0107-540x340.jpg",540,340,true],"covernews-medium-square":["https:\/\/contextoanalisisperiodistico.com\/wp-content\/uploads\/2024\/08\/IMG-20240827-WA0107-400x250.jpg",400,250,true]},"author_info":{"display_name":"Mario Gir\u00f3n","author_link":"https:\/\/contextoanalisisperiodistico.com\/index.php\/author\/director\/"},"category_info":"<a href=\"https:\/\/contextoanalisisperiodistico.com\/index.php\/category\/politica\/\" rel=\"category tag\">Pol\u00edtica<\/a>","tag_info":"Pol\u00edtica","comment_count":"0","jetpack_featured_media_url":"https:\/\/contextoanalisisperiodistico.com\/wp-content\/uploads\/2024\/08\/IMG-20240827-WA0107.jpg","_links":{"self":[{"href":"https:\/\/contextoanalisisperiodistico.com\/index.php\/wp-json\/wp\/v2\/posts\/30760"}],"collection":[{"href":"https:\/\/contextoanalisisperiodistico.com\/index.php\/wp-json\/wp\/v2\/posts"}],"about":[{"href":"https:\/\/contextoanalisisperiodistico.com\/index.php\/wp-json\/wp\/v2\/types\/post"}],"author":[{"embeddable":true,"href":"https:\/\/contextoanalisisperiodistico.com\/index.php\/wp-json\/wp\/v2\/users\/4"}],"replies":[{"embeddable":true,"href":"https:\/\/contextoanalisisperiodistico.com\/index.php\/wp-json\/wp\/v2\/comments?post=30760"}],"version-history":[{"count":0,"href":"https:\/\/contextoanalisisperiodistico.com\/index.php\/wp-json\/wp\/v2\/posts\/30760\/revisions"}],"wp:featuredmedia":[{"embeddable":true,"href":"https:\/\/contextoanalisisperiodistico.com\/index.php\/wp-json\/wp\/v2\/media\/30755"}],"wp:attachment":[{"href":"https:\/\/contextoanalisisperiodistico.com\/index.php\/wp-json\/wp\/v2\/media?parent=30760"}],"wp:term":[{"taxonomy":"category","embeddable":true,"href":"https:\/\/contextoanalisisperiodistico.com\/index.php\/wp-json\/wp\/v2\/categories?post=30760"},{"taxonomy":"post_tag","embeddable":true,"href":"https:\/\/contextoanalisisperiodistico.com\/index.php\/wp-json\/wp\/v2\/tags?post=30760"}],"curies":[{"name":"wp","href":"https:\/\/api.w.org\/{rel}","templated":true}]}}