{"id":30752,"date":"2024-08-27T10:48:36","date_gmt":"2024-08-27T16:48:36","guid":{"rendered":"https:\/\/contextoanalisisperiodistico.com\/index.php\/2024\/08\/27\/acerca-gobierno-de-oaxaca-transporte-a-personas-usuarias-del-hospital-de-la-mujer-y-el-nino-oaxaqueno\/"},"modified":"2024-08-27T10:48:36","modified_gmt":"2024-08-27T16:48:36","slug":"acerca-gobierno-de-oaxaca-transporte-a-personas-usuarias-del-hospital-de-la-mujer-y-el-nino-oaxaqueno","status":"publish","type":"post","link":"https:\/\/contextoanalisisperiodistico.com\/index.php\/2024\/08\/27\/acerca-gobierno-de-oaxaca-transporte-a-personas-usuarias-del-hospital-de-la-mujer-y-el-nino-oaxaqueno\/","title":{"rendered":"Acerca Gobierno de Oaxaca transporte a personas usuarias del Hospital de la Mujer y el Ni\u00f1o Oaxaque\u00f1o"},"content":{"rendered":"<div id=\"fb-root\"><\/div>\n\n<p>Oaxaca de Ju\u00e1rez, Oax., 27 de agosto de 2024.- El Gobernador de Oaxaca Salom\u00f3n Jara Cruz puso en marcha la nueva ruta Walmart-Hospital General de la Mujer y el Ni\u00f1o Oaxaque\u00f1o del Sistema de Transporte Colectivo Metropolitano Citybus, la cual beneficiar\u00e1 a aproximadamente 50 mil personas.<\/p>\n\n\n\n<figure class=\"wp-block-image size-large\"><img fetchpriority=\"high\" decoding=\"async\" width=\"1024\" height=\"682\" src=\"https:\/\/contextoanalisisperiodistico.com\/wp-content\/uploads\/2024\/08\/img-20240827-wa00234361060271660327276-1024x682.jpg\" alt=\"\" class=\"wp-image-30748\" srcset=\"https:\/\/contextoanalisisperiodistico.com\/wp-content\/uploads\/2024\/08\/img-20240827-wa00234361060271660327276-1024x682.jpg 1024w, https:\/\/contextoanalisisperiodistico.com\/wp-content\/uploads\/2024\/08\/img-20240827-wa00234361060271660327276-300x200.jpg 300w, https:\/\/contextoanalisisperiodistico.com\/wp-content\/uploads\/2024\/08\/img-20240827-wa00234361060271660327276-768x512.jpg 768w, https:\/\/contextoanalisisperiodistico.com\/wp-content\/uploads\/2024\/08\/img-20240827-wa00234361060271660327276-1536x1023.jpg 1536w, https:\/\/contextoanalisisperiodistico.com\/wp-content\/uploads\/2024\/08\/img-20240827-wa00234361060271660327276.jpg 1600w\" sizes=\"(max-width: 1024px) 100vw, 1024px\" \/><\/figure>\n\n\n\n<figure class=\"wp-block-image\"><img decoding=\"async\" width=\"1024\" height=\"682\" src=\"https:\/\/contextoanalisisperiodistico.com\/wp-content\/uploads\/2024\/08\/img-20240827-wa00257047450826460609442-1024x682.jpg\" alt=\"\" class=\"wp-image-30750\" srcset=\"https:\/\/contextoanalisisperiodistico.com\/wp-content\/uploads\/2024\/08\/img-20240827-wa00257047450826460609442-1024x682.jpg 1024w, https:\/\/contextoanalisisperiodistico.com\/wp-content\/uploads\/2024\/08\/img-20240827-wa00257047450826460609442-300x200.jpg 300w, https:\/\/contextoanalisisperiodistico.com\/wp-content\/uploads\/2024\/08\/img-20240827-wa00257047450826460609442-768x512.jpg 768w, https:\/\/contextoanalisisperiodistico.com\/wp-content\/uploads\/2024\/08\/img-20240827-wa00257047450826460609442-1536x1023.jpg 1536w, https:\/\/contextoanalisisperiodistico.com\/wp-content\/uploads\/2024\/08\/img-20240827-wa00257047450826460609442.jpg 1600w\" sizes=\"(max-width: 1024px) 100vw, 1024px\" \/><\/figure>\n\n\n\n<figure class=\"wp-block-image\"><img decoding=\"async\" width=\"1024\" height=\"682\" src=\"https:\/\/contextoanalisisperiodistico.com\/wp-content\/uploads\/2024\/08\/img-20240827-wa00242937177108187122784-1024x682.jpg\" alt=\"\" class=\"wp-image-30751\" srcset=\"https:\/\/contextoanalisisperiodistico.com\/wp-content\/uploads\/2024\/08\/img-20240827-wa00242937177108187122784-1024x682.jpg 1024w, https:\/\/contextoanalisisperiodistico.com\/wp-content\/uploads\/2024\/08\/img-20240827-wa00242937177108187122784-300x200.jpg 300w, https:\/\/contextoanalisisperiodistico.com\/wp-content\/uploads\/2024\/08\/img-20240827-wa00242937177108187122784-768x512.jpg 768w, https:\/\/contextoanalisisperiodistico.com\/wp-content\/uploads\/2024\/08\/img-20240827-wa00242937177108187122784-1536x1023.jpg 1536w, https:\/\/contextoanalisisperiodistico.com\/wp-content\/uploads\/2024\/08\/img-20240827-wa00242937177108187122784.jpg 1600w\" sizes=\"(max-width: 1024px) 100vw, 1024px\" \/><\/figure>\n\n\n\n<figure class=\"wp-block-image\"><img loading=\"lazy\" decoding=\"async\" width=\"1024\" height=\"682\" src=\"https:\/\/contextoanalisisperiodistico.com\/wp-content\/uploads\/2024\/08\/img-20240827-wa00223686977446013437670-1024x682.jpg\" alt=\"\" class=\"wp-image-30749\" srcset=\"https:\/\/contextoanalisisperiodistico.com\/wp-content\/uploads\/2024\/08\/img-20240827-wa00223686977446013437670-1024x682.jpg 1024w, https:\/\/contextoanalisisperiodistico.com\/wp-content\/uploads\/2024\/08\/img-20240827-wa00223686977446013437670-300x200.jpg 300w, https:\/\/contextoanalisisperiodistico.com\/wp-content\/uploads\/2024\/08\/img-20240827-wa00223686977446013437670-768x512.jpg 768w, https:\/\/contextoanalisisperiodistico.com\/wp-content\/uploads\/2024\/08\/img-20240827-wa00223686977446013437670-1536x1023.jpg 1536w, https:\/\/contextoanalisisperiodistico.com\/wp-content\/uploads\/2024\/08\/img-20240827-wa00223686977446013437670.jpg 1600w\" sizes=\"(max-width: 1024px) 100vw, 1024px\" \/><\/figure>\n\n\n\n<figure class=\"wp-block-image\"><img loading=\"lazy\" decoding=\"async\" width=\"300\" height=\"199\" src=\"https:\/\/contextoanalisisperiodistico.com\/wp-content\/uploads\/2024\/08\/img-20240827-wa00267482159962855115215-300x199.jpg\" alt=\"\" class=\"wp-image-30747\" srcset=\"https:\/\/contextoanalisisperiodistico.com\/wp-content\/uploads\/2024\/08\/img-20240827-wa00267482159962855115215-300x199.jpg 300w, https:\/\/contextoanalisisperiodistico.com\/wp-content\/uploads\/2024\/08\/img-20240827-wa00267482159962855115215-768x509.jpg 768w, https:\/\/contextoanalisisperiodistico.com\/wp-content\/uploads\/2024\/08\/img-20240827-wa00267482159962855115215.jpg 968w\" sizes=\"(max-width: 300px) 100vw, 300px\" \/><\/figure>\n\n\n\n<p>En representaci\u00f3n del Gobierno del Estado, la secretaria de Movilidad, Claudina de Gyves Mendoza afirm\u00f3 que el nuevo servicio garantiza y facilita la movilidad a personas usuarias. Dicho circuito, tambi\u00e9n acerca el acceso de la ciudadan\u00eda a bienes esenciales como lo son los servicios de salud.<\/p>\n\n\n\n<p>A partir de este d\u00eda, la ruta RC04 del Citybus saldr\u00e1 del punto Walmart de S\u00edmbolos Patrios con destino al Hospital de la Mujer y El Ni\u00f1o Oaxaque\u00f1o. Adem\u00e1s, conectar\u00e1 puntos estrat\u00e9gicos como el crucero del aeropuerto, el parque del Tequio, el cuartel de la Polic\u00eda Estatal, el Mercado de Artesan\u00edas de Barro Negro, el complejo de Ciudad Judicial entre otros puntos.<\/p>\n\n\n\n<p>El trayecto de las tres unidades que conforman este servicio, abarcar\u00e1 los municipios de San Antonio de la Cal, San Agust\u00edn de las Juntas, \u00c1nimas Trujano, Santa Mar\u00eda Coyotepec, Villa de Zaachila y San Bartolo Coyotepec, recorriendo un total de 31.5 kil\u00f3metros.<\/p>\n\n\n\n<p>El transporte har\u00e1 un total de 69 paradas autorizadas en un horario diurno de 6:30 a 22:00 horas, de lunes a domingo. Cada operador fue capacitado previamente en materia de seguridad vial, inclusi\u00f3n y calidez humana.<\/p>\n\n\n\n<p>Respecto a la tarifa autorizada, ser\u00e1 de 8.00 pesos general, 4.00 pesos para estudiantado y adultos mayores, y 0.00 pesos para las personas con alguna discapacidad. Adem\u00e1s, las unidades cuentan con c\u00e1maras de seguridad, rampa para personas con discapacidad y GPS para conocer el tiempo real de la ubicaci\u00f3n de la misma.<\/p>\n\n\n\n<p>-0-<\/p>\n","protected":false},"excerpt":{"rendered":"<p>Oaxaca de Ju\u00e1rez, Oax., 27 de agosto de 2024.- El Gobernador de Oaxaca Salom\u00f3n Jara&#8230;<\/p>\n","protected":false},"author":4,"featured_media":30746,"comment_status":"","ping_status":"open","sticky":false,"template":"","format":"standard","meta":{"footnotes":""},"categories":[9],"tags":[],"jetpack_sharing_enabled":true,"featured_image_urls":{"full":["https:\/\/contextoanalisisperiodistico.com\/wp-content\/uploads\/2024\/08\/IMG-20240827-WA0021.jpg",1600,1066,false],"thumbnail":["https:\/\/contextoanalisisperiodistico.com\/wp-content\/uploads\/2024\/08\/IMG-20240827-WA0021-150x150.jpg",150,150,true],"medium":["https:\/\/contextoanalisisperiodistico.com\/wp-content\/uploads\/2024\/08\/IMG-20240827-WA0021-300x200.jpg",300,200,true],"medium_large":["https:\/\/contextoanalisisperiodistico.com\/wp-content\/uploads\/2024\/08\/IMG-20240827-WA0021-768x512.jpg",640,427,true],"large":["https:\/\/contextoanalisisperiodistico.com\/wp-content\/uploads\/2024\/08\/IMG-20240827-WA0021-1024x682.jpg",640,426,true],"1536x1536":["https:\/\/contextoanalisisperiodistico.com\/wp-content\/uploads\/2024\/08\/IMG-20240827-WA0021-1536x1023.jpg",1536,1023,true],"2048x2048":["https:\/\/contextoanalisisperiodistico.com\/wp-content\/uploads\/2024\/08\/IMG-20240827-WA0021.jpg",1600,1066,false],"covernews-slider-full":["https:\/\/contextoanalisisperiodistico.com\/wp-content\/uploads\/2024\/08\/IMG-20240827-WA0021-1115x715.jpg",1115,715,true],"covernews-slider-center":["https:\/\/contextoanalisisperiodistico.com\/wp-content\/uploads\/2024\/08\/IMG-20240827-WA0021-800x500.jpg",800,500,true],"covernews-featured":["https:\/\/contextoanalisisperiodistico.com\/wp-content\/uploads\/2024\/08\/IMG-20240827-WA0021-1024x682.jpg",1024,682,true],"covernews-medium":["https:\/\/contextoanalisisperiodistico.com\/wp-content\/uploads\/2024\/08\/IMG-20240827-WA0021-540x340.jpg",540,340,true],"covernews-medium-square":["https:\/\/contextoanalisisperiodistico.com\/wp-content\/uploads\/2024\/08\/IMG-20240827-WA0021-400x250.jpg",400,250,true]},"author_info":{"display_name":"Mario Gir\u00f3n","author_link":"https:\/\/contextoanalisisperiodistico.com\/index.php\/author\/director\/"},"category_info":"<a href=\"https:\/\/contextoanalisisperiodistico.com\/index.php\/category\/politica\/\" rel=\"category tag\">Pol\u00edtica<\/a>","tag_info":"Pol\u00edtica","comment_count":"0","jetpack_featured_media_url":"https:\/\/contextoanalisisperiodistico.com\/wp-content\/uploads\/2024\/08\/IMG-20240827-WA0021.jpg","_links":{"self":[{"href":"https:\/\/contextoanalisisperiodistico.com\/index.php\/wp-json\/wp\/v2\/posts\/30752"}],"collection":[{"href":"https:\/\/contextoanalisisperiodistico.com\/index.php\/wp-json\/wp\/v2\/posts"}],"about":[{"href":"https:\/\/contextoanalisisperiodistico.com\/index.php\/wp-json\/wp\/v2\/types\/post"}],"author":[{"embeddable":true,"href":"https:\/\/contextoanalisisperiodistico.com\/index.php\/wp-json\/wp\/v2\/users\/4"}],"replies":[{"embeddable":true,"href":"https:\/\/contextoanalisisperiodistico.com\/index.php\/wp-json\/wp\/v2\/comments?post=30752"}],"version-history":[{"count":0,"href":"https:\/\/contextoanalisisperiodistico.com\/index.php\/wp-json\/wp\/v2\/posts\/30752\/revisions"}],"wp:featuredmedia":[{"embeddable":true,"href":"https:\/\/contextoanalisisperiodistico.com\/index.php\/wp-json\/wp\/v2\/media\/30746"}],"wp:attachment":[{"href":"https:\/\/contextoanalisisperiodistico.com\/index.php\/wp-json\/wp\/v2\/media?parent=30752"}],"wp:term":[{"taxonomy":"category","embeddable":true,"href":"https:\/\/contextoanalisisperiodistico.com\/index.php\/wp-json\/wp\/v2\/categories?post=30752"},{"taxonomy":"post_tag","embeddable":true,"href":"https:\/\/contextoanalisisperiodistico.com\/index.php\/wp-json\/wp\/v2\/tags?post=30752"}],"curies":[{"name":"wp","href":"https:\/\/api.w.org\/{rel}","templated":true}]}}