{"id":30745,"date":"2024-08-26T21:30:10","date_gmt":"2024-08-27T03:30:10","guid":{"rendered":"https:\/\/contextoanalisisperiodistico.com\/index.php\/2024\/08\/26\/inauguran-obra-colaborativa-entre-ciudadania-y-gobierno-municipal-en-donaji\/"},"modified":"2024-08-26T21:30:10","modified_gmt":"2024-08-27T03:30:10","slug":"inauguran-obra-colaborativa-entre-ciudadania-y-gobierno-municipal-en-donaji","status":"publish","type":"post","link":"https:\/\/contextoanalisisperiodistico.com\/index.php\/2024\/08\/26\/inauguran-obra-colaborativa-entre-ciudadania-y-gobierno-municipal-en-donaji\/","title":{"rendered":"Inauguran obra colaborativa entre ciudadan\u00eda y gobierno municipal en Donaj\u00ed."},"content":{"rendered":"<div id=\"fb-root\"><\/div>\n\n<ul class=\"wp-block-list\">\n<li>Se pavimentaron 391.50 metros cuadrados de calle con concreto hidr\u00e1ulico..<\/li>\n<\/ul>\n\n\n\n<p>Oaxaca de Ju\u00e1rez, Oax., 25 de agosto de 2024.- El Presidente Municipal, Francisco Mart\u00ednez Neri, en colaboraci\u00f3n con el equipo t\u00e9cnico de la Direcci\u00f3n de Agencias, Barrios y Colonias, inaugur\u00f3 la pavimentaci\u00f3n con concreto hidr\u00e1ulico en la 4ta. Privada de \u00c1lvaro Obreg\u00f3n, ubicada en la agencia municipal de Donaj\u00ed.<\/p>\n\n\n\n<p>Esta obra es un ejemplo claro del \u00e9xito del programa \u201cBanco de Materiales\u201d, que ha permitido que la ciudadan\u00eda y el gobierno municipal trabajen de la mano para mejorar la infraestructura urbana.<\/p>\n\n\n\n<p>El programa \u201cBanco de Materiales\u201d, impulsado por la administraci\u00f3n municipal, proporciona los insumos necesarios para la realizaci\u00f3n de obras p\u00fablicas, mientras que los vecinos aportan la mano de obra, a trav\u00e9s de tequios vecinales.<\/p>\n\n\n\n<p>Gracias a esta iniciativa, se pavimentaron 391.50 metros cuadrados de calle en la agencia de Donaj\u00ed, beneficiando a decenas de familias que ahora cuentan con un accesibilidad vial de calidad, pues de acuerdo a palabras de vecinos y vecinas, antes era muy dif\u00edcil transcurrir por la zona ya que estaba lleno de \u201ctierra y lodo\u201d.<\/p>\n\n\n\n<p>Durante la ceremonia de inauguraci\u00f3n, Francisco Mart\u00ednez Neri destac\u00f3 la importancia de la colaboraci\u00f3n entre el gobierno y los habitantes de Donaj\u00ed, subrayando que este tipo de esfuerzos conjuntos son clave para el desarrollo y bienestar de la capital.<\/p>\n\n\n\n<p>\u201cEste tipo de obras son un reflejo del compromiso de la administraci\u00f3n para mejorar la calidad de vida de nuestra ciudadan\u00eda. A trav\u00e9s del programa Banco de Materiales, seguimos demostrando que juntos, gobierno y ciudadan\u00eda, podemos transformar nuestras calles\u201d, expres\u00f3 el edil.<\/p>\n\n\n\n<p>Asimismo, resalt\u00f3 que obras de esta naturaleza tienen un impacto positivo en la vida cotidiana de la ciudadan\u00eda y agradeci\u00f3 la colaboraci\u00f3n vecinal.<\/p>\n\n\n\n<p>\u201cSin duda, esta construcci\u00f3n cambiar\u00e1 la vida de las personas que viven aqu\u00ed, con esto habr\u00e1 m\u00e1s seguridad y tambi\u00e9n accesibilidad para la personas mayores. Reconozco el trabajo de las y los vecinos, sin ustedes esto no ser\u00eda posible\u201d. finaliz\u00f3.<\/p>\n\n\n\n<p>Este proyecto, que se concret\u00f3 gracias al esfuerzo y la unidad de los vecinos y vecinas en la labor de construcci\u00f3n y tambi\u00e9n parte de un esfuerzo continuo del Ayuntamiento de Oaxaca de Ju\u00e1rez para mejorar la infraestructura urbana y fortalecer la participaci\u00f3n ciudadana.<\/p>\n\n\n\n<p>Con estas acciones, el gobierno municipal reitera su compromiso de seguir trabajando de la mano con la ciudadan\u00eda para llevar a cabo m\u00e1s proyectos que beneficien a todas y todos, mejorando as\u00ed la calidad de vida en los barrios, agencias y colonias en Oaxaca de Ju\u00e1rez.<\/p>\n\n\n\n<figure class=\"wp-block-image size-large\"><img fetchpriority=\"high\" decoding=\"async\" width=\"1024\" height=\"576\" src=\"https:\/\/contextoanalisisperiodistico.com\/wp-content\/uploads\/2024\/08\/fotoblt260824282294950506588482446684-1024x576.jpg\" alt=\"\" class=\"wp-image-30743\" srcset=\"https:\/\/contextoanalisisperiodistico.com\/wp-content\/uploads\/2024\/08\/fotoblt260824282294950506588482446684-1024x576.jpg 1024w, https:\/\/contextoanalisisperiodistico.com\/wp-content\/uploads\/2024\/08\/fotoblt260824282294950506588482446684-300x169.jpg 300w, https:\/\/contextoanalisisperiodistico.com\/wp-content\/uploads\/2024\/08\/fotoblt260824282294950506588482446684-768x432.jpg 768w, https:\/\/contextoanalisisperiodistico.com\/wp-content\/uploads\/2024\/08\/fotoblt260824282294950506588482446684.jpg 1280w\" sizes=\"(max-width: 1024px) 100vw, 1024px\" \/><\/figure>\n\n\n\n<figure class=\"wp-block-image\"><img decoding=\"async\" width=\"1024\" height=\"576\" src=\"https:\/\/contextoanalisisperiodistico.com\/wp-content\/uploads\/2024\/08\/fotoblt260824283292517663769656430447-1024x576.jpg\" alt=\"\" class=\"wp-image-30744\" srcset=\"https:\/\/contextoanalisisperiodistico.com\/wp-content\/uploads\/2024\/08\/fotoblt260824283292517663769656430447-1024x576.jpg 1024w, https:\/\/contextoanalisisperiodistico.com\/wp-content\/uploads\/2024\/08\/fotoblt260824283292517663769656430447-300x169.jpg 300w, https:\/\/contextoanalisisperiodistico.com\/wp-content\/uploads\/2024\/08\/fotoblt260824283292517663769656430447-768x432.jpg 768w, https:\/\/contextoanalisisperiodistico.com\/wp-content\/uploads\/2024\/08\/fotoblt260824283292517663769656430447.jpg 1280w\" sizes=\"(max-width: 1024px) 100vw, 1024px\" \/><\/figure>\n","protected":false},"excerpt":{"rendered":"<p>Oaxaca de Ju\u00e1rez, Oax., 25 de agosto de 2024.- El Presidente Municipal, Francisco Mart\u00ednez Neri,&#8230;<\/p>\n","protected":false},"author":4,"featured_media":30742,"comment_status":"","ping_status":"open","sticky":false,"template":"","format":"standard","meta":{"footnotes":""},"categories":[9],"tags":[],"jetpack_sharing_enabled":true,"featured_image_urls":{"full":["https:\/\/contextoanalisisperiodistico.com\/wp-content\/uploads\/2024\/08\/FOTOBLT260824.jpeg",1280,720,false],"thumbnail":["https:\/\/contextoanalisisperiodistico.com\/wp-content\/uploads\/2024\/08\/FOTOBLT260824-150x150.jpeg",150,150,true],"medium":["https:\/\/contextoanalisisperiodistico.com\/wp-content\/uploads\/2024\/08\/FOTOBLT260824-300x169.jpeg",300,169,true],"medium_large":["https:\/\/contextoanalisisperiodistico.com\/wp-content\/uploads\/2024\/08\/FOTOBLT260824-768x432.jpeg",640,360,true],"large":["https:\/\/contextoanalisisperiodistico.com\/wp-content\/uploads\/2024\/08\/FOTOBLT260824-1024x576.jpeg",640,360,true],"1536x1536":["https:\/\/contextoanalisisperiodistico.com\/wp-content\/uploads\/2024\/08\/FOTOBLT260824.jpeg",1280,720,false],"2048x2048":["https:\/\/contextoanalisisperiodistico.com\/wp-content\/uploads\/2024\/08\/FOTOBLT260824.jpeg",1280,720,false],"covernews-slider-full":["https:\/\/contextoanalisisperiodistico.com\/wp-content\/uploads\/2024\/08\/FOTOBLT260824-1115x715.jpeg",1115,715,true],"covernews-slider-center":["https:\/\/contextoanalisisperiodistico.com\/wp-content\/uploads\/2024\/08\/FOTOBLT260824-800x500.jpeg",800,500,true],"covernews-featured":["https:\/\/contextoanalisisperiodistico.com\/wp-content\/uploads\/2024\/08\/FOTOBLT260824-1024x576.jpeg",1024,576,true],"covernews-medium":["https:\/\/contextoanalisisperiodistico.com\/wp-content\/uploads\/2024\/08\/FOTOBLT260824-540x340.jpeg",540,340,true],"covernews-medium-square":["https:\/\/contextoanalisisperiodistico.com\/wp-content\/uploads\/2024\/08\/FOTOBLT260824-400x250.jpeg",400,250,true]},"author_info":{"display_name":"Mario Gir\u00f3n","author_link":"https:\/\/contextoanalisisperiodistico.com\/index.php\/author\/director\/"},"category_info":"<a href=\"https:\/\/contextoanalisisperiodistico.com\/index.php\/category\/politica\/\" rel=\"category tag\">Pol\u00edtica<\/a>","tag_info":"Pol\u00edtica","comment_count":"0","jetpack_featured_media_url":"https:\/\/contextoanalisisperiodistico.com\/wp-content\/uploads\/2024\/08\/FOTOBLT260824.jpeg","_links":{"self":[{"href":"https:\/\/contextoanalisisperiodistico.com\/index.php\/wp-json\/wp\/v2\/posts\/30745"}],"collection":[{"href":"https:\/\/contextoanalisisperiodistico.com\/index.php\/wp-json\/wp\/v2\/posts"}],"about":[{"href":"https:\/\/contextoanalisisperiodistico.com\/index.php\/wp-json\/wp\/v2\/types\/post"}],"author":[{"embeddable":true,"href":"https:\/\/contextoanalisisperiodistico.com\/index.php\/wp-json\/wp\/v2\/users\/4"}],"replies":[{"embeddable":true,"href":"https:\/\/contextoanalisisperiodistico.com\/index.php\/wp-json\/wp\/v2\/comments?post=30745"}],"version-history":[{"count":0,"href":"https:\/\/contextoanalisisperiodistico.com\/index.php\/wp-json\/wp\/v2\/posts\/30745\/revisions"}],"wp:featuredmedia":[{"embeddable":true,"href":"https:\/\/contextoanalisisperiodistico.com\/index.php\/wp-json\/wp\/v2\/media\/30742"}],"wp:attachment":[{"href":"https:\/\/contextoanalisisperiodistico.com\/index.php\/wp-json\/wp\/v2\/media?parent=30745"}],"wp:term":[{"taxonomy":"category","embeddable":true,"href":"https:\/\/contextoanalisisperiodistico.com\/index.php\/wp-json\/wp\/v2\/categories?post=30745"},{"taxonomy":"post_tag","embeddable":true,"href":"https:\/\/contextoanalisisperiodistico.com\/index.php\/wp-json\/wp\/v2\/tags?post=30745"}],"curies":[{"name":"wp","href":"https:\/\/api.w.org\/{rel}","templated":true}]}}