{"id":30741,"date":"2024-08-26T19:22:19","date_gmt":"2024-08-27T01:22:19","guid":{"rendered":"https:\/\/contextoanalisisperiodistico.com\/index.php\/2024\/08\/26\/luz-verde-del-gobernador-jara-a-distribucion-de-libros-gratuitos-en-oaxaca\/"},"modified":"2024-08-26T19:22:19","modified_gmt":"2024-08-27T01:22:19","slug":"luz-verde-del-gobernador-jara-a-distribucion-de-libros-gratuitos-en-oaxaca","status":"publish","type":"post","link":"https:\/\/contextoanalisisperiodistico.com\/index.php\/2024\/08\/26\/luz-verde-del-gobernador-jara-a-distribucion-de-libros-gratuitos-en-oaxaca\/","title":{"rendered":"Luz verde del gobernador Jara a distribuci\u00f3n de libros gratuitos en Oaxaca"},"content":{"rendered":"<div id=\"fb-root\"><\/div>\n\n<p><strong>*Compromiso irrenunciable con la educaci\u00f3n del Gobierno del Estado <\/strong><\/p>\n\n\n\n<figure class=\"wp-block-image size-large\"><img fetchpriority=\"high\" decoding=\"async\" width=\"800\" height=\"533\" src=\"https:\/\/contextoanalisisperiodistico.com\/wp-content\/uploads\/2024\/08\/img-20240826-wa0108132529201494249852.jpg\" alt=\"\" class=\"wp-image-30734\" srcset=\"https:\/\/contextoanalisisperiodistico.com\/wp-content\/uploads\/2024\/08\/img-20240826-wa0108132529201494249852.jpg 800w, https:\/\/contextoanalisisperiodistico.com\/wp-content\/uploads\/2024\/08\/img-20240826-wa0108132529201494249852-300x200.jpg 300w, https:\/\/contextoanalisisperiodistico.com\/wp-content\/uploads\/2024\/08\/img-20240826-wa0108132529201494249852-768x512.jpg 768w\" sizes=\"(max-width: 800px) 100vw, 800px\" \/><\/figure>\n\n\n\n<figure class=\"wp-block-image\"><img decoding=\"async\" width=\"300\" height=\"200\" src=\"https:\/\/contextoanalisisperiodistico.com\/wp-content\/uploads\/2024\/08\/img-20240826-wa01074001604968450022234-300x200.jpg\" alt=\"\" class=\"wp-image-30736\" srcset=\"https:\/\/contextoanalisisperiodistico.com\/wp-content\/uploads\/2024\/08\/img-20240826-wa01074001604968450022234-300x200.jpg 300w, https:\/\/contextoanalisisperiodistico.com\/wp-content\/uploads\/2024\/08\/img-20240826-wa01074001604968450022234-768x512.jpg 768w, https:\/\/contextoanalisisperiodistico.com\/wp-content\/uploads\/2024\/08\/img-20240826-wa01074001604968450022234.jpg 800w\" sizes=\"(max-width: 300px) 100vw, 300px\" \/><\/figure>\n\n\n\n<figure class=\"wp-block-image\"><img decoding=\"async\" width=\"300\" height=\"200\" src=\"https:\/\/contextoanalisisperiodistico.com\/wp-content\/uploads\/2024\/08\/img-20240826-wa01066489700537979308036-300x200.jpg\" alt=\"\" class=\"wp-image-30735\" srcset=\"https:\/\/contextoanalisisperiodistico.com\/wp-content\/uploads\/2024\/08\/img-20240826-wa01066489700537979308036-300x200.jpg 300w, https:\/\/contextoanalisisperiodistico.com\/wp-content\/uploads\/2024\/08\/img-20240826-wa01066489700537979308036-768x512.jpg 768w, https:\/\/contextoanalisisperiodistico.com\/wp-content\/uploads\/2024\/08\/img-20240826-wa01066489700537979308036.jpg 800w\" sizes=\"(max-width: 300px) 100vw, 300px\" \/><\/figure>\n\n\n\n<figure class=\"wp-block-image\"><img loading=\"lazy\" decoding=\"async\" width=\"300\" height=\"200\" src=\"https:\/\/contextoanalisisperiodistico.com\/wp-content\/uploads\/2024\/08\/img-20240826-wa01055581382333036213005-300x200.jpg\" alt=\"\" class=\"wp-image-30737\" srcset=\"https:\/\/contextoanalisisperiodistico.com\/wp-content\/uploads\/2024\/08\/img-20240826-wa01055581382333036213005-300x200.jpg 300w, https:\/\/contextoanalisisperiodistico.com\/wp-content\/uploads\/2024\/08\/img-20240826-wa01055581382333036213005-768x512.jpg 768w, https:\/\/contextoanalisisperiodistico.com\/wp-content\/uploads\/2024\/08\/img-20240826-wa01055581382333036213005.jpg 800w\" sizes=\"(max-width: 300px) 100vw, 300px\" \/><\/figure>\n\n\n\n<figure class=\"wp-block-image\"><img loading=\"lazy\" decoding=\"async\" width=\"300\" height=\"200\" src=\"https:\/\/contextoanalisisperiodistico.com\/wp-content\/uploads\/2024\/08\/img-20240826-wa0103301742228560505269-300x200.jpg\" alt=\"\" class=\"wp-image-30738\" srcset=\"https:\/\/contextoanalisisperiodistico.com\/wp-content\/uploads\/2024\/08\/img-20240826-wa0103301742228560505269-300x200.jpg 300w, https:\/\/contextoanalisisperiodistico.com\/wp-content\/uploads\/2024\/08\/img-20240826-wa0103301742228560505269-768x512.jpg 768w, https:\/\/contextoanalisisperiodistico.com\/wp-content\/uploads\/2024\/08\/img-20240826-wa0103301742228560505269.jpg 800w\" sizes=\"(max-width: 300px) 100vw, 300px\" \/><\/figure>\n\n\n\n<figure class=\"wp-block-image\"><img loading=\"lazy\" decoding=\"async\" width=\"300\" height=\"200\" src=\"https:\/\/contextoanalisisperiodistico.com\/wp-content\/uploads\/2024\/08\/img-20240826-wa01045644601763913356405-300x200.jpg\" alt=\"\" class=\"wp-image-30739\" srcset=\"https:\/\/contextoanalisisperiodistico.com\/wp-content\/uploads\/2024\/08\/img-20240826-wa01045644601763913356405-300x200.jpg 300w, https:\/\/contextoanalisisperiodistico.com\/wp-content\/uploads\/2024\/08\/img-20240826-wa01045644601763913356405-768x512.jpg 768w, https:\/\/contextoanalisisperiodistico.com\/wp-content\/uploads\/2024\/08\/img-20240826-wa01045644601763913356405.jpg 800w\" sizes=\"(max-width: 300px) 100vw, 300px\" \/><\/figure>\n\n\n\n<figure class=\"wp-block-image\"><img loading=\"lazy\" decoding=\"async\" width=\"300\" height=\"200\" src=\"https:\/\/contextoanalisisperiodistico.com\/wp-content\/uploads\/2024\/08\/img-20240826-wa01014946475637179539739-300x200.jpg\" alt=\"\" class=\"wp-image-30740\" srcset=\"https:\/\/contextoanalisisperiodistico.com\/wp-content\/uploads\/2024\/08\/img-20240826-wa01014946475637179539739-300x200.jpg 300w, https:\/\/contextoanalisisperiodistico.com\/wp-content\/uploads\/2024\/08\/img-20240826-wa01014946475637179539739-768x512.jpg 768w, https:\/\/contextoanalisisperiodistico.com\/wp-content\/uploads\/2024\/08\/img-20240826-wa01014946475637179539739.jpg 800w\" sizes=\"(max-width: 300px) 100vw, 300px\" \/><\/figure>\n\n\n\n<p>\u2022 A trav\u00e9s de los 10 almacenes regionales del IEEPO se entregar\u00e1n m\u00e1s de 7 millones de ejemplares a 866 mil 186 estudiantes de educaci\u00f3n b\u00e1sica de las ocho regiones<\/p>\n\n\n\n<p>San Agust\u00edn de las Juntas, Oax. 26 de agosto de 2024.- Para garantizar el aprendizaje de las y los ni\u00f1os de educaci\u00f3n b\u00e1sica, el Gobernador Salom\u00f3n Jara Cruz dio el banderazo de distribuci\u00f3n de los libros de texto gratuitos, correspondiente al ciclo escolar 2024 &#8211; 2025.<\/p>\n\n\n\n<p>Mediante esta estrategia, el Gobierno del Estado a trav\u00e9s de los 10 almacenes regionales del Instituto Estatal de Educaci\u00f3n P\u00fablica de Oaxaca (IEEPO) beneficiar\u00e1 con m\u00e1s de 7 millones de ejemplares a 866 mil 186 estudiantes de las ocho regiones.<\/p>\n\n\n\n<p>Durante este acto, el Mandatario Estatal expres\u00f3 que la distribuci\u00f3n de estos recursos did\u00e1cticos otorgados por el Gobierno de M\u00e9xico y dise\u00f1ados con los contenidos necesarios y relevantes del universo del conocimiento, se realizar\u00e1 en un lapso de 2 meses para garantizar en el estudiantado una educaci\u00f3n de calidad.<\/p>\n\n\n\n<p>\u201cEstos libros que llegar\u00e1n a todas las escuelas, tienen una visi\u00f3n humanista y cient\u00edfica que permitir\u00e1 en las y los alumnos fortalecer las capacidades te\u00f3ricas y pr\u00e1cticas en cada lectura o actividad que realicen, y sobre todo enaltecer la solidaridad y la unidad para poder lograr grandes avances con el trabajo colectivo o de manera individual\u201d, afirm\u00f3.<\/p>\n\n\n\n<p>De esta manera, junto al director general de Coordinaci\u00f3n y Desarrollo Sectorial de la Secretar\u00eda de Educaci\u00f3n P\u00fablica del Gobierno Federal, Jorge Mario Olin Balderas, agradeci\u00f3 al Presidente Andr\u00e9s Manuel L\u00f3pez Obrador por garantizar el derecho a la educaci\u00f3n mediante estos libros de texto elaborados en congruencia con un cambio de paradigmas para el desarrollo pleno de las ni\u00f1as y los ni\u00f1os de M\u00e9xico.<\/p>\n\n\n\n<p>En su oportunidad, el titular del IEEPO, Emilio Montero P\u00e9rez, en compa\u00f1\u00eda de la secretaria de Educaci\u00f3n P\u00fablica (SEP) en Oaxaca, Delfina Guzm\u00e1n D\u00edaz, expres\u00f3 que en este ciclo escolar 2024- 2025 en el que se avanza con paso firme hacia la consolidaci\u00f3n de la transformaci\u00f3n educativa en el pa\u00eds y el estado, los libros de texto gratuitos se enriquecer\u00e1n con las experiencias pedag\u00f3gicas de las y los docentes en las distintas comunidades de Oaxaca.<\/p>\n\n\n\n<p>En este evento, se realiz\u00f3 de manera simb\u00f3lica la entrega al personal directivo y de padres de familia de las escuelas primarias \u00abBenito Ju\u00e1rez\u00bb de San Andr\u00e9s Huay\u00e1pam, \u00abJuan Jacobo Rousseau\u00bb de San Lorenzo Cacaotepec, e \u00abIgnacio Zaragoza\u00bb de San Agust\u00edn de las Juntas.<\/p>\n\n\n\n<p>Con esta entrega, el Gobierno de la Primavera Oaxaque\u00f1a consolida un gran frente por la ni\u00f1ez para que no falten los instrumentos y recursos necesarios para una educaci\u00f3n de calidad, integral e intercultural; asimismo, da cumplimiento al compromiso irrenunciable con la educaci\u00f3n.<\/p>\n\n\n\n<p>-0-<\/p>\n","protected":false},"excerpt":{"rendered":"<p>*Compromiso irrenunciable con la educaci\u00f3n del Gobierno del Estado \u2022 A trav\u00e9s de los 10&#8230;<\/p>\n","protected":false},"author":4,"featured_media":30733,"comment_status":"","ping_status":"open","sticky":false,"template":"","format":"standard","meta":{"footnotes":""},"categories":[9],"tags":[],"jetpack_sharing_enabled":true,"featured_image_urls":{"full":["https:\/\/contextoanalisisperiodistico.com\/wp-content\/uploads\/2024\/08\/IMG-20240826-WA0102.jpg",800,533,false],"thumbnail":["https:\/\/contextoanalisisperiodistico.com\/wp-content\/uploads\/2024\/08\/IMG-20240826-WA0102-150x150.jpg",150,150,true],"medium":["https:\/\/contextoanalisisperiodistico.com\/wp-content\/uploads\/2024\/08\/IMG-20240826-WA0102-300x200.jpg",300,200,true],"medium_large":["https:\/\/contextoanalisisperiodistico.com\/wp-content\/uploads\/2024\/08\/IMG-20240826-WA0102-768x512.jpg",640,427,true],"large":["https:\/\/contextoanalisisperiodistico.com\/wp-content\/uploads\/2024\/08\/IMG-20240826-WA0102.jpg",640,426,false],"1536x1536":["https:\/\/contextoanalisisperiodistico.com\/wp-content\/uploads\/2024\/08\/IMG-20240826-WA0102.jpg",800,533,false],"2048x2048":["https:\/\/contextoanalisisperiodistico.com\/wp-content\/uploads\/2024\/08\/IMG-20240826-WA0102.jpg",800,533,false],"covernews-slider-full":["https:\/\/contextoanalisisperiodistico.com\/wp-content\/uploads\/2024\/08\/IMG-20240826-WA0102.jpg",800,533,false],"covernews-slider-center":["https:\/\/contextoanalisisperiodistico.com\/wp-content\/uploads\/2024\/08\/IMG-20240826-WA0102-800x500.jpg",800,500,true],"covernews-featured":["https:\/\/contextoanalisisperiodistico.com\/wp-content\/uploads\/2024\/08\/IMG-20240826-WA0102.jpg",800,533,false],"covernews-medium":["https:\/\/contextoanalisisperiodistico.com\/wp-content\/uploads\/2024\/08\/IMG-20240826-WA0102-540x340.jpg",540,340,true],"covernews-medium-square":["https:\/\/contextoanalisisperiodistico.com\/wp-content\/uploads\/2024\/08\/IMG-20240826-WA0102-400x250.jpg",400,250,true]},"author_info":{"display_name":"Mario Gir\u00f3n","author_link":"https:\/\/contextoanalisisperiodistico.com\/index.php\/author\/director\/"},"category_info":"<a href=\"https:\/\/contextoanalisisperiodistico.com\/index.php\/category\/politica\/\" rel=\"category tag\">Pol\u00edtica<\/a>","tag_info":"Pol\u00edtica","comment_count":"0","jetpack_featured_media_url":"https:\/\/contextoanalisisperiodistico.com\/wp-content\/uploads\/2024\/08\/IMG-20240826-WA0102.jpg","_links":{"self":[{"href":"https:\/\/contextoanalisisperiodistico.com\/index.php\/wp-json\/wp\/v2\/posts\/30741"}],"collection":[{"href":"https:\/\/contextoanalisisperiodistico.com\/index.php\/wp-json\/wp\/v2\/posts"}],"about":[{"href":"https:\/\/contextoanalisisperiodistico.com\/index.php\/wp-json\/wp\/v2\/types\/post"}],"author":[{"embeddable":true,"href":"https:\/\/contextoanalisisperiodistico.com\/index.php\/wp-json\/wp\/v2\/users\/4"}],"replies":[{"embeddable":true,"href":"https:\/\/contextoanalisisperiodistico.com\/index.php\/wp-json\/wp\/v2\/comments?post=30741"}],"version-history":[{"count":0,"href":"https:\/\/contextoanalisisperiodistico.com\/index.php\/wp-json\/wp\/v2\/posts\/30741\/revisions"}],"wp:featuredmedia":[{"embeddable":true,"href":"https:\/\/contextoanalisisperiodistico.com\/index.php\/wp-json\/wp\/v2\/media\/30733"}],"wp:attachment":[{"href":"https:\/\/contextoanalisisperiodistico.com\/index.php\/wp-json\/wp\/v2\/media?parent=30741"}],"wp:term":[{"taxonomy":"category","embeddable":true,"href":"https:\/\/contextoanalisisperiodistico.com\/index.php\/wp-json\/wp\/v2\/categories?post=30741"},{"taxonomy":"post_tag","embeddable":true,"href":"https:\/\/contextoanalisisperiodistico.com\/index.php\/wp-json\/wp\/v2\/tags?post=30741"}],"curies":[{"name":"wp","href":"https:\/\/api.w.org\/{rel}","templated":true}]}}