{"id":30730,"date":"2024-08-26T16:54:23","date_gmt":"2024-08-26T22:54:23","guid":{"rendered":"https:\/\/contextoanalisisperiodistico.com\/index.php\/2024\/08\/26\/anuncian-brigada-violeta-contra-violencia-de-genero\/"},"modified":"2024-08-26T16:54:23","modified_gmt":"2024-08-26T22:54:23","slug":"anuncian-brigada-violeta-contra-violencia-de-genero","status":"publish","type":"post","link":"https:\/\/contextoanalisisperiodistico.com\/index.php\/2024\/08\/26\/anuncian-brigada-violeta-contra-violencia-de-genero\/","title":{"rendered":"Anuncian Brigada Violeta contra violencia de g\u00e9nero"},"content":{"rendered":"<div id=\"fb-root\"><\/div>\n\n<p>\u2022 Este programa ser\u00e1 puesto en marcha el pr\u00f3ximo jueves en el municipio de Santa Luc\u00eda del Camino, para identificar casos de violencia de g\u00e9nero<\/p>\n\n\n\n<p>Oaxaca de Ju\u00e1rez, Oax. 26 de agosto de 2024.- La titular de la Secretar\u00eda de las Mujeres, Anah\u00ed Sarmiento P\u00e9rez, anunci\u00f3 este lunes, durante la conferencia de prensa semanal del Gobernador Salom\u00f3n Jara Cruz, que el pr\u00f3ximo jueves 29 de agosto se pondr\u00e1 en marcha el programa Brigada Violeta.<\/p>\n\n\n\n<p>\u201cLa Brigada Violeta recorrer\u00e1 casa por casa para brindar informaci\u00f3n acerca de los servicios que ofrece la Secretar\u00eda de las Mujeres; tambi\u00e9n, identificar\u00e1 casos de atenci\u00f3n prioritaria para poder canalizar a las mujeres, sus hijas e hijos, al Centro Estatal Integral para la Atenci\u00f3n de Mujeres V\u00edctimas de Violencia (CEATI Mujeres)\u201d, inform\u00f3 la Secretaria de las Mujeres de Oaxaca.<\/p>\n\n\n\n<p>Las brigadas conformadas por psic\u00f3logas, abogadas y trabajadoras sociales, comenzar\u00e1n en el municipio de Santa Luc\u00eda del Camino y, posteriormente, abarcar\u00e1 los 22 municipios conurbados, as\u00ed como los dem\u00e1s que conforman la Estrategia Oaxaca Segura.<\/p>\n\n\n\n<p>Entre los materiales did\u00e1cticos, preventivos y de sensibilizaci\u00f3n que se compartir\u00e1n son el violent\u00f3metro, acos\u00f3metro, d\u00edpticos sobre prevenci\u00f3n de violencia de g\u00e9nero y material informativo de los n\u00fameros de emergencia.<\/p>\n\n\n\n<p>La Brigada Violeta ser\u00e1 una campa\u00f1a permanente con la participaci\u00f3n de personal debidamente identificado con un chaleco color violeta, gorra y gafete. En este sentido, invit\u00f3 a la ciudadan\u00eda a participar y abrir las puertas de sus hogares a esta actividad.<\/p>\n\n\n\n<p>-0-<\/p>\n\n\n\n<p><\/p>\n\n\n\n<p><\/p>\n\n\n\n<figure class=\"wp-block-image size-large\"><img fetchpriority=\"high\" decoding=\"async\" width=\"1024\" height=\"682\" src=\"https:\/\/contextoanalisisperiodistico.com\/wp-content\/uploads\/2024\/08\/img-20240826-wa00667613167330200816052-1024x682.jpg\" alt=\"\" class=\"wp-image-30729\" srcset=\"https:\/\/contextoanalisisperiodistico.com\/wp-content\/uploads\/2024\/08\/img-20240826-wa00667613167330200816052-1024x682.jpg 1024w, https:\/\/contextoanalisisperiodistico.com\/wp-content\/uploads\/2024\/08\/img-20240826-wa00667613167330200816052-300x200.jpg 300w, https:\/\/contextoanalisisperiodistico.com\/wp-content\/uploads\/2024\/08\/img-20240826-wa00667613167330200816052-768x512.jpg 768w, https:\/\/contextoanalisisperiodistico.com\/wp-content\/uploads\/2024\/08\/img-20240826-wa00667613167330200816052-1536x1023.jpg 1536w, https:\/\/contextoanalisisperiodistico.com\/wp-content\/uploads\/2024\/08\/img-20240826-wa00667613167330200816052.jpg 1600w\" sizes=\"(max-width: 1024px) 100vw, 1024px\" \/><\/figure>\n","protected":false},"excerpt":{"rendered":"<p>\u2022 Este programa ser\u00e1 puesto en marcha el pr\u00f3ximo jueves en el municipio de Santa&#8230;<\/p>\n","protected":false},"author":4,"featured_media":30728,"comment_status":"","ping_status":"open","sticky":false,"template":"","format":"standard","meta":{"footnotes":""},"categories":[9],"tags":[],"jetpack_sharing_enabled":true,"featured_image_urls":{"full":["https:\/\/contextoanalisisperiodistico.com\/wp-content\/uploads\/2024\/08\/IMG-20240826-WA0067.jpg",1600,1066,false],"thumbnail":["https:\/\/contextoanalisisperiodistico.com\/wp-content\/uploads\/2024\/08\/IMG-20240826-WA0067-150x150.jpg",150,150,true],"medium":["https:\/\/contextoanalisisperiodistico.com\/wp-content\/uploads\/2024\/08\/IMG-20240826-WA0067-300x200.jpg",300,200,true],"medium_large":["https:\/\/contextoanalisisperiodistico.com\/wp-content\/uploads\/2024\/08\/IMG-20240826-WA0067-768x512.jpg",640,427,true],"large":["https:\/\/contextoanalisisperiodistico.com\/wp-content\/uploads\/2024\/08\/IMG-20240826-WA0067-1024x682.jpg",640,426,true],"1536x1536":["https:\/\/contextoanalisisperiodistico.com\/wp-content\/uploads\/2024\/08\/IMG-20240826-WA0067-1536x1023.jpg",1536,1023,true],"2048x2048":["https:\/\/contextoanalisisperiodistico.com\/wp-content\/uploads\/2024\/08\/IMG-20240826-WA0067.jpg",1600,1066,false],"covernews-slider-full":["https:\/\/contextoanalisisperiodistico.com\/wp-content\/uploads\/2024\/08\/IMG-20240826-WA0067-1115x715.jpg",1115,715,true],"covernews-slider-center":["https:\/\/contextoanalisisperiodistico.com\/wp-content\/uploads\/2024\/08\/IMG-20240826-WA0067-800x500.jpg",800,500,true],"covernews-featured":["https:\/\/contextoanalisisperiodistico.com\/wp-content\/uploads\/2024\/08\/IMG-20240826-WA0067-1024x682.jpg",1024,682,true],"covernews-medium":["https:\/\/contextoanalisisperiodistico.com\/wp-content\/uploads\/2024\/08\/IMG-20240826-WA0067-540x340.jpg",540,340,true],"covernews-medium-square":["https:\/\/contextoanalisisperiodistico.com\/wp-content\/uploads\/2024\/08\/IMG-20240826-WA0067-400x250.jpg",400,250,true]},"author_info":{"display_name":"Mario Gir\u00f3n","author_link":"https:\/\/contextoanalisisperiodistico.com\/index.php\/author\/director\/"},"category_info":"<a href=\"https:\/\/contextoanalisisperiodistico.com\/index.php\/category\/politica\/\" rel=\"category tag\">Pol\u00edtica<\/a>","tag_info":"Pol\u00edtica","comment_count":"0","jetpack_featured_media_url":"https:\/\/contextoanalisisperiodistico.com\/wp-content\/uploads\/2024\/08\/IMG-20240826-WA0067.jpg","_links":{"self":[{"href":"https:\/\/contextoanalisisperiodistico.com\/index.php\/wp-json\/wp\/v2\/posts\/30730"}],"collection":[{"href":"https:\/\/contextoanalisisperiodistico.com\/index.php\/wp-json\/wp\/v2\/posts"}],"about":[{"href":"https:\/\/contextoanalisisperiodistico.com\/index.php\/wp-json\/wp\/v2\/types\/post"}],"author":[{"embeddable":true,"href":"https:\/\/contextoanalisisperiodistico.com\/index.php\/wp-json\/wp\/v2\/users\/4"}],"replies":[{"embeddable":true,"href":"https:\/\/contextoanalisisperiodistico.com\/index.php\/wp-json\/wp\/v2\/comments?post=30730"}],"version-history":[{"count":0,"href":"https:\/\/contextoanalisisperiodistico.com\/index.php\/wp-json\/wp\/v2\/posts\/30730\/revisions"}],"wp:featuredmedia":[{"embeddable":true,"href":"https:\/\/contextoanalisisperiodistico.com\/index.php\/wp-json\/wp\/v2\/media\/30728"}],"wp:attachment":[{"href":"https:\/\/contextoanalisisperiodistico.com\/index.php\/wp-json\/wp\/v2\/media?parent=30730"}],"wp:term":[{"taxonomy":"category","embeddable":true,"href":"https:\/\/contextoanalisisperiodistico.com\/index.php\/wp-json\/wp\/v2\/categories?post=30730"},{"taxonomy":"post_tag","embeddable":true,"href":"https:\/\/contextoanalisisperiodistico.com\/index.php\/wp-json\/wp\/v2\/tags?post=30730"}],"curies":[{"name":"wp","href":"https:\/\/api.w.org\/{rel}","templated":true}]}}