{"id":30726,"date":"2024-08-26T16:49:11","date_gmt":"2024-08-26T22:49:11","guid":{"rendered":"https:\/\/contextoanalisisperiodistico.com\/index.php\/2024\/08\/26\/con-gran-alegria-y-color-celebran-la-guelaguetza-ni-wan-doo-en-la-sierra-sur\/"},"modified":"2024-08-26T16:49:53","modified_gmt":"2024-08-26T22:49:53","slug":"con-gran-alegria-y-color-celebran-la-guelaguetza-ni-wan-doo-en-la-sierra-sur","status":"publish","type":"post","link":"https:\/\/contextoanalisisperiodistico.com\/index.php\/2024\/08\/26\/con-gran-alegria-y-color-celebran-la-guelaguetza-ni-wan-doo-en-la-sierra-sur\/","title":{"rendered":"Con alegr\u00eda y color la Guelaguetza N\u00ed Wan do&#8217;o en la Sierra Sur"},"content":{"rendered":"<div id=\"fb-root\"><\/div>\n\n<p>\u2022 La secretaria de Turismo Saymi Pineda Velasco consider\u00f3 un \u00e9xito la celebraci\u00f3n que fortalece la unidad, hermandad, culturas y econom\u00eda de los pueblos<br \/>San Mateo R\u00edo Hondo, Oax., 26 de agosto de 2024.-Con danzas, m\u00fasica, tradiciones, artesan\u00edas, y gastronom\u00eda los pueblos de la Sierra Sur se hermanaron en la Guelaguetza N\u00ed Wan do&#8217;o realizada el 24 y 25 de agosto, en la que fortalecieron sus lazos de unidad, desarrollo social y econ\u00f3mico.<\/p>\n\n\n\n<figure class=\"wp-block-image size-large\"><img fetchpriority=\"high\" decoding=\"async\" width=\"1024\" height=\"682\" src=\"https:\/\/contextoanalisisperiodistico.com\/wp-content\/uploads\/2024\/08\/img-20240826-wa00503138662121043013876-1024x682.jpg\" alt=\"\" class=\"wp-image-30720\" srcset=\"https:\/\/contextoanalisisperiodistico.com\/wp-content\/uploads\/2024\/08\/img-20240826-wa00503138662121043013876-1024x682.jpg 1024w, https:\/\/contextoanalisisperiodistico.com\/wp-content\/uploads\/2024\/08\/img-20240826-wa00503138662121043013876-300x200.jpg 300w, https:\/\/contextoanalisisperiodistico.com\/wp-content\/uploads\/2024\/08\/img-20240826-wa00503138662121043013876-768x512.jpg 768w, https:\/\/contextoanalisisperiodistico.com\/wp-content\/uploads\/2024\/08\/img-20240826-wa00503138662121043013876-1536x1023.jpg 1536w, https:\/\/contextoanalisisperiodistico.com\/wp-content\/uploads\/2024\/08\/img-20240826-wa00503138662121043013876.jpg 1600w\" sizes=\"(max-width: 1024px) 100vw, 1024px\" \/><\/figure>\n\n\n\n<figure class=\"wp-block-image\"><img decoding=\"async\" width=\"1024\" height=\"682\" src=\"https:\/\/contextoanalisisperiodistico.com\/wp-content\/uploads\/2024\/08\/img-20240826-wa00548501860897860147980-1024x682.jpg\" alt=\"\" class=\"wp-image-30722\" srcset=\"https:\/\/contextoanalisisperiodistico.com\/wp-content\/uploads\/2024\/08\/img-20240826-wa00548501860897860147980-1024x682.jpg 1024w, https:\/\/contextoanalisisperiodistico.com\/wp-content\/uploads\/2024\/08\/img-20240826-wa00548501860897860147980-300x200.jpg 300w, https:\/\/contextoanalisisperiodistico.com\/wp-content\/uploads\/2024\/08\/img-20240826-wa00548501860897860147980-768x512.jpg 768w, https:\/\/contextoanalisisperiodistico.com\/wp-content\/uploads\/2024\/08\/img-20240826-wa00548501860897860147980-1536x1023.jpg 1536w, https:\/\/contextoanalisisperiodistico.com\/wp-content\/uploads\/2024\/08\/img-20240826-wa00548501860897860147980.jpg 1600w\" sizes=\"(max-width: 1024px) 100vw, 1024px\" \/><\/figure>\n\n\n\n<figure class=\"wp-block-image\"><img decoding=\"async\" width=\"1024\" height=\"576\" src=\"https:\/\/contextoanalisisperiodistico.com\/wp-content\/uploads\/2024\/08\/img-20240826-wa00517838384693043273351-1024x576.jpg\" alt=\"\" class=\"wp-image-30723\" srcset=\"https:\/\/contextoanalisisperiodistico.com\/wp-content\/uploads\/2024\/08\/img-20240826-wa00517838384693043273351-1024x576.jpg 1024w, https:\/\/contextoanalisisperiodistico.com\/wp-content\/uploads\/2024\/08\/img-20240826-wa00517838384693043273351-300x169.jpg 300w, https:\/\/contextoanalisisperiodistico.com\/wp-content\/uploads\/2024\/08\/img-20240826-wa00517838384693043273351-768x432.jpg 768w, https:\/\/contextoanalisisperiodistico.com\/wp-content\/uploads\/2024\/08\/img-20240826-wa00517838384693043273351-1536x864.jpg 1536w, https:\/\/contextoanalisisperiodistico.com\/wp-content\/uploads\/2024\/08\/img-20240826-wa00517838384693043273351.jpg 1600w\" sizes=\"(max-width: 1024px) 100vw, 1024px\" \/><\/figure>\n\n\n\n<figure class=\"wp-block-image\"><img loading=\"lazy\" decoding=\"async\" width=\"1024\" height=\"682\" src=\"https:\/\/contextoanalisisperiodistico.com\/wp-content\/uploads\/2024\/08\/img-20240826-wa00532712628133133597311-1024x682.jpg\" alt=\"\" class=\"wp-image-30721\" srcset=\"https:\/\/contextoanalisisperiodistico.com\/wp-content\/uploads\/2024\/08\/img-20240826-wa00532712628133133597311-1024x682.jpg 1024w, https:\/\/contextoanalisisperiodistico.com\/wp-content\/uploads\/2024\/08\/img-20240826-wa00532712628133133597311-300x200.jpg 300w, https:\/\/contextoanalisisperiodistico.com\/wp-content\/uploads\/2024\/08\/img-20240826-wa00532712628133133597311-768x512.jpg 768w, https:\/\/contextoanalisisperiodistico.com\/wp-content\/uploads\/2024\/08\/img-20240826-wa00532712628133133597311-1536x1023.jpg 1536w, https:\/\/contextoanalisisperiodistico.com\/wp-content\/uploads\/2024\/08\/img-20240826-wa00532712628133133597311.jpg 1600w\" sizes=\"(max-width: 1024px) 100vw, 1024px\" \/><\/figure>\n\n\n\n<figure class=\"wp-block-image\"><img loading=\"lazy\" decoding=\"async\" width=\"1024\" height=\"682\" src=\"https:\/\/contextoanalisisperiodistico.com\/wp-content\/uploads\/2024\/08\/img-20240826-wa00554321350624135154807-1024x682.jpg\" alt=\"\" class=\"wp-image-30724\" srcset=\"https:\/\/contextoanalisisperiodistico.com\/wp-content\/uploads\/2024\/08\/img-20240826-wa00554321350624135154807-1024x682.jpg 1024w, https:\/\/contextoanalisisperiodistico.com\/wp-content\/uploads\/2024\/08\/img-20240826-wa00554321350624135154807-300x200.jpg 300w, https:\/\/contextoanalisisperiodistico.com\/wp-content\/uploads\/2024\/08\/img-20240826-wa00554321350624135154807-768x512.jpg 768w, https:\/\/contextoanalisisperiodistico.com\/wp-content\/uploads\/2024\/08\/img-20240826-wa00554321350624135154807-1536x1023.jpg 1536w, https:\/\/contextoanalisisperiodistico.com\/wp-content\/uploads\/2024\/08\/img-20240826-wa00554321350624135154807.jpg 1600w\" sizes=\"(max-width: 1024px) 100vw, 1024px\" \/><\/figure>\n\n\n\n<figure class=\"wp-block-image\"><img loading=\"lazy\" decoding=\"async\" width=\"1024\" height=\"682\" src=\"https:\/\/contextoanalisisperiodistico.com\/wp-content\/uploads\/2024\/08\/img-20240826-wa0056627280540994895057-1024x682.jpg\" alt=\"\" class=\"wp-image-30725\" srcset=\"https:\/\/contextoanalisisperiodistico.com\/wp-content\/uploads\/2024\/08\/img-20240826-wa0056627280540994895057-1024x682.jpg 1024w, https:\/\/contextoanalisisperiodistico.com\/wp-content\/uploads\/2024\/08\/img-20240826-wa0056627280540994895057-300x200.jpg 300w, https:\/\/contextoanalisisperiodistico.com\/wp-content\/uploads\/2024\/08\/img-20240826-wa0056627280540994895057-768x512.jpg 768w, https:\/\/contextoanalisisperiodistico.com\/wp-content\/uploads\/2024\/08\/img-20240826-wa0056627280540994895057-1536x1023.jpg 1536w, https:\/\/contextoanalisisperiodistico.com\/wp-content\/uploads\/2024\/08\/img-20240826-wa0056627280540994895057.jpg 1600w\" sizes=\"(max-width: 1024px) 100vw, 1024px\" \/><\/figure>\n\n\n\n<p>Al culminar la gran fiesta en el coraz\u00f3n de las monta\u00f1as de Oaxaca, la secretaria de Turismo, Saymi Pineda Velasco destac\u00f3 que las Guelaguetzas regionales son parte de las acciones para la Reparaci\u00f3n Hist\u00f3rica de los Pueblos con el fortalecimiento de la identidad en las comunidades.<\/p>\n\n\n\n<p>Celebr\u00f3 la gran participaci\u00f3n de los pueblos y visitantes nacionales y extranjeros que durante 2 d\u00edas disfrutaron de las coloridas y tradicionales expresiones art\u00edsticas de la regi\u00f3n, generando importantes ingresos para las comunidades.<\/p>\n\n\n\n<p>Durante el segundo d\u00eda de fiesta, a las 11:00 horas inici\u00f3 el Convite en el que desfilaron todas las delegaciones. La Guelaguetza regional comenz\u00f3 a las 12:00 horas en la Plaza Central La Colmena, de San Mateo R\u00edo Hondo, donde se presentaron bailes y m\u00fasica de la Villa Sola de Vega con su Fiesta Solteca; San Agust\u00edn Loxicha con sus sones; San Carlos Yautepec con la Boda y Jarabe Carle\u00f1o.<\/p>\n\n\n\n<p>Miahuatl\u00e1n de Porfirio D\u00edaz present\u00f3 su Fandango Miahuateco; San Pedro Amuzgos deleit\u00f3 con su Fandango Carnaval y Amuzgue\u00f1o; Putla Villa de Guerrero alegr\u00f3 con su Calenda, sones, chilenas y comparsas del Carnaval Putleco; Santa Mar\u00eda Zacatepec lleg\u00f3 con su Boda, fandango y Carnaval Tacuate, Santa Catarina Juquila entreg\u00f3 Chilenas, Juegos y Sones, y la delegaci\u00f3n invitada, San Pedro Pochutla, comparti\u00f3 sus sones.<\/p>\n\n\n\n<p>Se realizaron actividades culturales, acad\u00e9micas y gastron\u00f3micas, de forma gratuita, adem\u00e1s de la valiosa participaci\u00f3n de la Banda de M\u00fasica de la Secretar\u00eda de Seguridad P\u00fablica del Gobierno del Estado. En las festividades estuvieron presentes autoridades municipales, la se\u00f1ora Braulia Vel\u00e1squez, conocedora de los hongos sagrados y Juana Hern\u00e1ndez L\u00f3pez, Diosa Cent\u00e9otl 2024.<\/p>\n\n\n\n<p>Con esta celebraci\u00f3n, el Gobierno de la Primavera Oaxaque\u00f1a enaltece la historia, cultura, tradici\u00f3n y folklore de la Sierra Sur, y refuerza la uni\u00f3n e interculturalidad de los pueblos del Estado.<\/p>\n\n\n\n<p>-0-<\/p>\n","protected":false},"excerpt":{"rendered":"<p>\u2022 La secretaria de Turismo Saymi Pineda Velasco consider\u00f3 un \u00e9xito la celebraci\u00f3n que fortalece&#8230;<\/p>\n","protected":false},"author":4,"featured_media":30719,"comment_status":"closed","ping_status":"open","sticky":false,"template":"","format":"standard","meta":{"footnotes":""},"categories":[7],"tags":[],"jetpack_sharing_enabled":true,"featured_image_urls":{"full":["https:\/\/contextoanalisisperiodistico.com\/wp-content\/uploads\/2024\/08\/IMG-20240826-WA0052.jpg",1600,1066,false],"thumbnail":["https:\/\/contextoanalisisperiodistico.com\/wp-content\/uploads\/2024\/08\/IMG-20240826-WA0052-150x150.jpg",150,150,true],"medium":["https:\/\/contextoanalisisperiodistico.com\/wp-content\/uploads\/2024\/08\/IMG-20240826-WA0052-300x200.jpg",300,200,true],"medium_large":["https:\/\/contextoanalisisperiodistico.com\/wp-content\/uploads\/2024\/08\/IMG-20240826-WA0052-768x512.jpg",640,427,true],"large":["https:\/\/contextoanalisisperiodistico.com\/wp-content\/uploads\/2024\/08\/IMG-20240826-WA0052-1024x682.jpg",640,426,true],"1536x1536":["https:\/\/contextoanalisisperiodistico.com\/wp-content\/uploads\/2024\/08\/IMG-20240826-WA0052-1536x1023.jpg",1536,1023,true],"2048x2048":["https:\/\/contextoanalisisperiodistico.com\/wp-content\/uploads\/2024\/08\/IMG-20240826-WA0052.jpg",1600,1066,false],"covernews-slider-full":["https:\/\/contextoanalisisperiodistico.com\/wp-content\/uploads\/2024\/08\/IMG-20240826-WA0052-1115x715.jpg",1115,715,true],"covernews-slider-center":["https:\/\/contextoanalisisperiodistico.com\/wp-content\/uploads\/2024\/08\/IMG-20240826-WA0052-800x500.jpg",800,500,true],"covernews-featured":["https:\/\/contextoanalisisperiodistico.com\/wp-content\/uploads\/2024\/08\/IMG-20240826-WA0052-1024x682.jpg",1024,682,true],"covernews-medium":["https:\/\/contextoanalisisperiodistico.com\/wp-content\/uploads\/2024\/08\/IMG-20240826-WA0052-540x340.jpg",540,340,true],"covernews-medium-square":["https:\/\/contextoanalisisperiodistico.com\/wp-content\/uploads\/2024\/08\/IMG-20240826-WA0052-400x250.jpg",400,250,true]},"author_info":{"display_name":"Mario Gir\u00f3n","author_link":"https:\/\/contextoanalisisperiodistico.com\/index.php\/author\/director\/"},"category_info":"<a href=\"https:\/\/contextoanalisisperiodistico.com\/index.php\/category\/municipios\/\" rel=\"category tag\">Municipios<\/a>","tag_info":"Municipios","comment_count":"0","jetpack_featured_media_url":"https:\/\/contextoanalisisperiodistico.com\/wp-content\/uploads\/2024\/08\/IMG-20240826-WA0052.jpg","_links":{"self":[{"href":"https:\/\/contextoanalisisperiodistico.com\/index.php\/wp-json\/wp\/v2\/posts\/30726"}],"collection":[{"href":"https:\/\/contextoanalisisperiodistico.com\/index.php\/wp-json\/wp\/v2\/posts"}],"about":[{"href":"https:\/\/contextoanalisisperiodistico.com\/index.php\/wp-json\/wp\/v2\/types\/post"}],"author":[{"embeddable":true,"href":"https:\/\/contextoanalisisperiodistico.com\/index.php\/wp-json\/wp\/v2\/users\/4"}],"replies":[{"embeddable":true,"href":"https:\/\/contextoanalisisperiodistico.com\/index.php\/wp-json\/wp\/v2\/comments?post=30726"}],"version-history":[{"count":1,"href":"https:\/\/contextoanalisisperiodistico.com\/index.php\/wp-json\/wp\/v2\/posts\/30726\/revisions"}],"predecessor-version":[{"id":30727,"href":"https:\/\/contextoanalisisperiodistico.com\/index.php\/wp-json\/wp\/v2\/posts\/30726\/revisions\/30727"}],"wp:featuredmedia":[{"embeddable":true,"href":"https:\/\/contextoanalisisperiodistico.com\/index.php\/wp-json\/wp\/v2\/media\/30719"}],"wp:attachment":[{"href":"https:\/\/contextoanalisisperiodistico.com\/index.php\/wp-json\/wp\/v2\/media?parent=30726"}],"wp:term":[{"taxonomy":"category","embeddable":true,"href":"https:\/\/contextoanalisisperiodistico.com\/index.php\/wp-json\/wp\/v2\/categories?post=30726"},{"taxonomy":"post_tag","embeddable":true,"href":"https:\/\/contextoanalisisperiodistico.com\/index.php\/wp-json\/wp\/v2\/tags?post=30726"}],"curies":[{"name":"wp","href":"https:\/\/api.w.org\/{rel}","templated":true}]}}