{"id":30718,"date":"2024-08-26T16:43:01","date_gmt":"2024-08-26T22:43:01","guid":{"rendered":"https:\/\/contextoanalisisperiodistico.com\/index.php\/2024\/08\/26\/casos-probables-de-dengue-con-tendencia-a-la-baja-sso\/"},"modified":"2024-08-26T16:43:01","modified_gmt":"2024-08-26T22:43:01","slug":"casos-probables-de-dengue-con-tendencia-a-la-baja-sso","status":"publish","type":"post","link":"https:\/\/contextoanalisisperiodistico.com\/index.php\/2024\/08\/26\/casos-probables-de-dengue-con-tendencia-a-la-baja-sso\/","title":{"rendered":"Casos probables de dengue con tendencia a la baja: SSO"},"content":{"rendered":"<div id=\"fb-root\"><\/div>\n\n<p>\u2022 Servicios de Salud de Oaxaca reconoce trabajo coordinado de la poblaci\u00f3n y las autoridades para disminuir los casos de esta enfermedad<\/p>\n\n\n\n<figure class=\"wp-block-image size-large\"><img fetchpriority=\"high\" decoding=\"async\" width=\"800\" height=\"533\" src=\"https:\/\/contextoanalisisperiodistico.com\/wp-content\/uploads\/2024\/08\/img-20240826-wa005782457039906007952.jpg\" alt=\"\" class=\"wp-image-30717\" srcset=\"https:\/\/contextoanalisisperiodistico.com\/wp-content\/uploads\/2024\/08\/img-20240826-wa005782457039906007952.jpg 800w, https:\/\/contextoanalisisperiodistico.com\/wp-content\/uploads\/2024\/08\/img-20240826-wa005782457039906007952-300x200.jpg 300w, https:\/\/contextoanalisisperiodistico.com\/wp-content\/uploads\/2024\/08\/img-20240826-wa005782457039906007952-768x512.jpg 768w\" sizes=\"(max-width: 800px) 100vw, 800px\" \/><\/figure>\n\n\n\n<p>\u2022 Contin\u00faa el trabajo preventivo en 20 municipios, 11 de Valles Centrales y nueve de la Costa<br \/>Oaxaca de Ju\u00e1rez, Oax. 26 de agosto de 2024.- A 2 meses de la puesta en marcha del Plan Emergente Oaxaca Unida Contra el Dengue, Servicios de Salud de Oaxaca (SSO) inform\u00f3 que los casos probables de esta enfermedad en la entidad disminuyeron en un 56 por ciento.<\/p>\n\n\n\n<p>El director de Prevenci\u00f3n y Promoci\u00f3n de SSO, Ignacio Z\u00e1rate Blas expres\u00f3 que, la suma de esfuerzos de trabajadores de salud, autoridades municipales y ciudadan\u00eda en esta estrategia implementada en la semana epidemiol\u00f3gica n\u00famero 24 de este a\u00f1o, permiti\u00f3 incidir en la reducci\u00f3n, al pasar de 2 mil 195 casos probables que se ten\u00edan, a 971 reportes que se contabilizan actualmente.<\/p>\n\n\n\n<p>\u201cSe ha visto una ralentizaci\u00f3n de la curva epidemiol\u00f3gica, no obstante, no bajaremos la guardia. Tenemos la indicaci\u00f3n de mantener el fortalecimiento de las acciones, este mes con prioridad en la regi\u00f3n de la Costa\u201d, asegur\u00f3 durante la conferencia de este lunes encabezada por el Gobernador Salom\u00f3n Jara Cruz.<\/p>\n\n\n\n<p>De acuerdo con el Plan Emergente se trabaja con \u00e9nfasis en 20 municipios con el mayor n\u00famero de casos, de los cuales nueve son de la Jurisdicci\u00f3n Sanitaria 4 Costa a trav\u00e9s de barridos de control larvario y 11 de la Jurisdicci\u00f3n Sanitaria 1 Valles Centrales, de manera focalizada, con el af\u00e1n de contener la transmisi\u00f3n y disminuir los casos.<\/p>\n\n\n\n<p>Sostuvo que las dos defunciones nuevas registradas en la semana epidemiol\u00f3gica n\u00famero 33, suman seis en lo que va de este a\u00f1o, las cuales presentaban complicaciones derivadas por comorbilidad. En este caso, un paciente masculino de 18 a\u00f1os con diagn\u00f3stico de par\u00e1lisis cerebral infantil, y una mujer de 48 a\u00f1os con pancreatitis aguda y diabetes mellitus.<\/p>\n\n\n\n<p>De esta manera, en el marco del D\u00eda Internacional Contra el Dengue que se conmemora este 26 de agosto, SSO exhorta a la poblaci\u00f3n para continuar con las acciones de lava, tapa, voltea y tira, la cual es la mejor estrategia para eliminar al mosco, \u201csin criaderos, no hay mosquitos y sin mosquitos no hay dengue, ni defunciones\u201d, dijo.<\/p>\n\n\n\n<p>-0-<\/p>\n","protected":false},"excerpt":{"rendered":"<p>\u2022 Servicios de Salud de Oaxaca reconoce trabajo coordinado de la poblaci\u00f3n y las autoridades&#8230;<\/p>\n","protected":false},"author":4,"featured_media":30716,"comment_status":"","ping_status":"open","sticky":false,"template":"","format":"standard","meta":{"footnotes":""},"categories":[92],"tags":[],"jetpack_sharing_enabled":true,"featured_image_urls":{"full":["https:\/\/contextoanalisisperiodistico.com\/wp-content\/uploads\/2024\/08\/IMG-20240826-WA0058.jpg",900,599,false],"thumbnail":["https:\/\/contextoanalisisperiodistico.com\/wp-content\/uploads\/2024\/08\/IMG-20240826-WA0058-150x150.jpg",150,150,true],"medium":["https:\/\/contextoanalisisperiodistico.com\/wp-content\/uploads\/2024\/08\/IMG-20240826-WA0058-300x200.jpg",300,200,true],"medium_large":["https:\/\/contextoanalisisperiodistico.com\/wp-content\/uploads\/2024\/08\/IMG-20240826-WA0058-768x511.jpg",640,426,true],"large":["https:\/\/contextoanalisisperiodistico.com\/wp-content\/uploads\/2024\/08\/IMG-20240826-WA0058.jpg",640,426,false],"1536x1536":["https:\/\/contextoanalisisperiodistico.com\/wp-content\/uploads\/2024\/08\/IMG-20240826-WA0058.jpg",900,599,false],"2048x2048":["https:\/\/contextoanalisisperiodistico.com\/wp-content\/uploads\/2024\/08\/IMG-20240826-WA0058.jpg",900,599,false],"covernews-slider-full":["https:\/\/contextoanalisisperiodistico.com\/wp-content\/uploads\/2024\/08\/IMG-20240826-WA0058.jpg",900,599,false],"covernews-slider-center":["https:\/\/contextoanalisisperiodistico.com\/wp-content\/uploads\/2024\/08\/IMG-20240826-WA0058-800x500.jpg",800,500,true],"covernews-featured":["https:\/\/contextoanalisisperiodistico.com\/wp-content\/uploads\/2024\/08\/IMG-20240826-WA0058.jpg",900,599,false],"covernews-medium":["https:\/\/contextoanalisisperiodistico.com\/wp-content\/uploads\/2024\/08\/IMG-20240826-WA0058-540x340.jpg",540,340,true],"covernews-medium-square":["https:\/\/contextoanalisisperiodistico.com\/wp-content\/uploads\/2024\/08\/IMG-20240826-WA0058-400x250.jpg",400,250,true]},"author_info":{"display_name":"Mario Gir\u00f3n","author_link":"https:\/\/contextoanalisisperiodistico.com\/index.php\/author\/director\/"},"category_info":"<a href=\"https:\/\/contextoanalisisperiodistico.com\/index.php\/category\/salud\/\" rel=\"category tag\">Salud<\/a>","tag_info":"Salud","comment_count":"0","jetpack_featured_media_url":"https:\/\/contextoanalisisperiodistico.com\/wp-content\/uploads\/2024\/08\/IMG-20240826-WA0058.jpg","_links":{"self":[{"href":"https:\/\/contextoanalisisperiodistico.com\/index.php\/wp-json\/wp\/v2\/posts\/30718"}],"collection":[{"href":"https:\/\/contextoanalisisperiodistico.com\/index.php\/wp-json\/wp\/v2\/posts"}],"about":[{"href":"https:\/\/contextoanalisisperiodistico.com\/index.php\/wp-json\/wp\/v2\/types\/post"}],"author":[{"embeddable":true,"href":"https:\/\/contextoanalisisperiodistico.com\/index.php\/wp-json\/wp\/v2\/users\/4"}],"replies":[{"embeddable":true,"href":"https:\/\/contextoanalisisperiodistico.com\/index.php\/wp-json\/wp\/v2\/comments?post=30718"}],"version-history":[{"count":0,"href":"https:\/\/contextoanalisisperiodistico.com\/index.php\/wp-json\/wp\/v2\/posts\/30718\/revisions"}],"wp:featuredmedia":[{"embeddable":true,"href":"https:\/\/contextoanalisisperiodistico.com\/index.php\/wp-json\/wp\/v2\/media\/30716"}],"wp:attachment":[{"href":"https:\/\/contextoanalisisperiodistico.com\/index.php\/wp-json\/wp\/v2\/media?parent=30718"}],"wp:term":[{"taxonomy":"category","embeddable":true,"href":"https:\/\/contextoanalisisperiodistico.com\/index.php\/wp-json\/wp\/v2\/categories?post=30718"},{"taxonomy":"post_tag","embeddable":true,"href":"https:\/\/contextoanalisisperiodistico.com\/index.php\/wp-json\/wp\/v2\/tags?post=30718"}],"curies":[{"name":"wp","href":"https:\/\/api.w.org\/{rel}","templated":true}]}}