{"id":30715,"date":"2024-08-26T14:09:34","date_gmt":"2024-08-26T20:09:34","guid":{"rendered":"https:\/\/contextoanalisisperiodistico.com\/index.php\/2024\/08\/26\/acepta-gobernador-salomon-jara-renuncia-de-alma-lilia-velasco-a-la-secretaria-de-salud\/"},"modified":"2024-08-26T14:09:34","modified_gmt":"2024-08-26T20:09:34","slug":"acepta-gobernador-salomon-jara-renuncia-de-alma-lilia-velasco-a-la-secretaria-de-salud","status":"publish","type":"post","link":"https:\/\/contextoanalisisperiodistico.com\/index.php\/2024\/08\/26\/acepta-gobernador-salomon-jara-renuncia-de-alma-lilia-velasco-a-la-secretaria-de-salud\/","title":{"rendered":"Acepta Gobernador Salom\u00f3n Jara, renuncia de Alma Lilia Velasco a la Secretar\u00eda de Salud"},"content":{"rendered":"<div id=\"fb-root\"><\/div>\n\n<p>\u2022 Efr\u00e9n Emmanuel Jarqu\u00edn Gonz\u00e1lez queda como encargado del despacho de la dependencia<\/p>\n\n\n\n<p>Oaxaca de Ju\u00e1rez, Oax. 26 de agosto del 2024.- El Gobernador del Estado Salom\u00f3n Jara Cruz inform\u00f3 que la ma\u00f1ana de este lunes acept\u00f3 la renuncia de Alma Lilia Velasco Hern\u00e1ndez al cargo de secretaria de Salud.<\/p>\n\n\n\n<p>El Mandatario oaxaque\u00f1o reconoci\u00f3 y agradeci\u00f3 el trabajo realizado por la hoy extitular de la dependencia, quien realiz\u00f3 un trabajo para dignificar y hacer m\u00e1s eficiente el sistema de salud en las ocho regiones del estado de Oaxaca.<\/p>\n\n\n\n<p>Con la federalizaci\u00f3n de los Servicios de Salud, los \u00f3rganos estatales deber\u00e1n compactarse y acotar sus funciones, por lo que la doctora ha tomado esta decisi\u00f3n para facilitar el proceso de transformaci\u00f3n a partir de la entrada en vigor del modelo IMSS-Bienestar, dio a conocer el titular del Poder Ejecutivo.<\/p>\n\n\n\n<p>Anunci\u00f3 que en lo que se designa una o un nuevo titular de la Secretar\u00eda de Salud queda a cargo del despacho Efr\u00e9n Emmanuel Jarqu\u00edn Gonz\u00e1lez.<\/p>\n\n\n\n<p>De esta manera, el IMSS Bienestar asumir\u00e1 la responsabilidad de la atenci\u00f3n m\u00e9dica, siendo as\u00ed que la Secretar\u00eda y los Servicios de Salud de Oaxaca (SSO) se convertir\u00e1n exclusivamente en un ente rector, normativo y preventivo.<\/p>\n\n\n\n<p>-0-<\/p>\n","protected":false},"excerpt":{"rendered":"<p>\u2022 Efr\u00e9n Emmanuel Jarqu\u00edn Gonz\u00e1lez queda como encargado del despacho de la dependencia Oaxaca de&#8230;<\/p>\n","protected":false},"author":4,"featured_media":30714,"comment_status":"","ping_status":"open","sticky":false,"template":"","format":"standard","meta":{"footnotes":""},"categories":[9],"tags":[],"jetpack_sharing_enabled":true,"featured_image_urls":{"full":["https:\/\/contextoanalisisperiodistico.com\/wp-content\/uploads\/2024\/08\/IMG-20240826-WA0048.jpg",1080,1080,false],"thumbnail":["https:\/\/contextoanalisisperiodistico.com\/wp-content\/uploads\/2024\/08\/IMG-20240826-WA0048-150x150.jpg",150,150,true],"medium":["https:\/\/contextoanalisisperiodistico.com\/wp-content\/uploads\/2024\/08\/IMG-20240826-WA0048-300x300.jpg",300,300,true],"medium_large":["https:\/\/contextoanalisisperiodistico.com\/wp-content\/uploads\/2024\/08\/IMG-20240826-WA0048-768x768.jpg",640,640,true],"large":["https:\/\/contextoanalisisperiodistico.com\/wp-content\/uploads\/2024\/08\/IMG-20240826-WA0048-1024x1024.jpg",640,640,true],"1536x1536":["https:\/\/contextoanalisisperiodistico.com\/wp-content\/uploads\/2024\/08\/IMG-20240826-WA0048.jpg",1080,1080,false],"2048x2048":["https:\/\/contextoanalisisperiodistico.com\/wp-content\/uploads\/2024\/08\/IMG-20240826-WA0048.jpg",1080,1080,false],"covernews-slider-full":["https:\/\/contextoanalisisperiodistico.com\/wp-content\/uploads\/2024\/08\/IMG-20240826-WA0048-1080x715.jpg",1080,715,true],"covernews-slider-center":["https:\/\/contextoanalisisperiodistico.com\/wp-content\/uploads\/2024\/08\/IMG-20240826-WA0048-800x500.jpg",800,500,true],"covernews-featured":["https:\/\/contextoanalisisperiodistico.com\/wp-content\/uploads\/2024\/08\/IMG-20240826-WA0048-1024x1024.jpg",1024,1024,true],"covernews-medium":["https:\/\/contextoanalisisperiodistico.com\/wp-content\/uploads\/2024\/08\/IMG-20240826-WA0048-540x340.jpg",540,340,true],"covernews-medium-square":["https:\/\/contextoanalisisperiodistico.com\/wp-content\/uploads\/2024\/08\/IMG-20240826-WA0048-400x250.jpg",400,250,true]},"author_info":{"display_name":"Mario Gir\u00f3n","author_link":"https:\/\/contextoanalisisperiodistico.com\/index.php\/author\/director\/"},"category_info":"<a href=\"https:\/\/contextoanalisisperiodistico.com\/index.php\/category\/politica\/\" rel=\"category tag\">Pol\u00edtica<\/a>","tag_info":"Pol\u00edtica","comment_count":"0","jetpack_featured_media_url":"https:\/\/contextoanalisisperiodistico.com\/wp-content\/uploads\/2024\/08\/IMG-20240826-WA0048.jpg","_links":{"self":[{"href":"https:\/\/contextoanalisisperiodistico.com\/index.php\/wp-json\/wp\/v2\/posts\/30715"}],"collection":[{"href":"https:\/\/contextoanalisisperiodistico.com\/index.php\/wp-json\/wp\/v2\/posts"}],"about":[{"href":"https:\/\/contextoanalisisperiodistico.com\/index.php\/wp-json\/wp\/v2\/types\/post"}],"author":[{"embeddable":true,"href":"https:\/\/contextoanalisisperiodistico.com\/index.php\/wp-json\/wp\/v2\/users\/4"}],"replies":[{"embeddable":true,"href":"https:\/\/contextoanalisisperiodistico.com\/index.php\/wp-json\/wp\/v2\/comments?post=30715"}],"version-history":[{"count":0,"href":"https:\/\/contextoanalisisperiodistico.com\/index.php\/wp-json\/wp\/v2\/posts\/30715\/revisions"}],"wp:featuredmedia":[{"embeddable":true,"href":"https:\/\/contextoanalisisperiodistico.com\/index.php\/wp-json\/wp\/v2\/media\/30714"}],"wp:attachment":[{"href":"https:\/\/contextoanalisisperiodistico.com\/index.php\/wp-json\/wp\/v2\/media?parent=30715"}],"wp:term":[{"taxonomy":"category","embeddable":true,"href":"https:\/\/contextoanalisisperiodistico.com\/index.php\/wp-json\/wp\/v2\/categories?post=30715"},{"taxonomy":"post_tag","embeddable":true,"href":"https:\/\/contextoanalisisperiodistico.com\/index.php\/wp-json\/wp\/v2\/tags?post=30715"}],"curies":[{"name":"wp","href":"https:\/\/api.w.org\/{rel}","templated":true}]}}