{"id":30712,"date":"2024-08-26T12:59:54","date_gmt":"2024-08-26T18:59:54","guid":{"rendered":"https:\/\/contextoanalisisperiodistico.com\/index.php\/2024\/08\/26\/concluye-vera-ninez-con-exito-el-parque-ciudad-de-las-canteras-se-lleno-de-diversion\/"},"modified":"2024-08-26T13:03:19","modified_gmt":"2024-08-26T19:03:19","slug":"concluye-vera-ninez-con-exito-el-parque-ciudad-de-las-canteras-se-lleno-de-diversion","status":"publish","type":"post","link":"https:\/\/contextoanalisisperiodistico.com\/index.php\/2024\/08\/26\/concluye-vera-ninez-con-exito-el-parque-ciudad-de-las-canteras-se-lleno-de-diversion\/","title":{"rendered":"Con \u00e9xito concluye Vera Ni\u00f1ez: se lleno de diversi\u00f3n El Parque Ciudad de las Canteras"},"content":{"rendered":"<div id=\"fb-root\"><\/div>\n\n<p>\u2022 M\u00e1s de 10 mil ni\u00f1as y ni\u00f1os disfrutaron de actividades recreativas del 1 al 25 de agosto<\/p>\n\n\n\n<figure class=\"wp-block-image size-large\"><img fetchpriority=\"high\" decoding=\"async\" width=\"1024\" height=\"682\" src=\"https:\/\/contextoanalisisperiodistico.com\/wp-content\/uploads\/2024\/08\/img-20240826-wa00403847373543537296256-1024x682.jpg\" alt=\"\" class=\"wp-image-30710\" srcset=\"https:\/\/contextoanalisisperiodistico.com\/wp-content\/uploads\/2024\/08\/img-20240826-wa00403847373543537296256-1024x682.jpg 1024w, https:\/\/contextoanalisisperiodistico.com\/wp-content\/uploads\/2024\/08\/img-20240826-wa00403847373543537296256-300x200.jpg 300w, https:\/\/contextoanalisisperiodistico.com\/wp-content\/uploads\/2024\/08\/img-20240826-wa00403847373543537296256-768x512.jpg 768w, https:\/\/contextoanalisisperiodistico.com\/wp-content\/uploads\/2024\/08\/img-20240826-wa00403847373543537296256-1536x1023.jpg 1536w, https:\/\/contextoanalisisperiodistico.com\/wp-content\/uploads\/2024\/08\/img-20240826-wa00403847373543537296256.jpg 1600w\" sizes=\"(max-width: 1024px) 100vw, 1024px\" \/><\/figure>\n\n\n\n<figure class=\"wp-block-image\"><img decoding=\"async\" width=\"1024\" height=\"682\" src=\"https:\/\/contextoanalisisperiodistico.com\/wp-content\/uploads\/2024\/08\/img-20240826-wa00393159799025859124604-1024x682.jpg\" alt=\"\" class=\"wp-image-30711\" srcset=\"https:\/\/contextoanalisisperiodistico.com\/wp-content\/uploads\/2024\/08\/img-20240826-wa00393159799025859124604-1024x682.jpg 1024w, https:\/\/contextoanalisisperiodistico.com\/wp-content\/uploads\/2024\/08\/img-20240826-wa00393159799025859124604-300x200.jpg 300w, https:\/\/contextoanalisisperiodistico.com\/wp-content\/uploads\/2024\/08\/img-20240826-wa00393159799025859124604-768x512.jpg 768w, https:\/\/contextoanalisisperiodistico.com\/wp-content\/uploads\/2024\/08\/img-20240826-wa00393159799025859124604-1536x1023.jpg 1536w, https:\/\/contextoanalisisperiodistico.com\/wp-content\/uploads\/2024\/08\/img-20240826-wa00393159799025859124604.jpg 1600w\" sizes=\"(max-width: 1024px) 100vw, 1024px\" \/><\/figure>\n\n\n\n<p>Tlalixtac de Cabrera, Oax. 26 de agosto de 2024.- El Gobierno del Estado a trav\u00e9s del Sistema para el Desarrollo Integral de la Familia (DIF) Oaxaca llev\u00f3 a cabo el Festival Vera Ni\u00f1ez del 1 al 25 de agosto en el Parque Ciudad de las Canteras, a fin de que las infancias oaxaque\u00f1as disfrutaran unas vacaciones inolvidables.<\/p>\n\n\n\n<p>La Secretar\u00eda de Administraci\u00f3n (SA) inform\u00f3 que, durante este per\u00edodo, se ofrecieron 197 actividades l\u00fadicas, recreativas y art\u00edsticas, organizadas por diversas dependencias de la administraci\u00f3n p\u00fablica estatal. Entre estas se encuentran el programa de fomento a la lectura Minutos para Imaginar, Guardianes de los Derechos y la DivertiRuta.<\/p>\n\n\n\n<p>Vera Ni\u00f1ez brind\u00f3 a las y los asistentes actividades permanentes de la SA como juegos de destreza, de mesa y psicomotrices; activaci\u00f3n e integraci\u00f3n, cuenta cuentos, una ludoteca al aire libre, manualidades, box, kung fu, yoga b\u00e1sico, acondicionamiento f\u00edsico infantil, paseos en el trenecito, vueltas en el carrusel y atenci\u00f3n m\u00e9dica b\u00e1sica en caso de requerirla.<\/p>\n\n\n\n<p>Las actividades programadas contaron con la participaci\u00f3n de 5 mil 696 infancias de entre 6 a 8 a\u00f1os de edad y 5 mil 252 de 9 a 11 a\u00f1os de edad, beneficiando a un total de 10 mil 948 ni\u00f1as y ni\u00f1os, quienes disfrutaron e interactuaron con nuevas amistades a trav\u00e9s de actividades l\u00fadicas y recreativas para su desarrollo f\u00edsico y cognitivo.<\/p>\n\n\n\n<p>Para garantizar la seguridad e integridad de las personas asistentes, participaron personal de la Coordinaci\u00f3n Estatal de Protecci\u00f3n Civil y Gesti\u00f3n de Riesgos (CEPCyGR), el Honorable Cuerpo de Bomberos (HCBO), la Polic\u00eda Auxiliar, Bancaria, Industrial y Comercial (PABIC) y la Polic\u00eda Estatal de la Secretar\u00eda de Seguridad y Protecci\u00f3n Ciudadana (SSPC).<\/p>\n\n\n\n<p>Con estas acciones, el Gobierno de la Primavera Oaxaque\u00f1a que encabeza el Mandatario Estatal Salom\u00f3n Jara Cruz prioriza el Inter\u00e9s Superior de la Ni\u00f1ez y Adolescencia, promoviendo actividades que garantizan los derechos de este sector de la poblaci\u00f3n en todos los sentidos.<br \/>-0-<\/p>\n","protected":false},"excerpt":{"rendered":"<p>\u2022 M\u00e1s de 10 mil ni\u00f1as y ni\u00f1os disfrutaron de actividades recreativas del 1 al&#8230;<\/p>\n","protected":false},"author":4,"featured_media":30709,"comment_status":"closed","ping_status":"open","sticky":false,"template":"","format":"standard","meta":{"footnotes":""},"categories":[9],"tags":[],"jetpack_sharing_enabled":true,"featured_image_urls":{"full":["https:\/\/contextoanalisisperiodistico.com\/wp-content\/uploads\/2024\/08\/IMG-20240826-WA0038.jpg",1600,1066,false],"thumbnail":["https:\/\/contextoanalisisperiodistico.com\/wp-content\/uploads\/2024\/08\/IMG-20240826-WA0038-150x150.jpg",150,150,true],"medium":["https:\/\/contextoanalisisperiodistico.com\/wp-content\/uploads\/2024\/08\/IMG-20240826-WA0038-300x200.jpg",300,200,true],"medium_large":["https:\/\/contextoanalisisperiodistico.com\/wp-content\/uploads\/2024\/08\/IMG-20240826-WA0038-768x512.jpg",640,427,true],"large":["https:\/\/contextoanalisisperiodistico.com\/wp-content\/uploads\/2024\/08\/IMG-20240826-WA0038-1024x682.jpg",640,426,true],"1536x1536":["https:\/\/contextoanalisisperiodistico.com\/wp-content\/uploads\/2024\/08\/IMG-20240826-WA0038-1536x1023.jpg",1536,1023,true],"2048x2048":["https:\/\/contextoanalisisperiodistico.com\/wp-content\/uploads\/2024\/08\/IMG-20240826-WA0038.jpg",1600,1066,false],"covernews-slider-full":["https:\/\/contextoanalisisperiodistico.com\/wp-content\/uploads\/2024\/08\/IMG-20240826-WA0038-1115x715.jpg",1115,715,true],"covernews-slider-center":["https:\/\/contextoanalisisperiodistico.com\/wp-content\/uploads\/2024\/08\/IMG-20240826-WA0038-800x500.jpg",800,500,true],"covernews-featured":["https:\/\/contextoanalisisperiodistico.com\/wp-content\/uploads\/2024\/08\/IMG-20240826-WA0038-1024x682.jpg",1024,682,true],"covernews-medium":["https:\/\/contextoanalisisperiodistico.com\/wp-content\/uploads\/2024\/08\/IMG-20240826-WA0038-540x340.jpg",540,340,true],"covernews-medium-square":["https:\/\/contextoanalisisperiodistico.com\/wp-content\/uploads\/2024\/08\/IMG-20240826-WA0038-400x250.jpg",400,250,true]},"author_info":{"display_name":"Mario Gir\u00f3n","author_link":"https:\/\/contextoanalisisperiodistico.com\/index.php\/author\/director\/"},"category_info":"<a href=\"https:\/\/contextoanalisisperiodistico.com\/index.php\/category\/politica\/\" rel=\"category tag\">Pol\u00edtica<\/a>","tag_info":"Pol\u00edtica","comment_count":"0","jetpack_featured_media_url":"https:\/\/contextoanalisisperiodistico.com\/wp-content\/uploads\/2024\/08\/IMG-20240826-WA0038.jpg","_links":{"self":[{"href":"https:\/\/contextoanalisisperiodistico.com\/index.php\/wp-json\/wp\/v2\/posts\/30712"}],"collection":[{"href":"https:\/\/contextoanalisisperiodistico.com\/index.php\/wp-json\/wp\/v2\/posts"}],"about":[{"href":"https:\/\/contextoanalisisperiodistico.com\/index.php\/wp-json\/wp\/v2\/types\/post"}],"author":[{"embeddable":true,"href":"https:\/\/contextoanalisisperiodistico.com\/index.php\/wp-json\/wp\/v2\/users\/4"}],"replies":[{"embeddable":true,"href":"https:\/\/contextoanalisisperiodistico.com\/index.php\/wp-json\/wp\/v2\/comments?post=30712"}],"version-history":[{"count":1,"href":"https:\/\/contextoanalisisperiodistico.com\/index.php\/wp-json\/wp\/v2\/posts\/30712\/revisions"}],"predecessor-version":[{"id":30713,"href":"https:\/\/contextoanalisisperiodistico.com\/index.php\/wp-json\/wp\/v2\/posts\/30712\/revisions\/30713"}],"wp:featuredmedia":[{"embeddable":true,"href":"https:\/\/contextoanalisisperiodistico.com\/index.php\/wp-json\/wp\/v2\/media\/30709"}],"wp:attachment":[{"href":"https:\/\/contextoanalisisperiodistico.com\/index.php\/wp-json\/wp\/v2\/media?parent=30712"}],"wp:term":[{"taxonomy":"category","embeddable":true,"href":"https:\/\/contextoanalisisperiodistico.com\/index.php\/wp-json\/wp\/v2\/categories?post=30712"},{"taxonomy":"post_tag","embeddable":true,"href":"https:\/\/contextoanalisisperiodistico.com\/index.php\/wp-json\/wp\/v2\/tags?post=30712"}],"curies":[{"name":"wp","href":"https:\/\/api.w.org\/{rel}","templated":true}]}}