{"id":30700,"date":"2024-08-26T12:15:22","date_gmt":"2024-08-26T18:15:22","guid":{"rendered":"https:\/\/contextoanalisisperiodistico.com\/index.php\/2024\/08\/26\/educar-es-transformar-salomon-jara-cruz-durante-inicio-del-ciclo-escolar-2024-2025\/"},"modified":"2024-08-26T12:27:11","modified_gmt":"2024-08-26T18:27:11","slug":"educar-es-transformar-salomon-jara-cruz-durante-inicio-del-ciclo-escolar-2024-2025","status":"publish","type":"post","link":"https:\/\/contextoanalisisperiodistico.com\/index.php\/2024\/08\/26\/educar-es-transformar-salomon-jara-cruz-durante-inicio-del-ciclo-escolar-2024-2025\/","title":{"rendered":"\u201cEducar es transformar\u201d: Salom\u00f3n Jara Cruz, durante inicio del ciclo escolar 2024-2025"},"content":{"rendered":"<div id=\"fb-root\"><\/div>\n\n<p>\u2022 El titular de la Gubernatura reconoci\u00f3 la labor de madres, padres y profesorado por su participaci\u00f3n en los procesos educativos y sociales<\/p>\n\n\n\n<figure class=\"wp-block-image size-large\"><img fetchpriority=\"high\" decoding=\"async\" width=\"1024\" height=\"659\" src=\"https:\/\/contextoanalisisperiodistico.com\/wp-content\/uploads\/2024\/08\/img-20240826-wa00186218471984806658183-1024x659.jpg\" alt=\"\" class=\"wp-image-30695\" srcset=\"https:\/\/contextoanalisisperiodistico.com\/wp-content\/uploads\/2024\/08\/img-20240826-wa00186218471984806658183-1024x659.jpg 1024w, https:\/\/contextoanalisisperiodistico.com\/wp-content\/uploads\/2024\/08\/img-20240826-wa00186218471984806658183-300x193.jpg 300w, https:\/\/contextoanalisisperiodistico.com\/wp-content\/uploads\/2024\/08\/img-20240826-wa00186218471984806658183-768x494.jpg 768w, https:\/\/contextoanalisisperiodistico.com\/wp-content\/uploads\/2024\/08\/img-20240826-wa00186218471984806658183-1536x988.jpg 1536w, https:\/\/contextoanalisisperiodistico.com\/wp-content\/uploads\/2024\/08\/img-20240826-wa00186218471984806658183.jpg 1600w\" sizes=\"(max-width: 1024px) 100vw, 1024px\" \/><\/figure>\n\n\n\n<figure class=\"wp-block-image\"><img decoding=\"async\" width=\"1024\" height=\"591\" src=\"https:\/\/contextoanalisisperiodistico.com\/wp-content\/uploads\/2024\/08\/img-20240826-wa00192254260653410333609-1024x591.jpg\" alt=\"\" class=\"wp-image-30697\" srcset=\"https:\/\/contextoanalisisperiodistico.com\/wp-content\/uploads\/2024\/08\/img-20240826-wa00192254260653410333609-1024x591.jpg 1024w, https:\/\/contextoanalisisperiodistico.com\/wp-content\/uploads\/2024\/08\/img-20240826-wa00192254260653410333609-300x173.jpg 300w, https:\/\/contextoanalisisperiodistico.com\/wp-content\/uploads\/2024\/08\/img-20240826-wa00192254260653410333609-768x443.jpg 768w, https:\/\/contextoanalisisperiodistico.com\/wp-content\/uploads\/2024\/08\/img-20240826-wa00192254260653410333609-1536x886.jpg 1536w, https:\/\/contextoanalisisperiodistico.com\/wp-content\/uploads\/2024\/08\/img-20240826-wa00192254260653410333609.jpg 1600w\" sizes=\"(max-width: 1024px) 100vw, 1024px\" \/><\/figure>\n\n\n\n<figure class=\"wp-block-image\"><img decoding=\"async\" width=\"1024\" height=\"682\" src=\"https:\/\/contextoanalisisperiodistico.com\/wp-content\/uploads\/2024\/08\/img-20240826-wa00131333834280878519424-1024x682.jpg\" alt=\"\" class=\"wp-image-30696\" srcset=\"https:\/\/contextoanalisisperiodistico.com\/wp-content\/uploads\/2024\/08\/img-20240826-wa00131333834280878519424-1024x682.jpg 1024w, https:\/\/contextoanalisisperiodistico.com\/wp-content\/uploads\/2024\/08\/img-20240826-wa00131333834280878519424-300x200.jpg 300w, https:\/\/contextoanalisisperiodistico.com\/wp-content\/uploads\/2024\/08\/img-20240826-wa00131333834280878519424-768x512.jpg 768w, https:\/\/contextoanalisisperiodistico.com\/wp-content\/uploads\/2024\/08\/img-20240826-wa00131333834280878519424-1536x1023.jpg 1536w, https:\/\/contextoanalisisperiodistico.com\/wp-content\/uploads\/2024\/08\/img-20240826-wa00131333834280878519424.jpg 1600w\" sizes=\"(max-width: 1024px) 100vw, 1024px\" \/><\/figure>\n\n\n\n<figure class=\"wp-block-image\"><img loading=\"lazy\" decoding=\"async\" width=\"1024\" height=\"682\" src=\"https:\/\/contextoanalisisperiodistico.com\/wp-content\/uploads\/2024\/08\/img-20240826-wa00145787948601457816243-1024x682.jpg\" alt=\"\" class=\"wp-image-30699\" srcset=\"https:\/\/contextoanalisisperiodistico.com\/wp-content\/uploads\/2024\/08\/img-20240826-wa00145787948601457816243-1024x682.jpg 1024w, https:\/\/contextoanalisisperiodistico.com\/wp-content\/uploads\/2024\/08\/img-20240826-wa00145787948601457816243-300x200.jpg 300w, https:\/\/contextoanalisisperiodistico.com\/wp-content\/uploads\/2024\/08\/img-20240826-wa00145787948601457816243-768x512.jpg 768w, https:\/\/contextoanalisisperiodistico.com\/wp-content\/uploads\/2024\/08\/img-20240826-wa00145787948601457816243-1536x1023.jpg 1536w, https:\/\/contextoanalisisperiodistico.com\/wp-content\/uploads\/2024\/08\/img-20240826-wa00145787948601457816243.jpg 1600w\" sizes=\"(max-width: 1024px) 100vw, 1024px\" \/><\/figure>\n\n\n\n<figure class=\"wp-block-image\"><img loading=\"lazy\" decoding=\"async\" width=\"1024\" height=\"682\" src=\"https:\/\/contextoanalisisperiodistico.com\/wp-content\/uploads\/2024\/08\/img-20240826-wa0016322345429676927804-1024x682.jpg\" alt=\"\" class=\"wp-image-30698\" srcset=\"https:\/\/contextoanalisisperiodistico.com\/wp-content\/uploads\/2024\/08\/img-20240826-wa0016322345429676927804-1024x682.jpg 1024w, https:\/\/contextoanalisisperiodistico.com\/wp-content\/uploads\/2024\/08\/img-20240826-wa0016322345429676927804-300x200.jpg 300w, https:\/\/contextoanalisisperiodistico.com\/wp-content\/uploads\/2024\/08\/img-20240826-wa0016322345429676927804-768x512.jpg 768w, https:\/\/contextoanalisisperiodistico.com\/wp-content\/uploads\/2024\/08\/img-20240826-wa0016322345429676927804-1536x1023.jpg 1536w, https:\/\/contextoanalisisperiodistico.com\/wp-content\/uploads\/2024\/08\/img-20240826-wa0016322345429676927804.jpg 1600w\" sizes=\"(max-width: 1024px) 100vw, 1024px\" \/><\/figure>\n\n\n\n<p>San Antonio de la Cal, Oax., 26 de agosto de 2024.- El Gobernador Salom\u00f3n Jara Cruz inaugur\u00f3 el ciclo escolar 2024-2025 junto a la comunidad escolar de la Secundaria T\u00e9cnica n\u00famero 100, ubicada en este municipio de Valles Centrales, donde reafirm\u00f3 su compromiso con la educaci\u00f3n y el inter\u00e9s Superior de la Ni\u00f1ez y Juventudes oaxaque\u00f1a.<\/p>\n\n\n\n<p>Durante la ceremonia de inauguraci\u00f3n el Mandatario estatal expres\u00f3 que \u201ceducar es transformar, pues es la visi\u00f3n con la que se contempla en todo momento las actividades de ense\u00f1anza y aprendizaje en la entidad, que tienen como base resaltar su riqueza, propiciar el di\u00e1logo y la salvaguarda del derecho a la educaci\u00f3n\u201d.<\/p>\n\n\n\n<p>Afirm\u00f3 que, para la Primavera Oaxaque\u00f1a el apoyo a la educaci\u00f3n es un pilar y en ello se centran los esfuerzos de la administraci\u00f3n, con especial inter\u00e9s en el impulso de planes de estudio en congruencia con la visi\u00f3n cultural de los pueblos, que ponga al frente los valores comunitarios.<\/p>\n\n\n\n<p>Asimismo, reconoci\u00f3 la labor de madres y padres de familia, cuyo trabajo es fundamental en el proceso de ense\u00f1anza, y al profesorado por su lucha hist\u00f3rica, la cual ha contribuido a la justicia social.<\/p>\n\n\n\n<p>En este acto, el titular de la Gubernatura entreg\u00f3 simb\u00f3licamente mobiliario y equipo escolar para esta instituci\u00f3n, los cuales fueron recibidos por la estudiante Berenice Bejarano Morales, el alumno Jos\u00e9 Miguel \u00c1vila Cruz y el director de la misma, Edgar Hern\u00e1ndez M\u00e9ndez.<\/p>\n\n\n\n<p>En este sentido, inform\u00f3 que en 2023 se hicieron obras de mejoramiento a la infraestructura educativa y el otorgamiento de insumos en las escuelas de todo el territorio oaxaque\u00f1o, con una inversi\u00f3n que rebasa los 500 millones de pesos.<\/p>\n\n\n\n<p>El Director General de Coordinaci\u00f3n y Desarrollo Sectorial de la Secretar\u00eda de Educaci\u00f3n P\u00fablica (SEP), Jorge Mario Ol\u00edn Balderas expres\u00f3 en su oportunidad que, los libros de texto gratuitos son una herramienta que permitir\u00e1 al alumnado realizar proyectos que aporten a la vida de sus comunidades bajo una visi\u00f3n inclusiva.<\/p>\n\n\n\n<p>Este d\u00eda regresaron a clases 866 mil 186 estudiantes, en aproximadamente 11 mil escuelas de toda la entidad, cuyas actividades se regir\u00e1n bajo el calendario escolar que este ciclo ser\u00e1 de 190 d\u00edas.<\/p>\n\n\n\n<p>-0-<\/p>\n","protected":false},"excerpt":{"rendered":"<p>\u2022 El titular de la Gubernatura reconoci\u00f3 la labor de madres, padres y profesorado por&#8230;<\/p>\n","protected":false},"author":4,"featured_media":30694,"comment_status":"closed","ping_status":"open","sticky":false,"template":"","format":"standard","meta":{"footnotes":""},"categories":[9],"tags":[],"jetpack_sharing_enabled":true,"featured_image_urls":{"full":["https:\/\/contextoanalisisperiodistico.com\/wp-content\/uploads\/2024\/08\/IMG-20240826-WA0015.jpg",1600,1066,false],"thumbnail":["https:\/\/contextoanalisisperiodistico.com\/wp-content\/uploads\/2024\/08\/IMG-20240826-WA0015-150x150.jpg",150,150,true],"medium":["https:\/\/contextoanalisisperiodistico.com\/wp-content\/uploads\/2024\/08\/IMG-20240826-WA0015-300x200.jpg",300,200,true],"medium_large":["https:\/\/contextoanalisisperiodistico.com\/wp-content\/uploads\/2024\/08\/IMG-20240826-WA0015-768x512.jpg",640,427,true],"large":["https:\/\/contextoanalisisperiodistico.com\/wp-content\/uploads\/2024\/08\/IMG-20240826-WA0015-1024x682.jpg",640,426,true],"1536x1536":["https:\/\/contextoanalisisperiodistico.com\/wp-content\/uploads\/2024\/08\/IMG-20240826-WA0015-1536x1023.jpg",1536,1023,true],"2048x2048":["https:\/\/contextoanalisisperiodistico.com\/wp-content\/uploads\/2024\/08\/IMG-20240826-WA0015.jpg",1600,1066,false],"covernews-slider-full":["https:\/\/contextoanalisisperiodistico.com\/wp-content\/uploads\/2024\/08\/IMG-20240826-WA0015-1115x715.jpg",1115,715,true],"covernews-slider-center":["https:\/\/contextoanalisisperiodistico.com\/wp-content\/uploads\/2024\/08\/IMG-20240826-WA0015-800x500.jpg",800,500,true],"covernews-featured":["https:\/\/contextoanalisisperiodistico.com\/wp-content\/uploads\/2024\/08\/IMG-20240826-WA0015-1024x682.jpg",1024,682,true],"covernews-medium":["https:\/\/contextoanalisisperiodistico.com\/wp-content\/uploads\/2024\/08\/IMG-20240826-WA0015-540x340.jpg",540,340,true],"covernews-medium-square":["https:\/\/contextoanalisisperiodistico.com\/wp-content\/uploads\/2024\/08\/IMG-20240826-WA0015-400x250.jpg",400,250,true]},"author_info":{"display_name":"Mario Gir\u00f3n","author_link":"https:\/\/contextoanalisisperiodistico.com\/index.php\/author\/director\/"},"category_info":"<a href=\"https:\/\/contextoanalisisperiodistico.com\/index.php\/category\/politica\/\" rel=\"category tag\">Pol\u00edtica<\/a>","tag_info":"Pol\u00edtica","comment_count":"0","jetpack_featured_media_url":"https:\/\/contextoanalisisperiodistico.com\/wp-content\/uploads\/2024\/08\/IMG-20240826-WA0015.jpg","_links":{"self":[{"href":"https:\/\/contextoanalisisperiodistico.com\/index.php\/wp-json\/wp\/v2\/posts\/30700"}],"collection":[{"href":"https:\/\/contextoanalisisperiodistico.com\/index.php\/wp-json\/wp\/v2\/posts"}],"about":[{"href":"https:\/\/contextoanalisisperiodistico.com\/index.php\/wp-json\/wp\/v2\/types\/post"}],"author":[{"embeddable":true,"href":"https:\/\/contextoanalisisperiodistico.com\/index.php\/wp-json\/wp\/v2\/users\/4"}],"replies":[{"embeddable":true,"href":"https:\/\/contextoanalisisperiodistico.com\/index.php\/wp-json\/wp\/v2\/comments?post=30700"}],"version-history":[{"count":1,"href":"https:\/\/contextoanalisisperiodistico.com\/index.php\/wp-json\/wp\/v2\/posts\/30700\/revisions"}],"predecessor-version":[{"id":30701,"href":"https:\/\/contextoanalisisperiodistico.com\/index.php\/wp-json\/wp\/v2\/posts\/30700\/revisions\/30701"}],"wp:featuredmedia":[{"embeddable":true,"href":"https:\/\/contextoanalisisperiodistico.com\/index.php\/wp-json\/wp\/v2\/media\/30694"}],"wp:attachment":[{"href":"https:\/\/contextoanalisisperiodistico.com\/index.php\/wp-json\/wp\/v2\/media?parent=30700"}],"wp:term":[{"taxonomy":"category","embeddable":true,"href":"https:\/\/contextoanalisisperiodistico.com\/index.php\/wp-json\/wp\/v2\/categories?post=30700"},{"taxonomy":"post_tag","embeddable":true,"href":"https:\/\/contextoanalisisperiodistico.com\/index.php\/wp-json\/wp\/v2\/tags?post=30700"}],"curies":[{"name":"wp","href":"https:\/\/api.w.org\/{rel}","templated":true}]}}