{"id":30693,"date":"2024-08-25T18:13:35","date_gmt":"2024-08-26T00:13:35","guid":{"rendered":"https:\/\/contextoanalisisperiodistico.com\/index.php\/2024\/08\/25\/con-autoridades-electas-sego-comparte-normas-para-la-buena-gobernanza-municipal\/"},"modified":"2024-08-25T18:13:35","modified_gmt":"2024-08-26T00:13:35","slug":"con-autoridades-electas-sego-comparte-normas-para-la-buena-gobernanza-municipal","status":"publish","type":"post","link":"https:\/\/contextoanalisisperiodistico.com\/index.php\/2024\/08\/25\/con-autoridades-electas-sego-comparte-normas-para-la-buena-gobernanza-municipal\/","title":{"rendered":"Con autoridades electas, Sego comparte normas para la buena gobernanza municipal"},"content":{"rendered":"<div id=\"fb-root\"><\/div>\n\n<p>Oaxaca de Ju\u00e1rez, Oax. 25 de agosto de 2024.- 180 Autoridades municipales electas de 62 municipios acudieron este domingo a Palacio de Gobierno como parte de las jornadas de capacitaci\u00f3n en las que la Secretar\u00eda de Gobierno (Sego) comparti\u00f3 el Programa de Paz con Justicia y Bienestar para el Pueblo de Oaxaca.<\/p>\n\n\n\n<p>Lo anterior, con la finalidad de que quienes encabecen las administraciones en los ayuntamientos conozcan este nuevo esquema ejecutado por instrucci\u00f3n del Gobernador Salom\u00f3n Jara Cruz<\/p>\n\n\n\n<p>En este sentido, el encargado de la pol\u00edtica interna de la entidad Jes\u00fas Romero L\u00f3pez expres\u00f3 ante las mujeres y hombres que conducir\u00e1n los destinos municipales, que tal como lo estipulan los gobiernos de la Cuarta Transformaci\u00f3n, deben ser principalmente los m\u00e1s pobres a quienes se dirijan las pol\u00edticas y acciones para consolidar el desarrollo y bienestar que el pueblo demanda.<\/p>\n\n\n\n<p>\u201cEn ese contexto es que surge esa idea innovadora de acercarnos a las y los presidentes municipales y fortalecer los conocimientos y capacidades para la buena gobernanza y gobernabilidad de sus municipios\u201d, expres\u00f3.<\/p>\n\n\n\n<p>Cabe se\u00f1alar que el nuevo esquema de atenci\u00f3n del gobierno de la Primavera Oaxaque\u00f1a busca garantizar la gobernabilidad y reconstruir el tejido social en la entidad, por lo que trabaja con las autoridades municipales de manera directa y sin intermediarios, fomentando en todo momento la cultura de paz, la cual es fundamental para el desarrollo y la gobernanza de cualquier sociedad.<\/p>\n\n\n\n<p>De igual forma, gracias a la nueva pol\u00edtica de atenci\u00f3n, han disminuido los \u00edndices de bloqueos, toma de oficinas gubernamentales y otras expresiones que de no ser atendidas pondr\u00edan en riesgo la paz social; resultados de la acci\u00f3n directa de la Coordinaci\u00f3n de Delegados de Paz, quienes mantienen un canal de comunicaci\u00f3n constante con la ciudadan\u00eda.<\/p>\n\n\n\n<p>Romero L\u00f3pez refiri\u00f3 que la \u00fanica ruta para la paz con justicia es el di\u00e1logo y la concertaci\u00f3n, por lo que las personas que tendr\u00e1n un cargo en las pr\u00f3ximas administraciones municipales deber\u00e1n compartir este esp\u00edritu de trabajo.<\/p>\n\n\n\n<p>-0-<\/p>\n\n\n\n<figure class=\"wp-block-image size-large\"><img fetchpriority=\"high\" decoding=\"async\" width=\"1024\" height=\"682\" src=\"https:\/\/contextoanalisisperiodistico.com\/wp-content\/uploads\/2024\/08\/img-20240825-wa00481972018697178154119-1024x682.jpg\" alt=\"\" class=\"wp-image-30691\" srcset=\"https:\/\/contextoanalisisperiodistico.com\/wp-content\/uploads\/2024\/08\/img-20240825-wa00481972018697178154119-1024x682.jpg 1024w, https:\/\/contextoanalisisperiodistico.com\/wp-content\/uploads\/2024\/08\/img-20240825-wa00481972018697178154119-300x200.jpg 300w, https:\/\/contextoanalisisperiodistico.com\/wp-content\/uploads\/2024\/08\/img-20240825-wa00481972018697178154119-768x512.jpg 768w, https:\/\/contextoanalisisperiodistico.com\/wp-content\/uploads\/2024\/08\/img-20240825-wa00481972018697178154119-1536x1023.jpg 1536w, https:\/\/contextoanalisisperiodistico.com\/wp-content\/uploads\/2024\/08\/img-20240825-wa00481972018697178154119.jpg 1600w\" sizes=\"(max-width: 1024px) 100vw, 1024px\" \/><\/figure>\n\n\n\n<figure class=\"wp-block-image\"><img decoding=\"async\" width=\"1024\" height=\"682\" src=\"https:\/\/contextoanalisisperiodistico.com\/wp-content\/uploads\/2024\/08\/img-20240825-wa00493138615194321305843-1024x682.jpg\" alt=\"\" class=\"wp-image-30692\" srcset=\"https:\/\/contextoanalisisperiodistico.com\/wp-content\/uploads\/2024\/08\/img-20240825-wa00493138615194321305843-1024x682.jpg 1024w, https:\/\/contextoanalisisperiodistico.com\/wp-content\/uploads\/2024\/08\/img-20240825-wa00493138615194321305843-300x200.jpg 300w, https:\/\/contextoanalisisperiodistico.com\/wp-content\/uploads\/2024\/08\/img-20240825-wa00493138615194321305843-768x512.jpg 768w, https:\/\/contextoanalisisperiodistico.com\/wp-content\/uploads\/2024\/08\/img-20240825-wa00493138615194321305843-1536x1023.jpg 1536w, https:\/\/contextoanalisisperiodistico.com\/wp-content\/uploads\/2024\/08\/img-20240825-wa00493138615194321305843.jpg 1600w\" sizes=\"(max-width: 1024px) 100vw, 1024px\" \/><\/figure>\n","protected":false},"excerpt":{"rendered":"<p>Oaxaca de Ju\u00e1rez, Oax. 25 de agosto de 2024.- 180 Autoridades municipales electas de 62&#8230;<\/p>\n","protected":false},"author":4,"featured_media":30690,"comment_status":"","ping_status":"open","sticky":false,"template":"","format":"standard","meta":{"footnotes":""},"categories":[9],"tags":[],"jetpack_sharing_enabled":true,"featured_image_urls":{"full":["https:\/\/contextoanalisisperiodistico.com\/wp-content\/uploads\/2024\/08\/IMG-20240825-WA0047.jpg",1600,920,false],"thumbnail":["https:\/\/contextoanalisisperiodistico.com\/wp-content\/uploads\/2024\/08\/IMG-20240825-WA0047-150x150.jpg",150,150,true],"medium":["https:\/\/contextoanalisisperiodistico.com\/wp-content\/uploads\/2024\/08\/IMG-20240825-WA0047-300x173.jpg",300,173,true],"medium_large":["https:\/\/contextoanalisisperiodistico.com\/wp-content\/uploads\/2024\/08\/IMG-20240825-WA0047-768x442.jpg",640,368,true],"large":["https:\/\/contextoanalisisperiodistico.com\/wp-content\/uploads\/2024\/08\/IMG-20240825-WA0047-1024x589.jpg",640,368,true],"1536x1536":["https:\/\/contextoanalisisperiodistico.com\/wp-content\/uploads\/2024\/08\/IMG-20240825-WA0047-1536x883.jpg",1536,883,true],"2048x2048":["https:\/\/contextoanalisisperiodistico.com\/wp-content\/uploads\/2024\/08\/IMG-20240825-WA0047.jpg",1600,920,false],"covernews-slider-full":["https:\/\/contextoanalisisperiodistico.com\/wp-content\/uploads\/2024\/08\/IMG-20240825-WA0047-1115x715.jpg",1115,715,true],"covernews-slider-center":["https:\/\/contextoanalisisperiodistico.com\/wp-content\/uploads\/2024\/08\/IMG-20240825-WA0047-800x500.jpg",800,500,true],"covernews-featured":["https:\/\/contextoanalisisperiodistico.com\/wp-content\/uploads\/2024\/08\/IMG-20240825-WA0047-1024x589.jpg",1024,589,true],"covernews-medium":["https:\/\/contextoanalisisperiodistico.com\/wp-content\/uploads\/2024\/08\/IMG-20240825-WA0047-540x340.jpg",540,340,true],"covernews-medium-square":["https:\/\/contextoanalisisperiodistico.com\/wp-content\/uploads\/2024\/08\/IMG-20240825-WA0047-400x250.jpg",400,250,true]},"author_info":{"display_name":"Mario Gir\u00f3n","author_link":"https:\/\/contextoanalisisperiodistico.com\/index.php\/author\/director\/"},"category_info":"<a href=\"https:\/\/contextoanalisisperiodistico.com\/index.php\/category\/politica\/\" rel=\"category tag\">Pol\u00edtica<\/a>","tag_info":"Pol\u00edtica","comment_count":"0","jetpack_featured_media_url":"https:\/\/contextoanalisisperiodistico.com\/wp-content\/uploads\/2024\/08\/IMG-20240825-WA0047.jpg","_links":{"self":[{"href":"https:\/\/contextoanalisisperiodistico.com\/index.php\/wp-json\/wp\/v2\/posts\/30693"}],"collection":[{"href":"https:\/\/contextoanalisisperiodistico.com\/index.php\/wp-json\/wp\/v2\/posts"}],"about":[{"href":"https:\/\/contextoanalisisperiodistico.com\/index.php\/wp-json\/wp\/v2\/types\/post"}],"author":[{"embeddable":true,"href":"https:\/\/contextoanalisisperiodistico.com\/index.php\/wp-json\/wp\/v2\/users\/4"}],"replies":[{"embeddable":true,"href":"https:\/\/contextoanalisisperiodistico.com\/index.php\/wp-json\/wp\/v2\/comments?post=30693"}],"version-history":[{"count":0,"href":"https:\/\/contextoanalisisperiodistico.com\/index.php\/wp-json\/wp\/v2\/posts\/30693\/revisions"}],"wp:featuredmedia":[{"embeddable":true,"href":"https:\/\/contextoanalisisperiodistico.com\/index.php\/wp-json\/wp\/v2\/media\/30690"}],"wp:attachment":[{"href":"https:\/\/contextoanalisisperiodistico.com\/index.php\/wp-json\/wp\/v2\/media?parent=30693"}],"wp:term":[{"taxonomy":"category","embeddable":true,"href":"https:\/\/contextoanalisisperiodistico.com\/index.php\/wp-json\/wp\/v2\/categories?post=30693"},{"taxonomy":"post_tag","embeddable":true,"href":"https:\/\/contextoanalisisperiodistico.com\/index.php\/wp-json\/wp\/v2\/tags?post=30693"}],"curies":[{"name":"wp","href":"https:\/\/api.w.org\/{rel}","templated":true}]}}