{"id":30689,"date":"2024-08-25T15:45:43","date_gmt":"2024-08-25T21:45:43","guid":{"rendered":"https:\/\/contextoanalisisperiodistico.com\/index.php\/2024\/08\/25\/triunfa-espiritu-altruista-en-carrera-atletica-por-la-donacion-de-sangre-sso\/"},"modified":"2024-08-25T15:45:43","modified_gmt":"2024-08-25T21:45:43","slug":"triunfa-espiritu-altruista-en-carrera-atletica-por-la-donacion-de-sangre-sso","status":"publish","type":"post","link":"https:\/\/contextoanalisisperiodistico.com\/index.php\/2024\/08\/25\/triunfa-espiritu-altruista-en-carrera-atletica-por-la-donacion-de-sangre-sso\/","title":{"rendered":"Triunfa esp\u00edritu altruista en carrera atl\u00e9tica por la donaci\u00f3n de sangre: SSO"},"content":{"rendered":"<div id=\"fb-root\"><\/div>\n\n<p>\u2022 El deporte de la mano con el altruismo, logr\u00f3 convocar a m\u00e1s de 200 personas para incentivar a la donaci\u00f3n de sangre<\/p>\n\n\n\n<figure class=\"wp-block-image size-large\"><img fetchpriority=\"high\" decoding=\"async\" width=\"620\" height=\"1024\" src=\"https:\/\/contextoanalisisperiodistico.com\/wp-content\/uploads\/2024\/08\/img-20240825-wa00407655366696520644630-620x1024.jpg\" alt=\"\" class=\"wp-image-30685\" srcset=\"https:\/\/contextoanalisisperiodistico.com\/wp-content\/uploads\/2024\/08\/img-20240825-wa00407655366696520644630-620x1024.jpg 620w, https:\/\/contextoanalisisperiodistico.com\/wp-content\/uploads\/2024\/08\/img-20240825-wa00407655366696520644630-182x300.jpg 182w, https:\/\/contextoanalisisperiodistico.com\/wp-content\/uploads\/2024\/08\/img-20240825-wa00407655366696520644630-768x1268.jpg 768w, https:\/\/contextoanalisisperiodistico.com\/wp-content\/uploads\/2024\/08\/img-20240825-wa00407655366696520644630-930x1536.jpg 930w, https:\/\/contextoanalisisperiodistico.com\/wp-content\/uploads\/2024\/08\/img-20240825-wa00407655366696520644630.jpg 969w\" sizes=\"(max-width: 620px) 100vw, 620px\" \/><\/figure>\n\n\n\n<figure class=\"wp-block-image\"><img decoding=\"async\" width=\"1024\" height=\"768\" src=\"https:\/\/contextoanalisisperiodistico.com\/wp-content\/uploads\/2024\/08\/img-20240825-wa00416158420182401403358-1024x768.jpg\" alt=\"\" class=\"wp-image-30687\" srcset=\"https:\/\/contextoanalisisperiodistico.com\/wp-content\/uploads\/2024\/08\/img-20240825-wa00416158420182401403358-1024x768.jpg 1024w, https:\/\/contextoanalisisperiodistico.com\/wp-content\/uploads\/2024\/08\/img-20240825-wa00416158420182401403358-300x225.jpg 300w, https:\/\/contextoanalisisperiodistico.com\/wp-content\/uploads\/2024\/08\/img-20240825-wa00416158420182401403358-768x576.jpg 768w, https:\/\/contextoanalisisperiodistico.com\/wp-content\/uploads\/2024\/08\/img-20240825-wa00416158420182401403358-1536x1152.jpg 1536w, https:\/\/contextoanalisisperiodistico.com\/wp-content\/uploads\/2024\/08\/img-20240825-wa00416158420182401403358.jpg 1600w\" sizes=\"(max-width: 1024px) 100vw, 1024px\" \/><\/figure>\n\n\n\n<figure class=\"wp-block-image\"><img decoding=\"async\" width=\"768\" height=\"1024\" src=\"https:\/\/contextoanalisisperiodistico.com\/wp-content\/uploads\/2024\/08\/img-20240825-wa00442767734624254142140-768x1024.jpg\" alt=\"\" class=\"wp-image-30688\" srcset=\"https:\/\/contextoanalisisperiodistico.com\/wp-content\/uploads\/2024\/08\/img-20240825-wa00442767734624254142140-768x1024.jpg 768w, https:\/\/contextoanalisisperiodistico.com\/wp-content\/uploads\/2024\/08\/img-20240825-wa00442767734624254142140-225x300.jpg 225w, https:\/\/contextoanalisisperiodistico.com\/wp-content\/uploads\/2024\/08\/img-20240825-wa00442767734624254142140-1152x1536.jpg 1152w, https:\/\/contextoanalisisperiodistico.com\/wp-content\/uploads\/2024\/08\/img-20240825-wa00442767734624254142140-1024x1365.jpg 1024w, https:\/\/contextoanalisisperiodistico.com\/wp-content\/uploads\/2024\/08\/img-20240825-wa00442767734624254142140.jpg 1200w\" sizes=\"(max-width: 768px) 100vw, 768px\" \/><\/figure>\n\n\n\n<figure class=\"wp-block-image\"><img loading=\"lazy\" decoding=\"async\" width=\"768\" height=\"1024\" src=\"https:\/\/contextoanalisisperiodistico.com\/wp-content\/uploads\/2024\/08\/img-20240825-wa004392375506699000399-768x1024.jpg\" alt=\"\" class=\"wp-image-30686\" srcset=\"https:\/\/contextoanalisisperiodistico.com\/wp-content\/uploads\/2024\/08\/img-20240825-wa004392375506699000399-768x1024.jpg 768w, https:\/\/contextoanalisisperiodistico.com\/wp-content\/uploads\/2024\/08\/img-20240825-wa004392375506699000399-225x300.jpg 225w, https:\/\/contextoanalisisperiodistico.com\/wp-content\/uploads\/2024\/08\/img-20240825-wa004392375506699000399-1152x1536.jpg 1152w, https:\/\/contextoanalisisperiodistico.com\/wp-content\/uploads\/2024\/08\/img-20240825-wa004392375506699000399-1024x1365.jpg 1024w, https:\/\/contextoanalisisperiodistico.com\/wp-content\/uploads\/2024\/08\/img-20240825-wa004392375506699000399.jpg 1200w\" sizes=\"(max-width: 768px) 100vw, 768px\" \/><\/figure>\n\n\n\n<p>\u2022 La competencia se llev\u00f3 a cabo en el Bosque El Tequio con la modalidad de 5 kil\u00f3metros en la rama femenil y varonil<br \/>Oaxaca de Ju\u00e1rez, Oax. 25 de agosto de 2024.- Con la participaci\u00f3n de m\u00e1s de 200 personas de esp\u00edritu altruista, entre familias de todas las edades, atletas y personal de salud, este domingo se llev\u00f3 a cabo la quinta edici\u00f3n de la Carrera Atl\u00e9tica de 5 kil\u00f3metros \u201cDonar sangre un acto de amor que corre por tus venas\u201d.<\/p>\n\n\n\n<p>El evento deportivo organizado por el Centro Estatal de la Transfusi\u00f3n Sangu\u00ednea (CETS) de los Servicios de Salud de Oaxaca (SSO), en el Bosque El Tequio, tuvo el objetivo de concientizar a la poblaci\u00f3n sobre la importancia de sumarse a la campa\u00f1a de donadores voluntarios de este vital tejido humano, necesario para aquellas personas que lo requieren para recuperar su salud.<\/p>\n\n\n\n<p>Con gran ovaci\u00f3n, Orlando Javier Espejel Robles consigui\u00f3 el primer lugar de la rama varonil con un tiempo de 19 minutos y 04 segundos; el segundo lugar fue para Daniel Ponce Hern\u00e1ndez, con un tiempo de 19 minutos con 46 segundos, mientras que, Jaime Ponce termin\u00f3 el recorrido en 20 minutos con 42 segundos.<\/p>\n\n\n\n<p>En la rama femenil, Edith Reyes se ubic\u00f3 en lo m\u00e1s alto del podio con tiempo de 24 minutos y cinco segundos; y en segunda y tercera posici\u00f3n se ubicaron, Berenice S\u00e1nchez y Rebeca P\u00e9rez Ruiz, respectivamente, al terminar la carrera en 25 minutos y 26 minutos con 30 segundos.<\/p>\n\n\n\n<p>La dependencia se\u00f1al\u00f3 que este tipo de eventos tiene la meta de fomentar un acto generoso para incentivar la cultura de la donaci\u00f3n de \u00f3rganos, as\u00ed como el desarrollo f\u00edsico, emocional y social, ya que el atletismo ofrece una amplia gama de beneficios, incluyendo la mejora de la salud cardiovascular, el desarrollo de habilidades motoras y la promoci\u00f3n de valores como la disciplina y la perseverancia.<\/p>\n\n\n\n<p>-0-<\/p>\n","protected":false},"excerpt":{"rendered":"<p>\u2022 El deporte de la mano con el altruismo, logr\u00f3 convocar a m\u00e1s de 200&#8230;<\/p>\n","protected":false},"author":4,"featured_media":30684,"comment_status":"","ping_status":"open","sticky":false,"template":"","format":"standard","meta":{"footnotes":""},"categories":[9],"tags":[],"jetpack_sharing_enabled":true,"featured_image_urls":{"full":["https:\/\/contextoanalisisperiodistico.com\/wp-content\/uploads\/2024\/08\/IMG-20240825-WA0042.jpg",1298,1200,false],"thumbnail":["https:\/\/contextoanalisisperiodistico.com\/wp-content\/uploads\/2024\/08\/IMG-20240825-WA0042-150x150.jpg",150,150,true],"medium":["https:\/\/contextoanalisisperiodistico.com\/wp-content\/uploads\/2024\/08\/IMG-20240825-WA0042-300x277.jpg",300,277,true],"medium_large":["https:\/\/contextoanalisisperiodistico.com\/wp-content\/uploads\/2024\/08\/IMG-20240825-WA0042-768x710.jpg",640,592,true],"large":["https:\/\/contextoanalisisperiodistico.com\/wp-content\/uploads\/2024\/08\/IMG-20240825-WA0042-1024x947.jpg",640,592,true],"1536x1536":["https:\/\/contextoanalisisperiodistico.com\/wp-content\/uploads\/2024\/08\/IMG-20240825-WA0042.jpg",1298,1200,false],"2048x2048":["https:\/\/contextoanalisisperiodistico.com\/wp-content\/uploads\/2024\/08\/IMG-20240825-WA0042.jpg",1298,1200,false],"covernews-slider-full":["https:\/\/contextoanalisisperiodistico.com\/wp-content\/uploads\/2024\/08\/IMG-20240825-WA0042-1115x715.jpg",1115,715,true],"covernews-slider-center":["https:\/\/contextoanalisisperiodistico.com\/wp-content\/uploads\/2024\/08\/IMG-20240825-WA0042-800x500.jpg",800,500,true],"covernews-featured":["https:\/\/contextoanalisisperiodistico.com\/wp-content\/uploads\/2024\/08\/IMG-20240825-WA0042-1024x947.jpg",1024,947,true],"covernews-medium":["https:\/\/contextoanalisisperiodistico.com\/wp-content\/uploads\/2024\/08\/IMG-20240825-WA0042-540x340.jpg",540,340,true],"covernews-medium-square":["https:\/\/contextoanalisisperiodistico.com\/wp-content\/uploads\/2024\/08\/IMG-20240825-WA0042-400x250.jpg",400,250,true]},"author_info":{"display_name":"Mario Gir\u00f3n","author_link":"https:\/\/contextoanalisisperiodistico.com\/index.php\/author\/director\/"},"category_info":"<a href=\"https:\/\/contextoanalisisperiodistico.com\/index.php\/category\/politica\/\" rel=\"category tag\">Pol\u00edtica<\/a>","tag_info":"Pol\u00edtica","comment_count":"0","jetpack_featured_media_url":"https:\/\/contextoanalisisperiodistico.com\/wp-content\/uploads\/2024\/08\/IMG-20240825-WA0042.jpg","_links":{"self":[{"href":"https:\/\/contextoanalisisperiodistico.com\/index.php\/wp-json\/wp\/v2\/posts\/30689"}],"collection":[{"href":"https:\/\/contextoanalisisperiodistico.com\/index.php\/wp-json\/wp\/v2\/posts"}],"about":[{"href":"https:\/\/contextoanalisisperiodistico.com\/index.php\/wp-json\/wp\/v2\/types\/post"}],"author":[{"embeddable":true,"href":"https:\/\/contextoanalisisperiodistico.com\/index.php\/wp-json\/wp\/v2\/users\/4"}],"replies":[{"embeddable":true,"href":"https:\/\/contextoanalisisperiodistico.com\/index.php\/wp-json\/wp\/v2\/comments?post=30689"}],"version-history":[{"count":0,"href":"https:\/\/contextoanalisisperiodistico.com\/index.php\/wp-json\/wp\/v2\/posts\/30689\/revisions"}],"wp:featuredmedia":[{"embeddable":true,"href":"https:\/\/contextoanalisisperiodistico.com\/index.php\/wp-json\/wp\/v2\/media\/30684"}],"wp:attachment":[{"href":"https:\/\/contextoanalisisperiodistico.com\/index.php\/wp-json\/wp\/v2\/media?parent=30689"}],"wp:term":[{"taxonomy":"category","embeddable":true,"href":"https:\/\/contextoanalisisperiodistico.com\/index.php\/wp-json\/wp\/v2\/categories?post=30689"},{"taxonomy":"post_tag","embeddable":true,"href":"https:\/\/contextoanalisisperiodistico.com\/index.php\/wp-json\/wp\/v2\/tags?post=30689"}],"curies":[{"name":"wp","href":"https:\/\/api.w.org\/{rel}","templated":true}]}}