{"id":30677,"date":"2024-08-25T09:08:32","date_gmt":"2024-08-25T15:08:32","guid":{"rendered":"https:\/\/contextoanalisisperiodistico.com\/index.php\/2024\/08\/25\/sin-afectaciones-por-sismo-magnitud-4-6-en-tlacoula-oaxaca\/"},"modified":"2024-08-25T09:12:32","modified_gmt":"2024-08-25T15:12:32","slug":"sin-afectaciones-por-sismo-magnitud-4-6-en-tlacoula-oaxaca","status":"publish","type":"post","link":"https:\/\/contextoanalisisperiodistico.com\/index.php\/2024\/08\/25\/sin-afectaciones-por-sismo-magnitud-4-6-en-tlacoula-oaxaca\/","title":{"rendered":"Sin afectaciones por sismo magnitud 4.6 en Tlacoula, Oaxaca"},"content":{"rendered":"<div id=\"fb-root\"><\/div>\n\n<p>La Coordinaci\u00f3n Estatal de Protecci\u00f3n Civil y Gesti\u00f3n de Riesgos (CEPCyGR) informa que a las 8:27 horas de este d\u00eda domingo 25 de agosto, se detect\u00f3 un sismo de magnitud 4.6 localizado a 14 kil\u00f3metros al noreste de Tlacolula de Matamoros, Oaxaca.<\/p>\n\n\n\n<p>La magnitud no g\u00e9nero un alertamiento s\u00edsmico, pero por su cercan\u00eda epicentral la intensidad se sinti\u00f3 en la regi\u00f3n de Valles Centrales.<\/p>\n\n\n\n<p>Al momento solo se reporta una persona de la tercera edad lesionada por la ca\u00edda de una piedra, esto cuando se encontraba al exterior de la Catedral Metropolitana de la ciudad de Oaxaca de Ju\u00e1rez, la persona lesionada fue atendida por param\u00e9dicos de la Cruz Roja y no requiri\u00f3 hospitalizaci\u00f3n.<\/p>\n\n\n\n<p>Personal de la dependencia monitorea y recorre las diferentes regiones para descartar da\u00f1os materiales y afectaciones a la poblaci\u00f3n.<\/p>\n\n\n\n<p>La dependencia exhorta mantener la calma y atender las recomendaciones de Protecci\u00f3n Civil y mantenerse informada a trav\u00e9s de los medios y redes sociales oficiales: Facebook @CEPCYGRGobOax y en X @CEPCyGR_GobOax.<\/p>\n\n\n\n<p>-0-<\/p>\n\n\n\n<figure class=\"wp-block-image size-large\"><img fetchpriority=\"high\" decoding=\"async\" width=\"1024\" height=\"789\" src=\"https:\/\/contextoanalisisperiodistico.com\/wp-content\/uploads\/2024\/08\/img-20240825-wa00212359213607441564884-1024x789.jpg\" alt=\"\" class=\"wp-image-30678\" srcset=\"https:\/\/contextoanalisisperiodistico.com\/wp-content\/uploads\/2024\/08\/img-20240825-wa00212359213607441564884-1024x789.jpg 1024w, https:\/\/contextoanalisisperiodistico.com\/wp-content\/uploads\/2024\/08\/img-20240825-wa00212359213607441564884-300x231.jpg 300w, https:\/\/contextoanalisisperiodistico.com\/wp-content\/uploads\/2024\/08\/img-20240825-wa00212359213607441564884-768x592.jpg 768w, https:\/\/contextoanalisisperiodistico.com\/wp-content\/uploads\/2024\/08\/img-20240825-wa00212359213607441564884.jpg 1080w\" sizes=\"(max-width: 1024px) 100vw, 1024px\" \/><\/figure>\n","protected":false},"excerpt":{"rendered":"<p>La Coordinaci\u00f3n Estatal de Protecci\u00f3n Civil y Gesti\u00f3n de Riesgos (CEPCyGR) informa que a las&#8230;<\/p>\n","protected":false},"author":4,"featured_media":30676,"comment_status":"closed","ping_status":"open","sticky":false,"template":"","format":"standard","meta":{"footnotes":""},"categories":[9],"tags":[],"jetpack_sharing_enabled":true,"featured_image_urls":{"full":["https:\/\/contextoanalisisperiodistico.com\/wp-content\/uploads\/2024\/08\/Screenshot_2024-08-25-09-08-00-74_a23b203fd3aafc6dcb84e438dda678b6.jpg",719,394,false],"thumbnail":["https:\/\/contextoanalisisperiodistico.com\/wp-content\/uploads\/2024\/08\/Screenshot_2024-08-25-09-08-00-74_a23b203fd3aafc6dcb84e438dda678b6-150x150.jpg",150,150,true],"medium":["https:\/\/contextoanalisisperiodistico.com\/wp-content\/uploads\/2024\/08\/Screenshot_2024-08-25-09-08-00-74_a23b203fd3aafc6dcb84e438dda678b6-300x164.jpg",300,164,true],"medium_large":["https:\/\/contextoanalisisperiodistico.com\/wp-content\/uploads\/2024\/08\/Screenshot_2024-08-25-09-08-00-74_a23b203fd3aafc6dcb84e438dda678b6.jpg",640,351,false],"large":["https:\/\/contextoanalisisperiodistico.com\/wp-content\/uploads\/2024\/08\/Screenshot_2024-08-25-09-08-00-74_a23b203fd3aafc6dcb84e438dda678b6.jpg",640,351,false],"1536x1536":["https:\/\/contextoanalisisperiodistico.com\/wp-content\/uploads\/2024\/08\/Screenshot_2024-08-25-09-08-00-74_a23b203fd3aafc6dcb84e438dda678b6.jpg",719,394,false],"2048x2048":["https:\/\/contextoanalisisperiodistico.com\/wp-content\/uploads\/2024\/08\/Screenshot_2024-08-25-09-08-00-74_a23b203fd3aafc6dcb84e438dda678b6.jpg",719,394,false],"covernews-slider-full":["https:\/\/contextoanalisisperiodistico.com\/wp-content\/uploads\/2024\/08\/Screenshot_2024-08-25-09-08-00-74_a23b203fd3aafc6dcb84e438dda678b6.jpg",719,394,false],"covernews-slider-center":["https:\/\/contextoanalisisperiodistico.com\/wp-content\/uploads\/2024\/08\/Screenshot_2024-08-25-09-08-00-74_a23b203fd3aafc6dcb84e438dda678b6.jpg",719,394,false],"covernews-featured":["https:\/\/contextoanalisisperiodistico.com\/wp-content\/uploads\/2024\/08\/Screenshot_2024-08-25-09-08-00-74_a23b203fd3aafc6dcb84e438dda678b6.jpg",719,394,false],"covernews-medium":["https:\/\/contextoanalisisperiodistico.com\/wp-content\/uploads\/2024\/08\/Screenshot_2024-08-25-09-08-00-74_a23b203fd3aafc6dcb84e438dda678b6-540x340.jpg",540,340,true],"covernews-medium-square":["https:\/\/contextoanalisisperiodistico.com\/wp-content\/uploads\/2024\/08\/Screenshot_2024-08-25-09-08-00-74_a23b203fd3aafc6dcb84e438dda678b6-400x250.jpg",400,250,true]},"author_info":{"display_name":"Mario Gir\u00f3n","author_link":"https:\/\/contextoanalisisperiodistico.com\/index.php\/author\/director\/"},"category_info":"<a href=\"https:\/\/contextoanalisisperiodistico.com\/index.php\/category\/politica\/\" rel=\"category tag\">Pol\u00edtica<\/a>","tag_info":"Pol\u00edtica","comment_count":"0","jetpack_featured_media_url":"https:\/\/contextoanalisisperiodistico.com\/wp-content\/uploads\/2024\/08\/Screenshot_2024-08-25-09-08-00-74_a23b203fd3aafc6dcb84e438dda678b6.jpg","_links":{"self":[{"href":"https:\/\/contextoanalisisperiodistico.com\/index.php\/wp-json\/wp\/v2\/posts\/30677"}],"collection":[{"href":"https:\/\/contextoanalisisperiodistico.com\/index.php\/wp-json\/wp\/v2\/posts"}],"about":[{"href":"https:\/\/contextoanalisisperiodistico.com\/index.php\/wp-json\/wp\/v2\/types\/post"}],"author":[{"embeddable":true,"href":"https:\/\/contextoanalisisperiodistico.com\/index.php\/wp-json\/wp\/v2\/users\/4"}],"replies":[{"embeddable":true,"href":"https:\/\/contextoanalisisperiodistico.com\/index.php\/wp-json\/wp\/v2\/comments?post=30677"}],"version-history":[{"count":1,"href":"https:\/\/contextoanalisisperiodistico.com\/index.php\/wp-json\/wp\/v2\/posts\/30677\/revisions"}],"predecessor-version":[{"id":30679,"href":"https:\/\/contextoanalisisperiodistico.com\/index.php\/wp-json\/wp\/v2\/posts\/30677\/revisions\/30679"}],"wp:featuredmedia":[{"embeddable":true,"href":"https:\/\/contextoanalisisperiodistico.com\/index.php\/wp-json\/wp\/v2\/media\/30676"}],"wp:attachment":[{"href":"https:\/\/contextoanalisisperiodistico.com\/index.php\/wp-json\/wp\/v2\/media?parent=30677"}],"wp:term":[{"taxonomy":"category","embeddable":true,"href":"https:\/\/contextoanalisisperiodistico.com\/index.php\/wp-json\/wp\/v2\/categories?post=30677"},{"taxonomy":"post_tag","embeddable":true,"href":"https:\/\/contextoanalisisperiodistico.com\/index.php\/wp-json\/wp\/v2\/tags?post=30677"}],"curies":[{"name":"wp","href":"https:\/\/api.w.org\/{rel}","templated":true}]}}