{"id":30675,"date":"2024-08-25T08:39:10","date_gmt":"2024-08-25T14:39:10","guid":{"rendered":"https:\/\/contextoanalisisperiodistico.com\/index.php\/2024\/08\/25\/arrancan-finales-de-futbol-de-los-juegos-nacionales-populares-2024\/"},"modified":"2024-08-25T08:39:10","modified_gmt":"2024-08-25T14:39:10","slug":"arrancan-finales-de-futbol-de-los-juegos-nacionales-populares-2024","status":"publish","type":"post","link":"https:\/\/contextoanalisisperiodistico.com\/index.php\/2024\/08\/25\/arrancan-finales-de-futbol-de-los-juegos-nacionales-populares-2024\/","title":{"rendered":"Arrancan finales de f\u00fatbol de los Juegos Nacionales Populares 2024"},"content":{"rendered":"<div id=\"fb-root\"><\/div>\n\n<p>Oaxaca de Ju\u00e1rez, Oax. 25 de agosto de 2024. El Instituto del Deporte del Estado de Oaxaca (Indeporte) informa que las finales de la disciplina de f\u00fatbol popular 6&#215;6 que forman parte de los Juegos Nacionales Populares 2024 se jugar\u00e1n este domingo a partir de las 8:30 horas.<\/p>\n\n\n\n<p>Dichos encuentros se desarrollar\u00e1n en la Unidad Deportiva del Instituto Tecnol\u00f3gico de Oaxaca (ITO) y los equipos a disputar el campeonato ser\u00e1n: Nuevo Le\u00f3n frente a Michoac\u00e1n, Sinaloa y Chihuahua, Estado de M\u00e9xico versus Quintana Roo y Ciudad de M\u00e9xico contra Durango.<\/p>\n\n\n\n<p>La premiaci\u00f3n tendr\u00e1 lugar en el Complejo Deportivo Hermanos Flores Mag\u00f3n en la capital oaxaque\u00f1a .<\/p>\n\n\n\n<p>Asimismo, este d\u00eda en el Complejo Deportivo Hermanos Flores Mag\u00f3n se llevar\u00e1 a cabo la premiaci\u00f3n de la disciplina de boxeo a partir de las 12:00 horas, luego de que el s\u00e1bado se desarrollara las semifinales.<\/p>\n\n\n\n<p>Las cuales ser\u00e1n entre Puebla y Quer\u00e9taro; Aguascalientes y Durango; Estado de M\u00e9xico y Michoac\u00e1n; Colima y Durango; Baja California y Hidalgo; Baja California y Coahuila; Tamaulipas y Ciudad de M\u00e9xico; Tlaxcala y Estado de M\u00e9xico; Quer\u00e9taro y Estado de M\u00e9xico; Morelos y Estado de M\u00e9xico; Nuevo Le\u00f3n y Estado de M\u00e9xico; Veracruz y Baja California; as\u00ed como Guanajuato y Aguascalientes.<\/p>\n\n\n\n<p>-0-<\/p>\n\n\n\n<figure class=\"wp-block-image size-large\"><img fetchpriority=\"high\" decoding=\"async\" width=\"1024\" height=\"683\" src=\"https:\/\/contextoanalisisperiodistico.com\/wp-content\/uploads\/2024\/08\/img-20240825-wa00083902207223422504908-1024x683.jpg\" alt=\"\" class=\"wp-image-30673\" srcset=\"https:\/\/contextoanalisisperiodistico.com\/wp-content\/uploads\/2024\/08\/img-20240825-wa00083902207223422504908-1024x683.jpg 1024w, https:\/\/contextoanalisisperiodistico.com\/wp-content\/uploads\/2024\/08\/img-20240825-wa00083902207223422504908-300x200.jpg 300w, https:\/\/contextoanalisisperiodistico.com\/wp-content\/uploads\/2024\/08\/img-20240825-wa00083902207223422504908-768x512.jpg 768w, https:\/\/contextoanalisisperiodistico.com\/wp-content\/uploads\/2024\/08\/img-20240825-wa00083902207223422504908.jpg 1080w\" sizes=\"(max-width: 1024px) 100vw, 1024px\" \/><\/figure>\n\n\n\n<figure class=\"wp-block-image\"><img decoding=\"async\" width=\"1024\" height=\"683\" src=\"https:\/\/contextoanalisisperiodistico.com\/wp-content\/uploads\/2024\/08\/img-20240825-wa00102279588906279636522-1024x683.jpg\" alt=\"\" class=\"wp-image-30672\" srcset=\"https:\/\/contextoanalisisperiodistico.com\/wp-content\/uploads\/2024\/08\/img-20240825-wa00102279588906279636522-1024x683.jpg 1024w, https:\/\/contextoanalisisperiodistico.com\/wp-content\/uploads\/2024\/08\/img-20240825-wa00102279588906279636522-300x200.jpg 300w, https:\/\/contextoanalisisperiodistico.com\/wp-content\/uploads\/2024\/08\/img-20240825-wa00102279588906279636522-768x512.jpg 768w, https:\/\/contextoanalisisperiodistico.com\/wp-content\/uploads\/2024\/08\/img-20240825-wa00102279588906279636522.jpg 1080w\" sizes=\"(max-width: 1024px) 100vw, 1024px\" \/><\/figure>\n\n\n\n<figure class=\"wp-block-image\"><img decoding=\"async\" width=\"1024\" height=\"682\" src=\"https:\/\/contextoanalisisperiodistico.com\/wp-content\/uploads\/2024\/08\/img-20240824-wa0104530279334995768431-1024x682.jpg\" alt=\"\" class=\"wp-image-30674\" srcset=\"https:\/\/contextoanalisisperiodistico.com\/wp-content\/uploads\/2024\/08\/img-20240824-wa0104530279334995768431-1024x682.jpg 1024w, https:\/\/contextoanalisisperiodistico.com\/wp-content\/uploads\/2024\/08\/img-20240824-wa0104530279334995768431-300x200.jpg 300w, https:\/\/contextoanalisisperiodistico.com\/wp-content\/uploads\/2024\/08\/img-20240824-wa0104530279334995768431-768x512.jpg 768w, https:\/\/contextoanalisisperiodistico.com\/wp-content\/uploads\/2024\/08\/img-20240824-wa0104530279334995768431-1536x1023.jpg 1536w, https:\/\/contextoanalisisperiodistico.com\/wp-content\/uploads\/2024\/08\/img-20240824-wa0104530279334995768431.jpg 1600w\" sizes=\"(max-width: 1024px) 100vw, 1024px\" \/><\/figure>\n","protected":false},"excerpt":{"rendered":"<p>Oaxaca de Ju\u00e1rez, Oax. 25 de agosto de 2024. El Instituto del Deporte del Estado&#8230;<\/p>\n","protected":false},"author":4,"featured_media":30671,"comment_status":"","ping_status":"open","sticky":false,"template":"","format":"standard","meta":{"footnotes":""},"categories":[5],"tags":[],"jetpack_sharing_enabled":true,"featured_image_urls":{"full":["https:\/\/contextoanalisisperiodistico.com\/wp-content\/uploads\/2024\/08\/IMG-20240825-WA0009.jpg",1080,720,false],"thumbnail":["https:\/\/contextoanalisisperiodistico.com\/wp-content\/uploads\/2024\/08\/IMG-20240825-WA0009-150x150.jpg",150,150,true],"medium":["https:\/\/contextoanalisisperiodistico.com\/wp-content\/uploads\/2024\/08\/IMG-20240825-WA0009-300x200.jpg",300,200,true],"medium_large":["https:\/\/contextoanalisisperiodistico.com\/wp-content\/uploads\/2024\/08\/IMG-20240825-WA0009-768x512.jpg",640,427,true],"large":["https:\/\/contextoanalisisperiodistico.com\/wp-content\/uploads\/2024\/08\/IMG-20240825-WA0009-1024x683.jpg",640,427,true],"1536x1536":["https:\/\/contextoanalisisperiodistico.com\/wp-content\/uploads\/2024\/08\/IMG-20240825-WA0009.jpg",1080,720,false],"2048x2048":["https:\/\/contextoanalisisperiodistico.com\/wp-content\/uploads\/2024\/08\/IMG-20240825-WA0009.jpg",1080,720,false],"covernews-slider-full":["https:\/\/contextoanalisisperiodistico.com\/wp-content\/uploads\/2024\/08\/IMG-20240825-WA0009-1080x715.jpg",1080,715,true],"covernews-slider-center":["https:\/\/contextoanalisisperiodistico.com\/wp-content\/uploads\/2024\/08\/IMG-20240825-WA0009-800x500.jpg",800,500,true],"covernews-featured":["https:\/\/contextoanalisisperiodistico.com\/wp-content\/uploads\/2024\/08\/IMG-20240825-WA0009-1024x683.jpg",1024,683,true],"covernews-medium":["https:\/\/contextoanalisisperiodistico.com\/wp-content\/uploads\/2024\/08\/IMG-20240825-WA0009-540x340.jpg",540,340,true],"covernews-medium-square":["https:\/\/contextoanalisisperiodistico.com\/wp-content\/uploads\/2024\/08\/IMG-20240825-WA0009-400x250.jpg",400,250,true]},"author_info":{"display_name":"Mario Gir\u00f3n","author_link":"https:\/\/contextoanalisisperiodistico.com\/index.php\/author\/director\/"},"category_info":"<a href=\"https:\/\/contextoanalisisperiodistico.com\/index.php\/category\/deportes\/\" rel=\"category tag\">Deportes<\/a>","tag_info":"Deportes","comment_count":"0","jetpack_featured_media_url":"https:\/\/contextoanalisisperiodistico.com\/wp-content\/uploads\/2024\/08\/IMG-20240825-WA0009.jpg","_links":{"self":[{"href":"https:\/\/contextoanalisisperiodistico.com\/index.php\/wp-json\/wp\/v2\/posts\/30675"}],"collection":[{"href":"https:\/\/contextoanalisisperiodistico.com\/index.php\/wp-json\/wp\/v2\/posts"}],"about":[{"href":"https:\/\/contextoanalisisperiodistico.com\/index.php\/wp-json\/wp\/v2\/types\/post"}],"author":[{"embeddable":true,"href":"https:\/\/contextoanalisisperiodistico.com\/index.php\/wp-json\/wp\/v2\/users\/4"}],"replies":[{"embeddable":true,"href":"https:\/\/contextoanalisisperiodistico.com\/index.php\/wp-json\/wp\/v2\/comments?post=30675"}],"version-history":[{"count":0,"href":"https:\/\/contextoanalisisperiodistico.com\/index.php\/wp-json\/wp\/v2\/posts\/30675\/revisions"}],"wp:featuredmedia":[{"embeddable":true,"href":"https:\/\/contextoanalisisperiodistico.com\/index.php\/wp-json\/wp\/v2\/media\/30671"}],"wp:attachment":[{"href":"https:\/\/contextoanalisisperiodistico.com\/index.php\/wp-json\/wp\/v2\/media?parent=30675"}],"wp:term":[{"taxonomy":"category","embeddable":true,"href":"https:\/\/contextoanalisisperiodistico.com\/index.php\/wp-json\/wp\/v2\/categories?post=30675"},{"taxonomy":"post_tag","embeddable":true,"href":"https:\/\/contextoanalisisperiodistico.com\/index.php\/wp-json\/wp\/v2\/tags?post=30675"}],"curies":[{"name":"wp","href":"https:\/\/api.w.org\/{rel}","templated":true}]}}