{"id":30663,"date":"2024-08-24T20:03:41","date_gmt":"2024-08-25T02:03:41","guid":{"rendered":"https:\/\/contextoanalisisperiodistico.com\/index.php\/2024\/08\/24\/refrenda-gobierno-de-oaxaca-combate-al-rezago-educativo-en-san-pedro-pochutla\/"},"modified":"2024-08-24T20:03:41","modified_gmt":"2024-08-25T02:03:41","slug":"refrenda-gobierno-de-oaxaca-combate-al-rezago-educativo-en-san-pedro-pochutla","status":"publish","type":"post","link":"https:\/\/contextoanalisisperiodistico.com\/index.php\/2024\/08\/24\/refrenda-gobierno-de-oaxaca-combate-al-rezago-educativo-en-san-pedro-pochutla\/","title":{"rendered":"Refrenda Gobierno de Oaxaca combate al rezago educativo en San Pedro Pochutla"},"content":{"rendered":"<div id=\"fb-root\"><\/div>\n\n<p>\u2022 Mediante el programa de Alfabetizaci\u00f3n para el Bienestar, 31 personas adultas mayores ya podr\u00e1n acceder a mejores oportunidades de vida<\/p>\n\n\n\n<figure class=\"wp-block-image size-large\"><img fetchpriority=\"high\" decoding=\"async\" width=\"800\" height=\"533\" src=\"https:\/\/contextoanalisisperiodistico.com\/wp-content\/uploads\/2024\/08\/img-20240824-wa00487607399232954916169.jpg\" alt=\"\" class=\"wp-image-30658\" srcset=\"https:\/\/contextoanalisisperiodistico.com\/wp-content\/uploads\/2024\/08\/img-20240824-wa00487607399232954916169.jpg 800w, https:\/\/contextoanalisisperiodistico.com\/wp-content\/uploads\/2024\/08\/img-20240824-wa00487607399232954916169-300x200.jpg 300w, https:\/\/contextoanalisisperiodistico.com\/wp-content\/uploads\/2024\/08\/img-20240824-wa00487607399232954916169-768x512.jpg 768w\" sizes=\"(max-width: 800px) 100vw, 800px\" \/><\/figure>\n\n\n\n<figure class=\"wp-block-image\"><img decoding=\"async\" width=\"300\" height=\"175\" src=\"https:\/\/contextoanalisisperiodistico.com\/wp-content\/uploads\/2024\/08\/img-20240824-wa00517240787796037406808-300x175.jpg\" alt=\"\" class=\"wp-image-30661\" srcset=\"https:\/\/contextoanalisisperiodistico.com\/wp-content\/uploads\/2024\/08\/img-20240824-wa00517240787796037406808-300x175.jpg 300w, https:\/\/contextoanalisisperiodistico.com\/wp-content\/uploads\/2024\/08\/img-20240824-wa00517240787796037406808-768x448.jpg 768w, https:\/\/contextoanalisisperiodistico.com\/wp-content\/uploads\/2024\/08\/img-20240824-wa00517240787796037406808.jpg 900w\" sizes=\"(max-width: 300px) 100vw, 300px\" \/><\/figure>\n\n\n\n<figure class=\"wp-block-image\"><img decoding=\"async\" width=\"300\" height=\"200\" src=\"https:\/\/contextoanalisisperiodistico.com\/wp-content\/uploads\/2024\/08\/img-20240824-wa00498868804111667440036-300x200.jpg\" alt=\"\" class=\"wp-image-30662\" srcset=\"https:\/\/contextoanalisisperiodistico.com\/wp-content\/uploads\/2024\/08\/img-20240824-wa00498868804111667440036-300x200.jpg 300w, https:\/\/contextoanalisisperiodistico.com\/wp-content\/uploads\/2024\/08\/img-20240824-wa00498868804111667440036-768x511.jpg 768w, https:\/\/contextoanalisisperiodistico.com\/wp-content\/uploads\/2024\/08\/img-20240824-wa00498868804111667440036.jpg 900w\" sizes=\"(max-width: 300px) 100vw, 300px\" \/><\/figure>\n\n\n\n<figure class=\"wp-block-image\"><img loading=\"lazy\" decoding=\"async\" width=\"300\" height=\"189\" src=\"https:\/\/contextoanalisisperiodistico.com\/wp-content\/uploads\/2024\/08\/img-20240824-wa00453186104190614875436-300x189.jpg\" alt=\"\" class=\"wp-image-30660\" srcset=\"https:\/\/contextoanalisisperiodistico.com\/wp-content\/uploads\/2024\/08\/img-20240824-wa00453186104190614875436-300x189.jpg 300w, https:\/\/contextoanalisisperiodistico.com\/wp-content\/uploads\/2024\/08\/img-20240824-wa00453186104190614875436-768x485.jpg 768w, https:\/\/contextoanalisisperiodistico.com\/wp-content\/uploads\/2024\/08\/img-20240824-wa00453186104190614875436.jpg 800w, https:\/\/contextoanalisisperiodistico.com\/wp-content\/uploads\/2024\/08\/img-20240824-wa00453186104190614875436-540x340.jpg 540w, https:\/\/contextoanalisisperiodistico.com\/wp-content\/uploads\/2024\/08\/img-20240824-wa00453186104190614875436-400x250.jpg 400w\" sizes=\"(max-width: 300px) 100vw, 300px\" \/><\/figure>\n\n\n\n<figure class=\"wp-block-image\"><img loading=\"lazy\" decoding=\"async\" width=\"300\" height=\"200\" src=\"https:\/\/contextoanalisisperiodistico.com\/wp-content\/uploads\/2024\/08\/img-20240824-wa00503275636766956690237-300x200.jpg\" alt=\"\" class=\"wp-image-30659\" srcset=\"https:\/\/contextoanalisisperiodistico.com\/wp-content\/uploads\/2024\/08\/img-20240824-wa00503275636766956690237-300x200.jpg 300w, https:\/\/contextoanalisisperiodistico.com\/wp-content\/uploads\/2024\/08\/img-20240824-wa00503275636766956690237-768x512.jpg 768w, https:\/\/contextoanalisisperiodistico.com\/wp-content\/uploads\/2024\/08\/img-20240824-wa00503275636766956690237.jpg 800w\" sizes=\"(max-width: 300px) 100vw, 300px\" \/><\/figure>\n\n\n\n<p>San Pedro Pochutla, Oax. 24 de agosto de 2024.- Con la entrega de 31 constancias de estudios a personas adultas beneficiarias del programa Alfabetizaci\u00f3n para el Bienestar, el Gobernador Salom\u00f3n Jara Cruz encabez\u00f3 la clausura e inicio de esta jornada en esta localidad de la Costa oaxaque\u00f1a.<\/p>\n\n\n\n<p>Durante este acto, el titular del Poder Ejecutivo refrend\u00f3 el compromiso de su gobierno con la ense\u00f1anza de la lecto-escritura en esta regi\u00f3n que ocupa el segundo lugar con mayor analfabetismo; aunado a que en la entidad, de los 4 millones 123 mil habitantes, m\u00e1s del 10 por ciento de la poblaci\u00f3n no saben leer ni escribir.<\/p>\n\n\n\n<p>Destac\u00f3 que ante este panorama que ubica a Oaxaca &#8211; junto a Chiapas y Guerrero, entre los estados con mayor rezago en este rubro a nivel nacional, desde el inicio de su gobierno se puso en marcha el programa Alfabetizaci\u00f3n para el Bienestar, para promover la inclusi\u00f3n en las comunidades y municipios de la entidad, y revertir la brecha de desigualdad generada por falta de acceso a la educaci\u00f3n b\u00e1sica.<\/p>\n\n\n\n<p>\u201cPorque un gobierno progresista como el nuestro, que tiene la enmienda de sacar adelante al pueblo, no puede dejar a nadie atr\u00e1s ni nadie fuera. Sumando esfuerzos entre la ciudadan\u00eda, profesionistas y estudiantes podemos lograr esta labor tan importante y debemos demostrar que Oaxaca tiene la capacidad para que todas y todos sepan leer y escribir, ya que un pueblo que lee, lucha por su libertad y justicia\u201d, resalt\u00f3.<\/p>\n\n\n\n<p>De esta manera, agradeci\u00f3 a las y los 47 estudiantes de octavo semestre de diferentes ingenier\u00edas y licenciaturas del Instituto Tecnol\u00f3gico Nacional de M\u00e9xico campus Pochutla quienes fungieron como voluntarias y voluntarios en esta primera etapa de ense\u00f1anza y participaron en brigadas para instruir a personas de la zona.<\/p>\n\n\n\n<p>En su intervenci\u00f3n, la titular de la Secretar\u00eda de Honestidad, Transparencia y Funci\u00f3n P\u00fablica, Leticia Elsa Reyes L\u00f3pez, expres\u00f3 que este programa y las pol\u00edticas p\u00fablicas empleadas en esta administraci\u00f3n permiten combatir la corrupci\u00f3n y la brecha de desigualdad en las comunidades, pues promueven la atenci\u00f3n a quienes m\u00e1s lo necesitan y cambian directamente la realidad.<\/p>\n\n\n\n<p>\u201cHoy 31 personas adultas de esta poblaci\u00f3n reciben su constancia por haber concluido el programa, gracias a su dedicaci\u00f3n y entusiasmo, pudieron vencer todos los obst\u00e1culos y aprobaron los ex\u00e1menes realizados por el Instituto Estatal de Educaci\u00f3n para Adultos contando con su respectiva certificaci\u00f3n\u201d, expres\u00f3 al clausurar esta primera etapa del programa.<\/p>\n\n\n\n<p>Jornada de Alfabetizaci\u00f3n, una experiencia que transforma<\/p>\n\n\n\n<p>La beneficiaria del programa, Anastasia M\u00e1rquez Franco agradeci\u00f3 al Mandatario Estatal su apoyo y preocupaci\u00f3n por este sector poblacional y expres\u00f3 que, a pesar de tener 65 a\u00f1os, esta ense\u00f1anza es importante para ella, ya que con ello podr\u00e1 realizar sus tr\u00e1mites con m\u00e1s facilidad. \u201cAhora ya s\u00e9 escribir mi nombre y mis apellidos y estoy muy contenta porque aprend\u00ed algo en los meses que estuve estudiando\u201d recalc\u00f3.<\/p>\n\n\n\n<p>De esta manera, entreg\u00f3 al Gobernador una petici\u00f3n en torno a su comunidad escrita de su propia mano, con lo cual hizo tangible que estos conocimientos adquiridos son parte fundamental del progreso de Oaxaca.<\/p>\n\n\n\n<p>Tambi\u00e9n, el alfabetizador V\u00edctor Enrique Ortega Jacinto, extern\u00f3 que esta experiencia fue gratificante, ya que contribuye al desarrollo del estado y de las personas, adem\u00e1s de que aprendi\u00f3 de las an\u00e9cdotas compartidas por educandos durante las sesiones de ense\u00f1anza.<\/p>\n\n\n\n<p>De esta manera se dio inicio a la segunda etapa del programa en donde puso de manifiesto que se convocar\u00e1 a m\u00e1s ciudadan\u00eda, instituciones y niveles de gobierno para que esta iniciativa pueda llegar a m\u00e1s lugares de Oaxaca y con ello la transformaci\u00f3n sea para todas y todos.<\/p>\n\n\n\n<p>Con estas acciones, la Primavera Oaxaque\u00f1a llega a toda la entidad, reafirmando el compromiso con la educaci\u00f3n, el desarrollo integral de las comunidades y la Reparaci\u00f3n hist\u00f3rica de los pueblos.<\/p>\n\n\n\n<p>-0-<\/p>\n","protected":false},"excerpt":{"rendered":"<p>\u2022 Mediante el programa de Alfabetizaci\u00f3n para el Bienestar, 31 personas adultas mayores ya podr\u00e1n&#8230;<\/p>\n","protected":false},"author":4,"featured_media":30657,"comment_status":"","ping_status":"open","sticky":false,"template":"","format":"standard","meta":{"footnotes":""},"categories":[91],"tags":[],"jetpack_sharing_enabled":true,"featured_image_urls":{"full":["https:\/\/contextoanalisisperiodistico.com\/wp-content\/uploads\/2024\/08\/IMG-20240824-WA0052.jpg",900,600,false],"thumbnail":["https:\/\/contextoanalisisperiodistico.com\/wp-content\/uploads\/2024\/08\/IMG-20240824-WA0052-150x150.jpg",150,150,true],"medium":["https:\/\/contextoanalisisperiodistico.com\/wp-content\/uploads\/2024\/08\/IMG-20240824-WA0052-300x200.jpg",300,200,true],"medium_large":["https:\/\/contextoanalisisperiodistico.com\/wp-content\/uploads\/2024\/08\/IMG-20240824-WA0052-768x512.jpg",640,427,true],"large":["https:\/\/contextoanalisisperiodistico.com\/wp-content\/uploads\/2024\/08\/IMG-20240824-WA0052.jpg",640,427,false],"1536x1536":["https:\/\/contextoanalisisperiodistico.com\/wp-content\/uploads\/2024\/08\/IMG-20240824-WA0052.jpg",900,600,false],"2048x2048":["https:\/\/contextoanalisisperiodistico.com\/wp-content\/uploads\/2024\/08\/IMG-20240824-WA0052.jpg",900,600,false],"covernews-slider-full":["https:\/\/contextoanalisisperiodistico.com\/wp-content\/uploads\/2024\/08\/IMG-20240824-WA0052.jpg",900,600,false],"covernews-slider-center":["https:\/\/contextoanalisisperiodistico.com\/wp-content\/uploads\/2024\/08\/IMG-20240824-WA0052-800x500.jpg",800,500,true],"covernews-featured":["https:\/\/contextoanalisisperiodistico.com\/wp-content\/uploads\/2024\/08\/IMG-20240824-WA0052.jpg",900,600,false],"covernews-medium":["https:\/\/contextoanalisisperiodistico.com\/wp-content\/uploads\/2024\/08\/IMG-20240824-WA0052-540x340.jpg",540,340,true],"covernews-medium-square":["https:\/\/contextoanalisisperiodistico.com\/wp-content\/uploads\/2024\/08\/IMG-20240824-WA0052-400x250.jpg",400,250,true]},"author_info":{"display_name":"Mario Gir\u00f3n","author_link":"https:\/\/contextoanalisisperiodistico.com\/index.php\/author\/director\/"},"category_info":"<a href=\"https:\/\/contextoanalisisperiodistico.com\/index.php\/category\/educacion\/\" rel=\"category tag\">Educaci\u00f3n<\/a>","tag_info":"Educaci\u00f3n","comment_count":"0","jetpack_featured_media_url":"https:\/\/contextoanalisisperiodistico.com\/wp-content\/uploads\/2024\/08\/IMG-20240824-WA0052.jpg","_links":{"self":[{"href":"https:\/\/contextoanalisisperiodistico.com\/index.php\/wp-json\/wp\/v2\/posts\/30663"}],"collection":[{"href":"https:\/\/contextoanalisisperiodistico.com\/index.php\/wp-json\/wp\/v2\/posts"}],"about":[{"href":"https:\/\/contextoanalisisperiodistico.com\/index.php\/wp-json\/wp\/v2\/types\/post"}],"author":[{"embeddable":true,"href":"https:\/\/contextoanalisisperiodistico.com\/index.php\/wp-json\/wp\/v2\/users\/4"}],"replies":[{"embeddable":true,"href":"https:\/\/contextoanalisisperiodistico.com\/index.php\/wp-json\/wp\/v2\/comments?post=30663"}],"version-history":[{"count":0,"href":"https:\/\/contextoanalisisperiodistico.com\/index.php\/wp-json\/wp\/v2\/posts\/30663\/revisions"}],"wp:featuredmedia":[{"embeddable":true,"href":"https:\/\/contextoanalisisperiodistico.com\/index.php\/wp-json\/wp\/v2\/media\/30657"}],"wp:attachment":[{"href":"https:\/\/contextoanalisisperiodistico.com\/index.php\/wp-json\/wp\/v2\/media?parent=30663"}],"wp:term":[{"taxonomy":"category","embeddable":true,"href":"https:\/\/contextoanalisisperiodistico.com\/index.php\/wp-json\/wp\/v2\/categories?post=30663"},{"taxonomy":"post_tag","embeddable":true,"href":"https:\/\/contextoanalisisperiodistico.com\/index.php\/wp-json\/wp\/v2\/tags?post=30663"}],"curies":[{"name":"wp","href":"https:\/\/api.w.org\/{rel}","templated":true}]}}