{"id":30644,"date":"2024-08-24T13:46:17","date_gmt":"2024-08-24T19:46:17","guid":{"rendered":"https:\/\/contextoanalisisperiodistico.com\/index.php\/2024\/08\/24\/herencia-musical-que-da-identidad-al-pueblo-de-oaxaca-legado-de-macedonio-alcala-francisco-martinez-neri\/"},"modified":"2024-08-24T13:50:30","modified_gmt":"2024-08-24T19:50:30","slug":"herencia-musical-que-da-identidad-al-pueblo-de-oaxaca-legado-de-macedonio-alcala-francisco-martinez-neri","status":"publish","type":"post","link":"https:\/\/contextoanalisisperiodistico.com\/index.php\/2024\/08\/24\/herencia-musical-que-da-identidad-al-pueblo-de-oaxaca-legado-de-macedonio-alcala-francisco-martinez-neri\/","title":{"rendered":"Herencia musical que da identidad a Oaxaca, legado de Macedonio Alcal\u00e1: Francisco Mart\u00ednez Neri"},"content":{"rendered":"<div id=\"fb-root\"><\/div>\n\n<p>&#8211; El Ayuntamiento de Oaxaca de Ju\u00e1rez llev\u00f3 a cabo la Sesi\u00f3n Solemne de Cabildo conmemorativa al 155 Aniversario Luctuoso de Jos\u00e9 Macedonio Alcal\u00e1 Prieto.<\/p>\n\n\n\n<p>Oaxaca de Ju\u00e1rez, Oaxaca, a 24 de agosto de 2024.- Al encabezar la Sesi\u00f3n Solemne de Cabildo conmemorativa al 155 Aniversario Luctuoso de Jos\u00e9 Macedonio Alcal\u00e1 Prieto, el Presidente Municipal, Francisco Mart\u00ednez Neri, recalc\u00f3 que la herencia musical del ilustre oaxaque\u00f1o representa una huella indeleble en la identidad cultural del estado y de la Rep\u00fablica Mexicana.<\/p>\n\n\n\n<p>\u201cAl rendirle homenaje en este aniversario, renovamos nuestro compromiso de mantener viva su memoria y de seguir difundiendo su obra que es un reflejo del alma oaxaque\u00f1a y que su m\u00fasica siga siendo una fuente de inspiraci\u00f3n para futuras generaciones; larga vida, porque sigue vivo, Macedonio Alcal\u00e1\u201d, comparti\u00f3 Mart\u00ednez Neri en el Segundo Patio de Palacio Municipal.<\/p>\n\n\n\n<p>Con la asistencia de la Presidenta Honoraria del Sistema DIF Municipal, Bernarda Gonz\u00e1lez Rivas, el Primer Concejal recalc\u00f3 que en este contexto no solo se celebra el legado de Macedonio Alcal\u00e1, autor del himno de las y los oaxaque\u00f1os, \u201cDios nunca muere\u201d, sino que tambi\u00e9n se honra la perseverancia y capacidad, \u201celementos que reflejan el esp\u00edritu resiliente y creativo del pueblo oaxaque\u00f1o\u201d.<\/p>\n\n\n\n<p>\u201cA trav\u00e9s de los sonidos y las notas que plasm\u00f3 en sus composiciones, nos leg\u00f3 un tesoro cultural que sigue vivo en cada rinc\u00f3n de Oaxaca, su vals que hoy se considera el himno oficial de nuestro estado, es un recordatorio constante de la fe, la esperanza y la belleza que pueden surgir incluso en los momentos m\u00e1s dif\u00edciles\u201d, subray\u00f3 el edil capitalino, Francisco Mart\u00ednez Neri. &nbsp;<\/p>\n\n\n\n<p>Jos\u00e9 Macedonio Alcal\u00e1 Prieto naci\u00f3 el 12 de septiembre de 1831 en Putla Villa de Guerrero, Oaxaca y falleci\u00f3 a los 38 a\u00f1os, en 1869, fue hijo de Antonio Alcal\u00e1 Ju\u00e1rez y de Mar\u00eda Guadalupe Prieto, vivi\u00f3 su infancia trabajando en el campo y a la par tom\u00f3 clases de poes\u00eda, redacci\u00f3n, composici\u00f3n cl\u00e1sica y orquestaci\u00f3n. Fue miembro de la sociedad filarm\u00f3nica de Santa Cecilia y en 1850 se dedic\u00f3 a la m\u00fasica con un conjunto propio.<\/p>\n\n\n\n<p>Entre las y los asistentes a la Sesi\u00f3n Solemne de Cabildo tambi\u00e9n acudi\u00f3 Leticia Cruz Regino, Regidora de Equidad de G\u00e9nero, en representaci\u00f3n del Presidente Municipal de Santa Luc\u00eda del Camino, Juan Carlos Garc\u00eda M\u00e1rquez, as\u00ed como el Presidente Municipal de Nazareno Etla, Iv\u00e1n Cruz Mart\u00ednez.<\/p>\n\n\n\n<figure class=\"wp-block-image size-large\"><img fetchpriority=\"high\" decoding=\"async\" width=\"1024\" height=\"576\" src=\"https:\/\/contextoanalisisperiodistico.com\/wp-content\/uploads\/2024\/08\/sesiC3B3nsolemne42454738338759409669-1024x576.jpg\" alt=\"\" class=\"wp-image-30642\" srcset=\"https:\/\/contextoanalisisperiodistico.com\/wp-content\/uploads\/2024\/08\/sesiC3B3nsolemne42454738338759409669-1024x576.jpg 1024w, https:\/\/contextoanalisisperiodistico.com\/wp-content\/uploads\/2024\/08\/sesiC3B3nsolemne42454738338759409669-300x169.jpg 300w, https:\/\/contextoanalisisperiodistico.com\/wp-content\/uploads\/2024\/08\/sesiC3B3nsolemne42454738338759409669-768x432.jpg 768w, https:\/\/contextoanalisisperiodistico.com\/wp-content\/uploads\/2024\/08\/sesiC3B3nsolemne42454738338759409669.jpg 1280w\" sizes=\"(max-width: 1024px) 100vw, 1024px\" \/><\/figure>\n\n\n\n<figure class=\"wp-block-image\"><img decoding=\"async\" width=\"1024\" height=\"576\" src=\"https:\/\/contextoanalisisperiodistico.com\/wp-content\/uploads\/2024\/08\/sesiC3B3nsolemne3680295797388492053-1024x576.jpg\" alt=\"\" class=\"wp-image-30643\" srcset=\"https:\/\/contextoanalisisperiodistico.com\/wp-content\/uploads\/2024\/08\/sesiC3B3nsolemne3680295797388492053-1024x576.jpg 1024w, https:\/\/contextoanalisisperiodistico.com\/wp-content\/uploads\/2024\/08\/sesiC3B3nsolemne3680295797388492053-300x169.jpg 300w, https:\/\/contextoanalisisperiodistico.com\/wp-content\/uploads\/2024\/08\/sesiC3B3nsolemne3680295797388492053-768x432.jpg 768w, https:\/\/contextoanalisisperiodistico.com\/wp-content\/uploads\/2024\/08\/sesiC3B3nsolemne3680295797388492053.jpg 1280w\" sizes=\"(max-width: 1024px) 100vw, 1024px\" \/><\/figure>\n\n\n\n<figure class=\"wp-block-image\"><img decoding=\"async\" width=\"1024\" height=\"576\" src=\"https:\/\/contextoanalisisperiodistico.com\/wp-content\/uploads\/2024\/08\/sesiC3B3nsolemne12722812229401884725-1024x576.jpg\" alt=\"\" class=\"wp-image-30641\" srcset=\"https:\/\/contextoanalisisperiodistico.com\/wp-content\/uploads\/2024\/08\/sesiC3B3nsolemne12722812229401884725-1024x576.jpg 1024w, https:\/\/contextoanalisisperiodistico.com\/wp-content\/uploads\/2024\/08\/sesiC3B3nsolemne12722812229401884725-300x169.jpg 300w, https:\/\/contextoanalisisperiodistico.com\/wp-content\/uploads\/2024\/08\/sesiC3B3nsolemne12722812229401884725-768x432.jpg 768w, https:\/\/contextoanalisisperiodistico.com\/wp-content\/uploads\/2024\/08\/sesiC3B3nsolemne12722812229401884725.jpg 1280w\" sizes=\"(max-width: 1024px) 100vw, 1024px\" \/><\/figure>\n","protected":false},"excerpt":{"rendered":"<p>&#8211; El Ayuntamiento de Oaxaca de Ju\u00e1rez llev\u00f3 a cabo la Sesi\u00f3n Solemne de Cabildo&#8230;<\/p>\n","protected":false},"author":4,"featured_media":30640,"comment_status":"closed","ping_status":"open","sticky":false,"template":"","format":"standard","meta":{"footnotes":""},"categories":[9],"tags":[],"jetpack_sharing_enabled":true,"featured_image_urls":{"full":["https:\/\/contextoanalisisperiodistico.com\/wp-content\/uploads\/2024\/08\/SesiC3B3nSolemne2.jpeg",1148,720,false],"thumbnail":["https:\/\/contextoanalisisperiodistico.com\/wp-content\/uploads\/2024\/08\/SesiC3B3nSolemne2-150x150.jpeg",150,150,true],"medium":["https:\/\/contextoanalisisperiodistico.com\/wp-content\/uploads\/2024\/08\/SesiC3B3nSolemne2-300x188.jpeg",300,188,true],"medium_large":["https:\/\/contextoanalisisperiodistico.com\/wp-content\/uploads\/2024\/08\/SesiC3B3nSolemne2-768x482.jpeg",640,402,true],"large":["https:\/\/contextoanalisisperiodistico.com\/wp-content\/uploads\/2024\/08\/SesiC3B3nSolemne2-1024x642.jpeg",640,401,true],"1536x1536":["https:\/\/contextoanalisisperiodistico.com\/wp-content\/uploads\/2024\/08\/SesiC3B3nSolemne2.jpeg",1148,720,false],"2048x2048":["https:\/\/contextoanalisisperiodistico.com\/wp-content\/uploads\/2024\/08\/SesiC3B3nSolemne2.jpeg",1148,720,false],"covernews-slider-full":["https:\/\/contextoanalisisperiodistico.com\/wp-content\/uploads\/2024\/08\/SesiC3B3nSolemne2-1115x715.jpeg",1115,715,true],"covernews-slider-center":["https:\/\/contextoanalisisperiodistico.com\/wp-content\/uploads\/2024\/08\/SesiC3B3nSolemne2-800x500.jpeg",800,500,true],"covernews-featured":["https:\/\/contextoanalisisperiodistico.com\/wp-content\/uploads\/2024\/08\/SesiC3B3nSolemne2-1024x642.jpeg",1024,642,true],"covernews-medium":["https:\/\/contextoanalisisperiodistico.com\/wp-content\/uploads\/2024\/08\/SesiC3B3nSolemne2-540x340.jpeg",540,340,true],"covernews-medium-square":["https:\/\/contextoanalisisperiodistico.com\/wp-content\/uploads\/2024\/08\/SesiC3B3nSolemne2-400x250.jpeg",400,250,true]},"author_info":{"display_name":"Mario Gir\u00f3n","author_link":"https:\/\/contextoanalisisperiodistico.com\/index.php\/author\/director\/"},"category_info":"<a href=\"https:\/\/contextoanalisisperiodistico.com\/index.php\/category\/politica\/\" rel=\"category tag\">Pol\u00edtica<\/a>","tag_info":"Pol\u00edtica","comment_count":"0","jetpack_featured_media_url":"https:\/\/contextoanalisisperiodistico.com\/wp-content\/uploads\/2024\/08\/SesiC3B3nSolemne2.jpeg","_links":{"self":[{"href":"https:\/\/contextoanalisisperiodistico.com\/index.php\/wp-json\/wp\/v2\/posts\/30644"}],"collection":[{"href":"https:\/\/contextoanalisisperiodistico.com\/index.php\/wp-json\/wp\/v2\/posts"}],"about":[{"href":"https:\/\/contextoanalisisperiodistico.com\/index.php\/wp-json\/wp\/v2\/types\/post"}],"author":[{"embeddable":true,"href":"https:\/\/contextoanalisisperiodistico.com\/index.php\/wp-json\/wp\/v2\/users\/4"}],"replies":[{"embeddable":true,"href":"https:\/\/contextoanalisisperiodistico.com\/index.php\/wp-json\/wp\/v2\/comments?post=30644"}],"version-history":[{"count":1,"href":"https:\/\/contextoanalisisperiodistico.com\/index.php\/wp-json\/wp\/v2\/posts\/30644\/revisions"}],"predecessor-version":[{"id":30645,"href":"https:\/\/contextoanalisisperiodistico.com\/index.php\/wp-json\/wp\/v2\/posts\/30644\/revisions\/30645"}],"wp:featuredmedia":[{"embeddable":true,"href":"https:\/\/contextoanalisisperiodistico.com\/index.php\/wp-json\/wp\/v2\/media\/30640"}],"wp:attachment":[{"href":"https:\/\/contextoanalisisperiodistico.com\/index.php\/wp-json\/wp\/v2\/media?parent=30644"}],"wp:term":[{"taxonomy":"category","embeddable":true,"href":"https:\/\/contextoanalisisperiodistico.com\/index.php\/wp-json\/wp\/v2\/categories?post=30644"},{"taxonomy":"post_tag","embeddable":true,"href":"https:\/\/contextoanalisisperiodistico.com\/index.php\/wp-json\/wp\/v2\/tags?post=30644"}],"curies":[{"name":"wp","href":"https:\/\/api.w.org\/{rel}","templated":true}]}}