{"id":30618,"date":"2024-08-24T07:58:58","date_gmt":"2024-08-24T13:58:58","guid":{"rendered":"https:\/\/contextoanalisisperiodistico.com\/index.php\/2024\/08\/24\/promueven-a-oaxaca-de-juarez-como-destino-filmico\/"},"modified":"2024-08-24T07:58:58","modified_gmt":"2024-08-24T13:58:58","slug":"promueven-a-oaxaca-de-juarez-como-destino-filmico","status":"publish","type":"post","link":"https:\/\/contextoanalisisperiodistico.com\/index.php\/2024\/08\/24\/promueven-a-oaxaca-de-juarez-como-destino-filmico\/","title":{"rendered":"Promueven a Oaxaca de Ju\u00e1rez como destino f\u00edlmico"},"content":{"rendered":"<div id=\"fb-root\"><\/div>\n\n<ul class=\"wp-block-list\">\n<li>Industria f\u00edlmica contribuye a dinamizar las econom\u00edas locales.<\/li>\n<\/ul>\n\n\n\n\n\n<figure class=\"wp-block-image size-large\"><img fetchpriority=\"high\" decoding=\"async\" width=\"1024\" height=\"683\" src=\"https:\/\/contextoanalisisperiodistico.com\/wp-content\/uploads\/2024\/08\/2308248517883797364540859-1024x683.jpeg\" alt=\"\" class=\"wp-image-30616\" srcset=\"https:\/\/contextoanalisisperiodistico.com\/wp-content\/uploads\/2024\/08\/2308248517883797364540859-1024x683.jpeg 1024w, https:\/\/contextoanalisisperiodistico.com\/wp-content\/uploads\/2024\/08\/2308248517883797364540859-300x200.jpeg 300w, https:\/\/contextoanalisisperiodistico.com\/wp-content\/uploads\/2024\/08\/2308248517883797364540859-768x512.jpeg 768w, https:\/\/contextoanalisisperiodistico.com\/wp-content\/uploads\/2024\/08\/2308248517883797364540859.jpeg 1080w\" sizes=\"(max-width: 1024px) 100vw, 1024px\" \/><\/figure>\n\n\n\n<figure class=\"wp-block-image\"><img decoding=\"async\" width=\"300\" height=\"244\" src=\"https:\/\/contextoanalisisperiodistico.com\/wp-content\/uploads\/2024\/08\/230824283292988949427417511513-300x244.jpg\" alt=\"\" class=\"wp-image-30617\" srcset=\"https:\/\/contextoanalisisperiodistico.com\/wp-content\/uploads\/2024\/08\/230824283292988949427417511513-300x244.jpg 300w, https:\/\/contextoanalisisperiodistico.com\/wp-content\/uploads\/2024\/08\/230824283292988949427417511513-768x625.jpg 768w, https:\/\/contextoanalisisperiodistico.com\/wp-content\/uploads\/2024\/08\/230824283292988949427417511513.jpg 960w\" sizes=\"(max-width: 300px) 100vw, 300px\" \/><\/figure>\n\n\n\n<p>Oaxaca de Ju\u00e1rez, Oaxaca.- Con el objetivo de impulsar a la ciudad de Oaxaca como un destino para la realizaci\u00f3n de producciones cinematogr\u00e1ficas, el Ayuntamiento de Oaxaca de Ju\u00e1rez a trav\u00e9s de la Secretar\u00eda de Fomento Tur\u00edstico, organiz\u00f3 las charlas \u201cOaxaca como destino f\u00edlmico\u201d, a cargo de la coodinadora de la Comisi\u00f3n Mexicana de Filmaciones (COMEFILM \u2013 IMCINE), Diana \u00c1lvarez Segoviano.<\/p>\n\n\n\n<p>En diversas sedes de la ciudad, Diana \u00c1lvarez comparti\u00f3 que la entidad oaxaque\u00f1a, espec\u00edficamente la capital, tiene un gran potencial para que m\u00e1s producciones de gran presupuesto apuesten por realizar su trabajo en Oaxaca de Ju\u00e1rez, dada la belleza arquitect\u00f3nica de zonas y barrios capitalinos.<\/p>\n\n\n\n<p>La finalidad de conocer los procesos y etapas que lleva a cabo la Comisi\u00f3n Mexicana de Filmaciones (COMEFILM \u2013 IMCINE) sirvi\u00f3 para promover a la ciudad de Oaxaca como un escenario de alto valor para producciones nacionales e internacionales y de esa manera, posicionar a la capital oaxaque\u00f1a entre los destinos f\u00edlmicos favoritos.<\/p>\n\n\n\n<p>En ese sentido, Diana \u00c1lvarez comparti\u00f3 la conferencia \u201cEl impacto econ\u00f3mico y tur\u00edstico de la industria audiovisual en la ciudad de Oaxaca\u201d, a fin de identificar las ventajas que se tienen al atraer producciones cinematogr\u00e1ficas, entre las que se encuentran: derrama econ\u00f3mica, promover las tradiciones y cultura de la entidad y contrataci\u00f3n e identificaci\u00f3n de nuevos talentos.<\/p>\n\n\n\n<p>La coordinadora de la COMEFILM reconoci\u00f3 que el gobierno municipal ha sido sumamente proactivo para colocar a Oaxaca de Ju\u00e1rez como un destino que atiende las inquietudes de las compa\u00f1\u00edas dedicadas a la producci\u00f3n f\u00edlmica.<\/p>\n\n\n\n<p>Con la realizaci\u00f3n de estas actividades, el Ayuntamiento de Oaxaca de Ju\u00e1rez que encabeza el edil capitalino, Francisco Mart\u00ednez Neri, mantiene acciones que promueven la belleza de la ciudad y se atraen inversiones para dinamizar la econom\u00eda local a trav\u00e9s del cine.<\/p>\n","protected":false},"excerpt":{"rendered":"<p>Oaxaca de Ju\u00e1rez, Oaxaca.- Con el objetivo de impulsar a la ciudad de Oaxaca como&#8230;<\/p>\n","protected":false},"author":4,"featured_media":30615,"comment_status":"","ping_status":"open","sticky":false,"template":"","format":"standard","meta":{"footnotes":""},"categories":[9],"tags":[],"jetpack_sharing_enabled":true,"featured_image_urls":{"full":["https:\/\/contextoanalisisperiodistico.com\/wp-content\/uploads\/2024\/08\/23082428229.jpeg",1080,720,false],"thumbnail":["https:\/\/contextoanalisisperiodistico.com\/wp-content\/uploads\/2024\/08\/23082428229-150x150.jpeg",150,150,true],"medium":["https:\/\/contextoanalisisperiodistico.com\/wp-content\/uploads\/2024\/08\/23082428229-300x200.jpeg",300,200,true],"medium_large":["https:\/\/contextoanalisisperiodistico.com\/wp-content\/uploads\/2024\/08\/23082428229-768x512.jpeg",640,427,true],"large":["https:\/\/contextoanalisisperiodistico.com\/wp-content\/uploads\/2024\/08\/23082428229-1024x683.jpeg",640,427,true],"1536x1536":["https:\/\/contextoanalisisperiodistico.com\/wp-content\/uploads\/2024\/08\/23082428229.jpeg",1080,720,false],"2048x2048":["https:\/\/contextoanalisisperiodistico.com\/wp-content\/uploads\/2024\/08\/23082428229.jpeg",1080,720,false],"covernews-slider-full":["https:\/\/contextoanalisisperiodistico.com\/wp-content\/uploads\/2024\/08\/23082428229-1080x715.jpeg",1080,715,true],"covernews-slider-center":["https:\/\/contextoanalisisperiodistico.com\/wp-content\/uploads\/2024\/08\/23082428229-800x500.jpeg",800,500,true],"covernews-featured":["https:\/\/contextoanalisisperiodistico.com\/wp-content\/uploads\/2024\/08\/23082428229-1024x683.jpeg",1024,683,true],"covernews-medium":["https:\/\/contextoanalisisperiodistico.com\/wp-content\/uploads\/2024\/08\/23082428229-540x340.jpeg",540,340,true],"covernews-medium-square":["https:\/\/contextoanalisisperiodistico.com\/wp-content\/uploads\/2024\/08\/23082428229-400x250.jpeg",400,250,true]},"author_info":{"display_name":"Mario Gir\u00f3n","author_link":"https:\/\/contextoanalisisperiodistico.com\/index.php\/author\/director\/"},"category_info":"<a href=\"https:\/\/contextoanalisisperiodistico.com\/index.php\/category\/politica\/\" rel=\"category tag\">Pol\u00edtica<\/a>","tag_info":"Pol\u00edtica","comment_count":"0","jetpack_featured_media_url":"https:\/\/contextoanalisisperiodistico.com\/wp-content\/uploads\/2024\/08\/23082428229.jpeg","_links":{"self":[{"href":"https:\/\/contextoanalisisperiodistico.com\/index.php\/wp-json\/wp\/v2\/posts\/30618"}],"collection":[{"href":"https:\/\/contextoanalisisperiodistico.com\/index.php\/wp-json\/wp\/v2\/posts"}],"about":[{"href":"https:\/\/contextoanalisisperiodistico.com\/index.php\/wp-json\/wp\/v2\/types\/post"}],"author":[{"embeddable":true,"href":"https:\/\/contextoanalisisperiodistico.com\/index.php\/wp-json\/wp\/v2\/users\/4"}],"replies":[{"embeddable":true,"href":"https:\/\/contextoanalisisperiodistico.com\/index.php\/wp-json\/wp\/v2\/comments?post=30618"}],"version-history":[{"count":0,"href":"https:\/\/contextoanalisisperiodistico.com\/index.php\/wp-json\/wp\/v2\/posts\/30618\/revisions"}],"wp:featuredmedia":[{"embeddable":true,"href":"https:\/\/contextoanalisisperiodistico.com\/index.php\/wp-json\/wp\/v2\/media\/30615"}],"wp:attachment":[{"href":"https:\/\/contextoanalisisperiodistico.com\/index.php\/wp-json\/wp\/v2\/media?parent=30618"}],"wp:term":[{"taxonomy":"category","embeddable":true,"href":"https:\/\/contextoanalisisperiodistico.com\/index.php\/wp-json\/wp\/v2\/categories?post=30618"},{"taxonomy":"post_tag","embeddable":true,"href":"https:\/\/contextoanalisisperiodistico.com\/index.php\/wp-json\/wp\/v2\/tags?post=30618"}],"curies":[{"name":"wp","href":"https:\/\/api.w.org\/{rel}","templated":true}]}}