{"id":30593,"date":"2024-08-23T15:55:10","date_gmt":"2024-08-23T21:55:10","guid":{"rendered":"https:\/\/contextoanalisisperiodistico.com\/index.php\/2024\/08\/23\/concluye-jornada-nacional-de-salud-publica-2024\/"},"modified":"2024-08-23T15:55:10","modified_gmt":"2024-08-23T21:55:10","slug":"concluye-jornada-nacional-de-salud-publica-2024","status":"publish","type":"post","link":"https:\/\/contextoanalisisperiodistico.com\/index.php\/2024\/08\/23\/concluye-jornada-nacional-de-salud-publica-2024\/","title":{"rendered":"Concluye Jornada Nacional de Salud P\u00fablica 2024"},"content":{"rendered":"<div id=\"fb-root\"><\/div>\n\n<p>\u2022 A trav\u00e9s de esta acci\u00f3n se realizaron m\u00e1s de un mill\u00f3n de servicios integrales de manera gratuita, priorizando a las comunidades rurales<\/p>\n\n\n\n<figure class=\"wp-block-image size-large\"><img fetchpriority=\"high\" decoding=\"async\" width=\"1024\" height=\"768\" src=\"https:\/\/contextoanalisisperiodistico.com\/wp-content\/uploads\/2024\/08\/img-20240823-wa01143182495124225401361-1024x768.jpg\" alt=\"\" class=\"wp-image-30591\" srcset=\"https:\/\/contextoanalisisperiodistico.com\/wp-content\/uploads\/2024\/08\/img-20240823-wa01143182495124225401361-1024x768.jpg 1024w, https:\/\/contextoanalisisperiodistico.com\/wp-content\/uploads\/2024\/08\/img-20240823-wa01143182495124225401361-300x225.jpg 300w, https:\/\/contextoanalisisperiodistico.com\/wp-content\/uploads\/2024\/08\/img-20240823-wa01143182495124225401361-768x576.jpg 768w, https:\/\/contextoanalisisperiodistico.com\/wp-content\/uploads\/2024\/08\/img-20240823-wa01143182495124225401361-1536x1152.jpg 1536w, https:\/\/contextoanalisisperiodistico.com\/wp-content\/uploads\/2024\/08\/img-20240823-wa01143182495124225401361.jpg 1600w\" sizes=\"(max-width: 1024px) 100vw, 1024px\" \/><\/figure>\n\n\n\n<figure class=\"wp-block-image\"><img decoding=\"async\" width=\"1024\" height=\"768\" src=\"https:\/\/contextoanalisisperiodistico.com\/wp-content\/uploads\/2024\/08\/img-20240823-wa01137758286756287689101-1024x768.jpg\" alt=\"\" class=\"wp-image-30592\" srcset=\"https:\/\/contextoanalisisperiodistico.com\/wp-content\/uploads\/2024\/08\/img-20240823-wa01137758286756287689101-1024x768.jpg 1024w, https:\/\/contextoanalisisperiodistico.com\/wp-content\/uploads\/2024\/08\/img-20240823-wa01137758286756287689101-300x225.jpg 300w, https:\/\/contextoanalisisperiodistico.com\/wp-content\/uploads\/2024\/08\/img-20240823-wa01137758286756287689101-768x576.jpg 768w, https:\/\/contextoanalisisperiodistico.com\/wp-content\/uploads\/2024\/08\/img-20240823-wa01137758286756287689101-1536x1152.jpg 1536w, https:\/\/contextoanalisisperiodistico.com\/wp-content\/uploads\/2024\/08\/img-20240823-wa01137758286756287689101.jpg 1600w\" sizes=\"(max-width: 1024px) 100vw, 1024px\" \/><\/figure>\n\n\n\n<p>\u2022 Llega a San Lucas Quiavin\u00ed la estrategia Expo Salud en Tu Comunidad<\/p>\n\n\n\n<p>San Lucas Quiavin\u00ed, Oax. 23 de agosto de 2024.- Con m\u00e1s de un mill\u00f3n de acciones integrales e intensivas de promoci\u00f3n, prevenci\u00f3n y educaci\u00f3n para fomentar estilos de vida y comportamientos saludables para reducir el riesgo de padecimientos, concluy\u00f3 con gran participaci\u00f3n de las familias oaxaque\u00f1as, la Jornada Nacional de Salud P\u00fablica 2024.<\/p>\n\n\n\n<p>Con el lema \u00a1Ponte a mano con tu salud!, se relizaron acciones gratuitas en todo el estado, priorizando las comunidades rurales de dif\u00edcil acceso y aquellas sin servicios de salud cercanos, para alcanzar una atenci\u00f3n m\u00e1s humana y centrada en las personas, inform\u00f3 el jefe de la Jurisdicci\u00f3n Sanitaria n\u00famero 6 Sierra, Ismael de Jes\u00fas Arjona Ruiz, en el evento de clausura.<\/p>\n\n\n\n<p>Destac\u00f3 que durante 12 d\u00edas, en plazas p\u00fablicas y otros lugares de alta concentraci\u00f3n, con ocho ejes transversales en temas de transfusi\u00f3n sangu\u00ednea, zoonosis, vectores, micobacteriosis, urgencias epidemiol\u00f3gicas y desastres, g\u00e9nero, discapacidad, promoci\u00f3n de la salud, se brindaron consultas generales, salud bucal y fomento de lactancia materna.<\/p>\n\n\n\n<p>Al presidir la puesta en operaci\u00f3n de la Expo Salud en Tu Comunidad en San Lucas Quiavin\u00ed , el funcionario detall\u00f3 que en las \u00faltimas dos semanas se realizaron nueve estrategias de este tipo en diferentes localidades de la entidad, en donde de manera preliminar, a trav\u00e9s de mastograf\u00edas y exploraciones, se detectaron 423 mujeres positivas a C\u00e1ncer de Mama y 125 a C\u00e1ncer Cervicouterino.<\/p>\n\n\n\n<p>Se proporcion\u00f3 orientaci\u00f3n nutricional, vacunaci\u00f3n, informaci\u00f3n sobre c\u00e1ncer en la mujer, menopausia y climaterio; enfermedades transmitidas por vector, acciones de regulaci\u00f3n y fomento sanitario, prevenci\u00f3n de la violencia y adicciones; detecci\u00f3n de diabetes, hipertensi\u00f3n, Virus de Inmunodeficiencia Humana (VIH), s\u00edfilis, aunado a servicios de la salud mental, sexual y reproductiva, entre otros.<\/p>\n\n\n\n<p>Asimismo se brindaron 178 asesor\u00edas de educaci\u00f3n sexual a mujeres de 20 a 35 a\u00f1os, se otorgaron 886 condones externos a hombres en etapa reproductiva y 172 condones internos para mujeres; mil 423 cartillas de derechos sexuales para adolescentes y j\u00f3venes.<\/p>\n\n\n\n<p>Adem\u00e1s, se repartieron seis mil 455 materiales impresos sobre servicios amigables para adolescentes, vasectom\u00eda sin bistur\u00ed, embarazo saludable, enfermedades cr\u00f3nicas degenerativas, entre otros.<\/p>\n\n\n\n<p>Con este tipo de actividades se logr\u00f3 esterilizar a 135 gatos y perros; se efectuaron 220 pruebas de VIH, mismo n\u00famero para el diagn\u00f3stico de hepatitis C y 168 para s\u00edfilis, de manera gratuita.<br \/>-0-<\/p>\n","protected":false},"excerpt":{"rendered":"<p>\u2022 A trav\u00e9s de esta acci\u00f3n se realizaron m\u00e1s de un mill\u00f3n de servicios integrales&#8230;<\/p>\n","protected":false},"author":4,"featured_media":30590,"comment_status":"","ping_status":"open","sticky":false,"template":"","format":"standard","meta":{"footnotes":""},"categories":[92],"tags":[],"jetpack_sharing_enabled":true,"featured_image_urls":{"full":["https:\/\/contextoanalisisperiodistico.com\/wp-content\/uploads\/2024\/08\/IMG-20240823-WA0115.jpg",1280,960,false],"thumbnail":["https:\/\/contextoanalisisperiodistico.com\/wp-content\/uploads\/2024\/08\/IMG-20240823-WA0115-150x150.jpg",150,150,true],"medium":["https:\/\/contextoanalisisperiodistico.com\/wp-content\/uploads\/2024\/08\/IMG-20240823-WA0115-300x225.jpg",300,225,true],"medium_large":["https:\/\/contextoanalisisperiodistico.com\/wp-content\/uploads\/2024\/08\/IMG-20240823-WA0115-768x576.jpg",640,480,true],"large":["https:\/\/contextoanalisisperiodistico.com\/wp-content\/uploads\/2024\/08\/IMG-20240823-WA0115-1024x768.jpg",640,480,true],"1536x1536":["https:\/\/contextoanalisisperiodistico.com\/wp-content\/uploads\/2024\/08\/IMG-20240823-WA0115.jpg",1280,960,false],"2048x2048":["https:\/\/contextoanalisisperiodistico.com\/wp-content\/uploads\/2024\/08\/IMG-20240823-WA0115.jpg",1280,960,false],"covernews-slider-full":["https:\/\/contextoanalisisperiodistico.com\/wp-content\/uploads\/2024\/08\/IMG-20240823-WA0115-1115x715.jpg",1115,715,true],"covernews-slider-center":["https:\/\/contextoanalisisperiodistico.com\/wp-content\/uploads\/2024\/08\/IMG-20240823-WA0115-800x500.jpg",800,500,true],"covernews-featured":["https:\/\/contextoanalisisperiodistico.com\/wp-content\/uploads\/2024\/08\/IMG-20240823-WA0115-1024x768.jpg",1024,768,true],"covernews-medium":["https:\/\/contextoanalisisperiodistico.com\/wp-content\/uploads\/2024\/08\/IMG-20240823-WA0115-540x340.jpg",540,340,true],"covernews-medium-square":["https:\/\/contextoanalisisperiodistico.com\/wp-content\/uploads\/2024\/08\/IMG-20240823-WA0115-400x250.jpg",400,250,true]},"author_info":{"display_name":"Mario Gir\u00f3n","author_link":"https:\/\/contextoanalisisperiodistico.com\/index.php\/author\/director\/"},"category_info":"<a href=\"https:\/\/contextoanalisisperiodistico.com\/index.php\/category\/salud\/\" rel=\"category tag\">Salud<\/a>","tag_info":"Salud","comment_count":"0","jetpack_featured_media_url":"https:\/\/contextoanalisisperiodistico.com\/wp-content\/uploads\/2024\/08\/IMG-20240823-WA0115.jpg","_links":{"self":[{"href":"https:\/\/contextoanalisisperiodistico.com\/index.php\/wp-json\/wp\/v2\/posts\/30593"}],"collection":[{"href":"https:\/\/contextoanalisisperiodistico.com\/index.php\/wp-json\/wp\/v2\/posts"}],"about":[{"href":"https:\/\/contextoanalisisperiodistico.com\/index.php\/wp-json\/wp\/v2\/types\/post"}],"author":[{"embeddable":true,"href":"https:\/\/contextoanalisisperiodistico.com\/index.php\/wp-json\/wp\/v2\/users\/4"}],"replies":[{"embeddable":true,"href":"https:\/\/contextoanalisisperiodistico.com\/index.php\/wp-json\/wp\/v2\/comments?post=30593"}],"version-history":[{"count":0,"href":"https:\/\/contextoanalisisperiodistico.com\/index.php\/wp-json\/wp\/v2\/posts\/30593\/revisions"}],"wp:featuredmedia":[{"embeddable":true,"href":"https:\/\/contextoanalisisperiodistico.com\/index.php\/wp-json\/wp\/v2\/media\/30590"}],"wp:attachment":[{"href":"https:\/\/contextoanalisisperiodistico.com\/index.php\/wp-json\/wp\/v2\/media?parent=30593"}],"wp:term":[{"taxonomy":"category","embeddable":true,"href":"https:\/\/contextoanalisisperiodistico.com\/index.php\/wp-json\/wp\/v2\/categories?post=30593"},{"taxonomy":"post_tag","embeddable":true,"href":"https:\/\/contextoanalisisperiodistico.com\/index.php\/wp-json\/wp\/v2\/tags?post=30593"}],"curies":[{"name":"wp","href":"https:\/\/api.w.org\/{rel}","templated":true}]}}