{"id":30588,"date":"2024-08-23T15:50:27","date_gmt":"2024-08-23T21:50:27","guid":{"rendered":"https:\/\/contextoanalisisperiodistico.com\/index.php\/2024\/08\/23\/inauguran-primera-etapa-de-pavimentacion-del-camino-de-acceso-a-santa-maria-amialtepec-juquila\/"},"modified":"2024-08-23T15:52:29","modified_gmt":"2024-08-23T21:52:29","slug":"inauguran-primera-etapa-de-pavimentacion-del-camino-de-acceso-a-santa-maria-amialtepec-juquila","status":"publish","type":"post","link":"https:\/\/contextoanalisisperiodistico.com\/index.php\/2024\/08\/23\/inauguran-primera-etapa-de-pavimentacion-del-camino-de-acceso-a-santa-maria-amialtepec-juquila\/","title":{"rendered":"Inauguran la primera etapa&nbsp; pavimentadora del acceso a Santa Mar\u00eda Amialtepec, Juquila"},"content":{"rendered":"<div id=\"fb-root\"><\/div>\n\n<p>\u2022 En representaci\u00f3n del Gobernador Salom\u00f3n Jara Cruz, la secretaria de Turismo Saymi Pineda Velasco y el edil de Santa Catarina Juquila Felipe Ju\u00e1rez Guzm\u00e1n entregaron la obra<\/p>\n\n\n\n<p><br>Santa Catarina Juquila, Oax. 23 de agosto de 2024.- Como parte del Programa de Pavimentaci\u00f3n de Caminos de Agencias Municipales, se inaugur\u00f3 la primera etapa de la pavimentaci\u00f3n del camino de acceso a la poblaci\u00f3n de Santa Mar\u00eda Amialtepec de Santa Catarina Juquila que comprende 1.5 kil\u00f3metros.<\/p>\n\n\n\n<figure class=\"wp-block-image size-large\"><img fetchpriority=\"high\" decoding=\"async\" width=\"900\" height=\"506\" src=\"https:\/\/contextoanalisisperiodistico.com\/wp-content\/uploads\/2024\/08\/img-20240823-wa00818093243697379083451.jpg\" alt=\"\" class=\"wp-image-30586\" srcset=\"https:\/\/contextoanalisisperiodistico.com\/wp-content\/uploads\/2024\/08\/img-20240823-wa00818093243697379083451.jpg 900w, https:\/\/contextoanalisisperiodistico.com\/wp-content\/uploads\/2024\/08\/img-20240823-wa00818093243697379083451-300x169.jpg 300w, https:\/\/contextoanalisisperiodistico.com\/wp-content\/uploads\/2024\/08\/img-20240823-wa00818093243697379083451-768x432.jpg 768w\" sizes=\"(max-width: 900px) 100vw, 900px\" \/><\/figure>\n\n\n\n<figure class=\"wp-block-image\"><img decoding=\"async\" width=\"1024\" height=\"682\" src=\"https:\/\/contextoanalisisperiodistico.com\/wp-content\/uploads\/2024\/08\/img-20240823-wa00831152233061376942666-1024x682.jpg\" alt=\"\" class=\"wp-image-30587\" srcset=\"https:\/\/contextoanalisisperiodistico.com\/wp-content\/uploads\/2024\/08\/img-20240823-wa00831152233061376942666-1024x682.jpg 1024w, https:\/\/contextoanalisisperiodistico.com\/wp-content\/uploads\/2024\/08\/img-20240823-wa00831152233061376942666-300x200.jpg 300w, https:\/\/contextoanalisisperiodistico.com\/wp-content\/uploads\/2024\/08\/img-20240823-wa00831152233061376942666-768x512.jpg 768w, https:\/\/contextoanalisisperiodistico.com\/wp-content\/uploads\/2024\/08\/img-20240823-wa00831152233061376942666-1536x1023.jpg 1536w, https:\/\/contextoanalisisperiodistico.com\/wp-content\/uploads\/2024\/08\/img-20240823-wa00831152233061376942666.jpg 1600w\" sizes=\"(max-width: 1024px) 100vw, 1024px\" \/><\/figure>\n\n\n\n<p>Esta obra realizada por el Gobierno de Oaxaca a trav\u00e9s de Caminos Bienestar facilitar\u00e1 el traslado de las personas que transitan por la Ruta de la Fe, e incrementar\u00e1 el desarrollo econ\u00f3mico en la regi\u00f3n, aumentando la venta de productos locales y fomentando el turismo.<\/p>\n\n\n\n<p>Al entregar al pueblo esta primera fase de la infraestructura, junto al edil de Santa Catarina Juquila Felipe Ju\u00e1rez Guzm\u00e1n, la titular de la secretar\u00eda de Turismo (Sectur), Saymi Pineda se\u00f1al\u00f3 que este camino es recorrido anualmente por m\u00e1s de un mill\u00f3n de personas peregrinas, que generan una importante cantidad de ingresos que benefician a las comunidades mayoritariamente ind\u00edgenas.<\/p>\n\n\n\n<p>Agreg\u00f3 que el gobierno de la Primavera Oaxaque\u00f1a trabaja junto a las autoridades municipales y la ciudadan\u00eda para construir un estado m\u00e1s equitativo, conectado y con mayores oportunidades.<\/p>\n\n\n\n<p>De esta manera agradeci\u00f3 a la poblaci\u00f3n, al agente municipal Carmelo Canseco Cruz, y al director general de Caminos Bienestar (Cabien), Mois\u00e9s Salazar Mart\u00ednez, por su empe\u00f1o en la elaboraci\u00f3n de esta obra.<\/p>\n\n\n\n<p>A su vez, el edil municipal Felipe Ju\u00e1rez Guzm\u00e1n mencion\u00f3 que la obra es una muestra del firme compromiso del Gobernador de Oaxaca para impulsar el desarrollo de la infraestructura caminera en cada rinc\u00f3n del estado, \u201ccon esta obra, se facilita la conectividad para nuestras familias y se beneficia a peregrinos que visitan esta agencia municipal\u201d, dijo.<\/p>\n\n\n\n<p>-0-<\/p>\n","protected":false},"excerpt":{"rendered":"<p>\u2022 En representaci\u00f3n del Gobernador Salom\u00f3n Jara Cruz, la secretaria de Turismo Saymi Pineda Velasco&#8230;<\/p>\n","protected":false},"author":4,"featured_media":30585,"comment_status":"closed","ping_status":"open","sticky":false,"template":"","format":"standard","meta":{"footnotes":""},"categories":[9],"tags":[],"jetpack_sharing_enabled":true,"featured_image_urls":{"full":["https:\/\/contextoanalisisperiodistico.com\/wp-content\/uploads\/2024\/08\/IMG-20240823-WA0082.jpg",900,599,false],"thumbnail":["https:\/\/contextoanalisisperiodistico.com\/wp-content\/uploads\/2024\/08\/IMG-20240823-WA0082-150x150.jpg",150,150,true],"medium":["https:\/\/contextoanalisisperiodistico.com\/wp-content\/uploads\/2024\/08\/IMG-20240823-WA0082-300x200.jpg",300,200,true],"medium_large":["https:\/\/contextoanalisisperiodistico.com\/wp-content\/uploads\/2024\/08\/IMG-20240823-WA0082-768x511.jpg",640,426,true],"large":["https:\/\/contextoanalisisperiodistico.com\/wp-content\/uploads\/2024\/08\/IMG-20240823-WA0082.jpg",640,426,false],"1536x1536":["https:\/\/contextoanalisisperiodistico.com\/wp-content\/uploads\/2024\/08\/IMG-20240823-WA0082.jpg",900,599,false],"2048x2048":["https:\/\/contextoanalisisperiodistico.com\/wp-content\/uploads\/2024\/08\/IMG-20240823-WA0082.jpg",900,599,false],"covernews-slider-full":["https:\/\/contextoanalisisperiodistico.com\/wp-content\/uploads\/2024\/08\/IMG-20240823-WA0082.jpg",900,599,false],"covernews-slider-center":["https:\/\/contextoanalisisperiodistico.com\/wp-content\/uploads\/2024\/08\/IMG-20240823-WA0082-800x500.jpg",800,500,true],"covernews-featured":["https:\/\/contextoanalisisperiodistico.com\/wp-content\/uploads\/2024\/08\/IMG-20240823-WA0082.jpg",900,599,false],"covernews-medium":["https:\/\/contextoanalisisperiodistico.com\/wp-content\/uploads\/2024\/08\/IMG-20240823-WA0082-540x340.jpg",540,340,true],"covernews-medium-square":["https:\/\/contextoanalisisperiodistico.com\/wp-content\/uploads\/2024\/08\/IMG-20240823-WA0082-400x250.jpg",400,250,true]},"author_info":{"display_name":"Mario Gir\u00f3n","author_link":"https:\/\/contextoanalisisperiodistico.com\/index.php\/author\/director\/"},"category_info":"<a href=\"https:\/\/contextoanalisisperiodistico.com\/index.php\/category\/politica\/\" rel=\"category tag\">Pol\u00edtica<\/a>","tag_info":"Pol\u00edtica","comment_count":"0","jetpack_featured_media_url":"https:\/\/contextoanalisisperiodistico.com\/wp-content\/uploads\/2024\/08\/IMG-20240823-WA0082.jpg","_links":{"self":[{"href":"https:\/\/contextoanalisisperiodistico.com\/index.php\/wp-json\/wp\/v2\/posts\/30588"}],"collection":[{"href":"https:\/\/contextoanalisisperiodistico.com\/index.php\/wp-json\/wp\/v2\/posts"}],"about":[{"href":"https:\/\/contextoanalisisperiodistico.com\/index.php\/wp-json\/wp\/v2\/types\/post"}],"author":[{"embeddable":true,"href":"https:\/\/contextoanalisisperiodistico.com\/index.php\/wp-json\/wp\/v2\/users\/4"}],"replies":[{"embeddable":true,"href":"https:\/\/contextoanalisisperiodistico.com\/index.php\/wp-json\/wp\/v2\/comments?post=30588"}],"version-history":[{"count":1,"href":"https:\/\/contextoanalisisperiodistico.com\/index.php\/wp-json\/wp\/v2\/posts\/30588\/revisions"}],"predecessor-version":[{"id":30589,"href":"https:\/\/contextoanalisisperiodistico.com\/index.php\/wp-json\/wp\/v2\/posts\/30588\/revisions\/30589"}],"wp:featuredmedia":[{"embeddable":true,"href":"https:\/\/contextoanalisisperiodistico.com\/index.php\/wp-json\/wp\/v2\/media\/30585"}],"wp:attachment":[{"href":"https:\/\/contextoanalisisperiodistico.com\/index.php\/wp-json\/wp\/v2\/media?parent=30588"}],"wp:term":[{"taxonomy":"category","embeddable":true,"href":"https:\/\/contextoanalisisperiodistico.com\/index.php\/wp-json\/wp\/v2\/categories?post=30588"},{"taxonomy":"post_tag","embeddable":true,"href":"https:\/\/contextoanalisisperiodistico.com\/index.php\/wp-json\/wp\/v2\/tags?post=30588"}],"curies":[{"name":"wp","href":"https:\/\/api.w.org\/{rel}","templated":true}]}}