{"id":30578,"date":"2024-08-23T13:03:42","date_gmt":"2024-08-23T19:03:42","guid":{"rendered":"https:\/\/contextoanalisisperiodistico.com\/index.php\/2024\/08\/23\/inician-competencias-de-boxeo-y-futbol-de-los-juegos-nacionales-populares-2024\/"},"modified":"2024-08-23T13:05:02","modified_gmt":"2024-08-23T19:05:02","slug":"inician-competencias-de-boxeo-y-futbol-de-los-juegos-nacionales-populares-2024","status":"publish","type":"post","link":"https:\/\/contextoanalisisperiodistico.com\/index.php\/2024\/08\/23\/inician-competencias-de-boxeo-y-futbol-de-los-juegos-nacionales-populares-2024\/","title":{"rendered":"Inician competencias de box y futbol de los Juegos Nacionales Populares 2024"},"content":{"rendered":"<div id=\"fb-root\"><\/div>\n\n<p>\u2022 Ambas disciplinas llegar\u00e1n a su final el 25 de agosto, donde se dar\u00e1n a conocer a las y los ganadores de cada categor\u00eda<\/p>\n\n\n\n<p>Oaxaca de Ju\u00e1rez, Oax. 23 de agosto de 2024.- Las actividades de los Juegos Nacionales Populares 2024 contin\u00faan con las competencias de las disciplinas de boxeo popular y f\u00fatbol popular (6&#215;6), las cuales terminar\u00e1n el 25 de agosto.<\/p>\n\n\n\n<p>En el boxeo popular que se desarrolla en el Complejo Deportivo Hermanos Flores Mag\u00f3n, participan 254 boxeadores, pertenecientes a 13 categor\u00edas &#8211; cinco de la rama femenil y ocho de la rama varonil-. Este 22 de agosto por la ma\u00f1ana se efectuaron los combates de ajuste con 59 peleas.<\/p>\n\n\n\n<p>Durante la tarde se realizaron los octavos de final en el Ring 1, d\u00f3nde compitieron 16 participantes; en el Ring 2 y 3 fueron 32 boxeadores.<\/p>\n\n\n\n<p>Este deporte se rige por las mismas reglas que el boxeo ol\u00edmpico, son puntos v\u00e1lidos los golpes que se dan arriba de la cintura y no est\u00e1n permitidos los golpes en la nuca o alguna otra parte del cuerpo.<\/p>\n\n\n\n<p>En cuanto a la duraci\u00f3n, se realizan tres rounds de dos minutos cada uno, con un minuto de descanso. Los combates pueden ganarse por diferencia de puntos, ya sea por unanimidad o por decisi\u00f3n dividida.<\/p>\n\n\n\n<p>En tanto, los partidos de f\u00fatbol popular (6&#215;6), que tienen lugar en la Unidad Deportiva del Instituto Tecnol\u00f3gico de Oaxaca y en las canchas del Polideportivo Venustiano Carranza, participan 27 equipos de la categor\u00eda 2006-2007 y 27 equipos de la 2008-2009, de las ramas varonil y femenil, sumando un total de 108 equipos.<\/p>\n\n\n\n<p>Estos encuentros forman parte de la edici\u00f3n n\u00famero 17 del certamen del deporte popular nacional por excelencia y se dividen en dos tiempos de 20 minutos, con un intervalo de cinco minutos entre cada uno.<\/p>\n\n\n\n<p>En caso de que el tiempo reglamentario de un partido termine empatado se juegan dos tiempos extras con una duraci\u00f3n de cinco minutos cada uno, sin descanso entre ellos.<\/p>\n\n\n\n<p>El Gobierno del Estado reafirma su compromiso para el desarrollo del deporte y actividades que promuevan la paz en la entidad, garantizando un Nuevo Pacto Social.<br \/>-0-<\/p>\n\n\n\n<figure class=\"wp-block-image size-large\"><img fetchpriority=\"high\" decoding=\"async\" width=\"960\" height=\"640\" src=\"https:\/\/contextoanalisisperiodistico.com\/wp-content\/uploads\/2024\/08\/img-20240823-wa00183370017046980041489.jpg\" alt=\"\" class=\"wp-image-30575\" srcset=\"https:\/\/contextoanalisisperiodistico.com\/wp-content\/uploads\/2024\/08\/img-20240823-wa00183370017046980041489.jpg 960w, https:\/\/contextoanalisisperiodistico.com\/wp-content\/uploads\/2024\/08\/img-20240823-wa00183370017046980041489-300x200.jpg 300w, https:\/\/contextoanalisisperiodistico.com\/wp-content\/uploads\/2024\/08\/img-20240823-wa00183370017046980041489-768x512.jpg 768w\" sizes=\"(max-width: 960px) 100vw, 960px\" \/><\/figure>\n\n\n\n<figure class=\"wp-block-image\"><img decoding=\"async\" width=\"1024\" height=\"683\" src=\"https:\/\/contextoanalisisperiodistico.com\/wp-content\/uploads\/2024\/08\/img-20240823-wa002073318621289239548-1024x683.jpg\" alt=\"\" class=\"wp-image-30577\" srcset=\"https:\/\/contextoanalisisperiodistico.com\/wp-content\/uploads\/2024\/08\/img-20240823-wa002073318621289239548-1024x683.jpg 1024w, https:\/\/contextoanalisisperiodistico.com\/wp-content\/uploads\/2024\/08\/img-20240823-wa002073318621289239548-300x200.jpg 300w, https:\/\/contextoanalisisperiodistico.com\/wp-content\/uploads\/2024\/08\/img-20240823-wa002073318621289239548-768x512.jpg 768w, https:\/\/contextoanalisisperiodistico.com\/wp-content\/uploads\/2024\/08\/img-20240823-wa002073318621289239548.jpg 1080w\" sizes=\"(max-width: 1024px) 100vw, 1024px\" \/><\/figure>\n\n\n\n<figure class=\"wp-block-image\"><img decoding=\"async\" width=\"300\" height=\"200\" src=\"https:\/\/contextoanalisisperiodistico.com\/wp-content\/uploads\/2024\/08\/img-20240823-wa00175847302078836062179-300x200.jpg\" alt=\"\" class=\"wp-image-30576\" srcset=\"https:\/\/contextoanalisisperiodistico.com\/wp-content\/uploads\/2024\/08\/img-20240823-wa00175847302078836062179-300x200.jpg 300w, https:\/\/contextoanalisisperiodistico.com\/wp-content\/uploads\/2024\/08\/img-20240823-wa00175847302078836062179-768x512.jpg 768w, https:\/\/contextoanalisisperiodistico.com\/wp-content\/uploads\/2024\/08\/img-20240823-wa00175847302078836062179.jpg 960w\" sizes=\"(max-width: 300px) 100vw, 300px\" \/><\/figure>\n","protected":false},"excerpt":{"rendered":"<p>\u2022 Ambas disciplinas llegar\u00e1n a su final el 25 de agosto, donde se dar\u00e1n a&#8230;<\/p>\n","protected":false},"author":4,"featured_media":30574,"comment_status":"closed","ping_status":"open","sticky":false,"template":"","format":"standard","meta":{"footnotes":""},"categories":[5],"tags":[],"jetpack_sharing_enabled":true,"featured_image_urls":{"full":["https:\/\/contextoanalisisperiodistico.com\/wp-content\/uploads\/2024\/08\/IMG-20240823-WA0019.jpg",1080,720,false],"thumbnail":["https:\/\/contextoanalisisperiodistico.com\/wp-content\/uploads\/2024\/08\/IMG-20240823-WA0019-150x150.jpg",150,150,true],"medium":["https:\/\/contextoanalisisperiodistico.com\/wp-content\/uploads\/2024\/08\/IMG-20240823-WA0019-300x200.jpg",300,200,true],"medium_large":["https:\/\/contextoanalisisperiodistico.com\/wp-content\/uploads\/2024\/08\/IMG-20240823-WA0019-768x512.jpg",640,427,true],"large":["https:\/\/contextoanalisisperiodistico.com\/wp-content\/uploads\/2024\/08\/IMG-20240823-WA0019-1024x683.jpg",640,427,true],"1536x1536":["https:\/\/contextoanalisisperiodistico.com\/wp-content\/uploads\/2024\/08\/IMG-20240823-WA0019.jpg",1080,720,false],"2048x2048":["https:\/\/contextoanalisisperiodistico.com\/wp-content\/uploads\/2024\/08\/IMG-20240823-WA0019.jpg",1080,720,false],"covernews-slider-full":["https:\/\/contextoanalisisperiodistico.com\/wp-content\/uploads\/2024\/08\/IMG-20240823-WA0019-1080x715.jpg",1080,715,true],"covernews-slider-center":["https:\/\/contextoanalisisperiodistico.com\/wp-content\/uploads\/2024\/08\/IMG-20240823-WA0019-800x500.jpg",800,500,true],"covernews-featured":["https:\/\/contextoanalisisperiodistico.com\/wp-content\/uploads\/2024\/08\/IMG-20240823-WA0019-1024x683.jpg",1024,683,true],"covernews-medium":["https:\/\/contextoanalisisperiodistico.com\/wp-content\/uploads\/2024\/08\/IMG-20240823-WA0019-540x340.jpg",540,340,true],"covernews-medium-square":["https:\/\/contextoanalisisperiodistico.com\/wp-content\/uploads\/2024\/08\/IMG-20240823-WA0019-400x250.jpg",400,250,true]},"author_info":{"display_name":"Mario Gir\u00f3n","author_link":"https:\/\/contextoanalisisperiodistico.com\/index.php\/author\/director\/"},"category_info":"<a href=\"https:\/\/contextoanalisisperiodistico.com\/index.php\/category\/deportes\/\" rel=\"category tag\">Deportes<\/a>","tag_info":"Deportes","comment_count":"0","jetpack_featured_media_url":"https:\/\/contextoanalisisperiodistico.com\/wp-content\/uploads\/2024\/08\/IMG-20240823-WA0019.jpg","_links":{"self":[{"href":"https:\/\/contextoanalisisperiodistico.com\/index.php\/wp-json\/wp\/v2\/posts\/30578"}],"collection":[{"href":"https:\/\/contextoanalisisperiodistico.com\/index.php\/wp-json\/wp\/v2\/posts"}],"about":[{"href":"https:\/\/contextoanalisisperiodistico.com\/index.php\/wp-json\/wp\/v2\/types\/post"}],"author":[{"embeddable":true,"href":"https:\/\/contextoanalisisperiodistico.com\/index.php\/wp-json\/wp\/v2\/users\/4"}],"replies":[{"embeddable":true,"href":"https:\/\/contextoanalisisperiodistico.com\/index.php\/wp-json\/wp\/v2\/comments?post=30578"}],"version-history":[{"count":2,"href":"https:\/\/contextoanalisisperiodistico.com\/index.php\/wp-json\/wp\/v2\/posts\/30578\/revisions"}],"predecessor-version":[{"id":30580,"href":"https:\/\/contextoanalisisperiodistico.com\/index.php\/wp-json\/wp\/v2\/posts\/30578\/revisions\/30580"}],"wp:featuredmedia":[{"embeddable":true,"href":"https:\/\/contextoanalisisperiodistico.com\/index.php\/wp-json\/wp\/v2\/media\/30574"}],"wp:attachment":[{"href":"https:\/\/contextoanalisisperiodistico.com\/index.php\/wp-json\/wp\/v2\/media?parent=30578"}],"wp:term":[{"taxonomy":"category","embeddable":true,"href":"https:\/\/contextoanalisisperiodistico.com\/index.php\/wp-json\/wp\/v2\/categories?post=30578"},{"taxonomy":"post_tag","embeddable":true,"href":"https:\/\/contextoanalisisperiodistico.com\/index.php\/wp-json\/wp\/v2\/tags?post=30578"}],"curies":[{"name":"wp","href":"https:\/\/api.w.org\/{rel}","templated":true}]}}