{"id":30555,"date":"2024-08-22T09:32:47","date_gmt":"2024-08-22T15:32:47","guid":{"rendered":"https:\/\/contextoanalisisperiodistico.com\/index.php\/2024\/08\/22\/inician-programa-de-fomento-a-la-lectura-en-los-centros-penitenciarios\/"},"modified":"2024-08-22T09:32:47","modified_gmt":"2024-08-22T15:32:47","slug":"inician-programa-de-fomento-a-la-lectura-en-los-centros-penitenciarios","status":"publish","type":"post","link":"https:\/\/contextoanalisisperiodistico.com\/index.php\/2024\/08\/22\/inician-programa-de-fomento-a-la-lectura-en-los-centros-penitenciarios\/","title":{"rendered":"Inician programa de fomento a la lectura en los Centros Penitenciarios"},"content":{"rendered":"<div id=\"fb-root\"><\/div>\n\n<p>\u2022 Estas actividades facilitan la promoci\u00f3n, el fomento y la difusi\u00f3n por este h\u00e1bito entre las Personas Privadas de la Libertad<\/p>\n\n\n\n<figure class=\"wp-block-image size-large\"><img fetchpriority=\"high\" decoding=\"async\" width=\"768\" height=\"1024\" src=\"https:\/\/contextoanalisisperiodistico.com\/wp-content\/uploads\/2024\/08\/img-20240822-wa00134044349575751850017-768x1024.jpg\" alt=\"\" class=\"wp-image-30554\" srcset=\"https:\/\/contextoanalisisperiodistico.com\/wp-content\/uploads\/2024\/08\/img-20240822-wa00134044349575751850017-768x1024.jpg 768w, https:\/\/contextoanalisisperiodistico.com\/wp-content\/uploads\/2024\/08\/img-20240822-wa00134044349575751850017-225x300.jpg 225w, https:\/\/contextoanalisisperiodistico.com\/wp-content\/uploads\/2024\/08\/img-20240822-wa00134044349575751850017.jpg 960w\" sizes=\"(max-width: 768px) 100vw, 768px\" \/><\/figure>\n\n\n\n<p>Oaxaca de Ju\u00e1rez, Oax. 22 de agosto de 2024. Con el objetivo de fomentar el h\u00e1bito de la lectura entre las Personas Privadas de la Libertad (PPL), la Secretar\u00eda de Seguridad y Protecci\u00f3n Ciudadana (SSPC) en colaboraci\u00f3n con la Secretar\u00eda de las Culturas y Artes de Oaxaca (Seculta), iniciaron el programa \u201cPPLeyendo\u201d en los Centros Penitenciarios de Tanivet Varonil y en Etla, as\u00ed como en la Direcci\u00f3n de Ejecuci\u00f3n de Medidas para Adolescentes (DEMA).<\/p>\n\n\n\n<p>Derivadas del Programa Fomento a la Lectura \u201cUn pueblo leyendo para transformar su historia\u201d que impulsa el gobierno de la Primavera Oaxaque\u00f1a, autoridades penitenciarias y directivos de la Seculta compartieron textos que leyeron en voz alta y realizaron actividades l\u00fadicas y musicales, as\u00ed como la entrega de libros para quienes se encuentra privados de la libertad.<\/p>\n\n\n\n<p>Con ello, la SSPC, que encabeza Iv\u00e1n Garc\u00eda \u00c1lvarez, a trav\u00e9s de la Subsecretar\u00eda de Prevenci\u00f3n y Reinserci\u00f3n Social (SPyRS) facilita la promoci\u00f3n, el fomento y la difusi\u00f3n de la lectura, as\u00ed como sus beneficios en el desarrollo humano.<\/p>\n\n\n\n<p>En la actual administraci\u00f3n estatal se impulsa la cultura como un medio para lograr el respeto de los derechos humanos, la convivencia, socializaci\u00f3n y la Paz con Justicia en el estado.<\/p>\n\n\n\n<p>-0-<\/p>\n","protected":false},"excerpt":{"rendered":"<p>\u2022 Estas actividades facilitan la promoci\u00f3n, el fomento y la difusi\u00f3n por este h\u00e1bito entre&#8230;<\/p>\n","protected":false},"author":4,"featured_media":30553,"comment_status":"","ping_status":"open","sticky":false,"template":"","format":"standard","meta":{"footnotes":""},"categories":[4],"tags":[],"jetpack_sharing_enabled":true,"featured_image_urls":{"full":["https:\/\/contextoanalisisperiodistico.com\/wp-content\/uploads\/2024\/08\/IMG-20240822-WA0015.jpg",1280,960,false],"thumbnail":["https:\/\/contextoanalisisperiodistico.com\/wp-content\/uploads\/2024\/08\/IMG-20240822-WA0015-150x150.jpg",150,150,true],"medium":["https:\/\/contextoanalisisperiodistico.com\/wp-content\/uploads\/2024\/08\/IMG-20240822-WA0015-300x225.jpg",300,225,true],"medium_large":["https:\/\/contextoanalisisperiodistico.com\/wp-content\/uploads\/2024\/08\/IMG-20240822-WA0015-768x576.jpg",640,480,true],"large":["https:\/\/contextoanalisisperiodistico.com\/wp-content\/uploads\/2024\/08\/IMG-20240822-WA0015-1024x768.jpg",640,480,true],"1536x1536":["https:\/\/contextoanalisisperiodistico.com\/wp-content\/uploads\/2024\/08\/IMG-20240822-WA0015.jpg",1280,960,false],"2048x2048":["https:\/\/contextoanalisisperiodistico.com\/wp-content\/uploads\/2024\/08\/IMG-20240822-WA0015.jpg",1280,960,false],"covernews-slider-full":["https:\/\/contextoanalisisperiodistico.com\/wp-content\/uploads\/2024\/08\/IMG-20240822-WA0015-1115x715.jpg",1115,715,true],"covernews-slider-center":["https:\/\/contextoanalisisperiodistico.com\/wp-content\/uploads\/2024\/08\/IMG-20240822-WA0015-800x500.jpg",800,500,true],"covernews-featured":["https:\/\/contextoanalisisperiodistico.com\/wp-content\/uploads\/2024\/08\/IMG-20240822-WA0015-1024x768.jpg",1024,768,true],"covernews-medium":["https:\/\/contextoanalisisperiodistico.com\/wp-content\/uploads\/2024\/08\/IMG-20240822-WA0015-540x340.jpg",540,340,true],"covernews-medium-square":["https:\/\/contextoanalisisperiodistico.com\/wp-content\/uploads\/2024\/08\/IMG-20240822-WA0015-400x250.jpg",400,250,true]},"author_info":{"display_name":"Mario Gir\u00f3n","author_link":"https:\/\/contextoanalisisperiodistico.com\/index.php\/author\/director\/"},"category_info":"<a href=\"https:\/\/contextoanalisisperiodistico.com\/index.php\/category\/cultura\/\" rel=\"category tag\">Cultura<\/a>","tag_info":"Cultura","comment_count":"0","jetpack_featured_media_url":"https:\/\/contextoanalisisperiodistico.com\/wp-content\/uploads\/2024\/08\/IMG-20240822-WA0015.jpg","_links":{"self":[{"href":"https:\/\/contextoanalisisperiodistico.com\/index.php\/wp-json\/wp\/v2\/posts\/30555"}],"collection":[{"href":"https:\/\/contextoanalisisperiodistico.com\/index.php\/wp-json\/wp\/v2\/posts"}],"about":[{"href":"https:\/\/contextoanalisisperiodistico.com\/index.php\/wp-json\/wp\/v2\/types\/post"}],"author":[{"embeddable":true,"href":"https:\/\/contextoanalisisperiodistico.com\/index.php\/wp-json\/wp\/v2\/users\/4"}],"replies":[{"embeddable":true,"href":"https:\/\/contextoanalisisperiodistico.com\/index.php\/wp-json\/wp\/v2\/comments?post=30555"}],"version-history":[{"count":0,"href":"https:\/\/contextoanalisisperiodistico.com\/index.php\/wp-json\/wp\/v2\/posts\/30555\/revisions"}],"wp:featuredmedia":[{"embeddable":true,"href":"https:\/\/contextoanalisisperiodistico.com\/index.php\/wp-json\/wp\/v2\/media\/30553"}],"wp:attachment":[{"href":"https:\/\/contextoanalisisperiodistico.com\/index.php\/wp-json\/wp\/v2\/media?parent=30555"}],"wp:term":[{"taxonomy":"category","embeddable":true,"href":"https:\/\/contextoanalisisperiodistico.com\/index.php\/wp-json\/wp\/v2\/categories?post=30555"},{"taxonomy":"post_tag","embeddable":true,"href":"https:\/\/contextoanalisisperiodistico.com\/index.php\/wp-json\/wp\/v2\/tags?post=30555"}],"curies":[{"name":"wp","href":"https:\/\/api.w.org\/{rel}","templated":true}]}}