{"id":30547,"date":"2024-08-22T08:36:54","date_gmt":"2024-08-22T14:36:54","guid":{"rendered":"https:\/\/contextoanalisisperiodistico.com\/index.php\/2024\/08\/22\/en-santiago-tillo-destinan-recursos-para-el-campo-educacion-y-programas-sociales\/"},"modified":"2024-08-22T08:36:54","modified_gmt":"2024-08-22T14:36:54","slug":"en-santiago-tillo-destinan-recursos-para-el-campo-educacion-y-programas-sociales","status":"publish","type":"post","link":"https:\/\/contextoanalisisperiodistico.com\/index.php\/2024\/08\/22\/en-santiago-tillo-destinan-recursos-para-el-campo-educacion-y-programas-sociales\/","title":{"rendered":"En Santiago Tillo destinan recursos para el campo, educaci\u00f3n y programas sociales"},"content":{"rendered":"<div id=\"fb-root\"><\/div>\n\n<p>\u2022 El Gobernador de Oaxaca anunci\u00f3 m\u00e1s de 2 millones de pesos para estas acciones<\/p>\n\n\n\n<figure class=\"wp-block-image size-large\"><img fetchpriority=\"high\" decoding=\"async\" width=\"900\" height=\"600\" src=\"https:\/\/contextoanalisisperiodistico.com\/wp-content\/uploads\/2024\/08\/img-20240821-wa00923858757314173048825.jpg\" alt=\"\" class=\"wp-image-30545\" srcset=\"https:\/\/contextoanalisisperiodistico.com\/wp-content\/uploads\/2024\/08\/img-20240821-wa00923858757314173048825.jpg 900w, https:\/\/contextoanalisisperiodistico.com\/wp-content\/uploads\/2024\/08\/img-20240821-wa00923858757314173048825-300x200.jpg 300w, https:\/\/contextoanalisisperiodistico.com\/wp-content\/uploads\/2024\/08\/img-20240821-wa00923858757314173048825-768x512.jpg 768w\" sizes=\"(max-width: 900px) 100vw, 900px\" \/><\/figure>\n\n\n\n<figure class=\"wp-block-image\"><img decoding=\"async\" width=\"300\" height=\"175\" src=\"https:\/\/contextoanalisisperiodistico.com\/wp-content\/uploads\/2024\/08\/img-20240821-wa00953938750619992163254-300x175.jpg\" alt=\"\" class=\"wp-image-30544\" srcset=\"https:\/\/contextoanalisisperiodistico.com\/wp-content\/uploads\/2024\/08\/img-20240821-wa00953938750619992163254-300x175.jpg 300w, https:\/\/contextoanalisisperiodistico.com\/wp-content\/uploads\/2024\/08\/img-20240821-wa00953938750619992163254-768x449.jpg 768w, https:\/\/contextoanalisisperiodistico.com\/wp-content\/uploads\/2024\/08\/img-20240821-wa00953938750619992163254.jpg 900w\" sizes=\"(max-width: 300px) 100vw, 300px\" \/><\/figure>\n\n\n\n<figure class=\"wp-block-image\"><img decoding=\"async\" width=\"300\" height=\"200\" src=\"https:\/\/contextoanalisisperiodistico.com\/wp-content\/uploads\/2024\/08\/img-20240821-wa00913491159766699871427-300x200.jpg\" alt=\"\" class=\"wp-image-30546\" srcset=\"https:\/\/contextoanalisisperiodistico.com\/wp-content\/uploads\/2024\/08\/img-20240821-wa00913491159766699871427-300x200.jpg 300w, https:\/\/contextoanalisisperiodistico.com\/wp-content\/uploads\/2024\/08\/img-20240821-wa00913491159766699871427-768x512.jpg 768w, https:\/\/contextoanalisisperiodistico.com\/wp-content\/uploads\/2024\/08\/img-20240821-wa00913491159766699871427.jpg 900w\" sizes=\"(max-width: 300px) 100vw, 300px\" \/><\/figure>\n\n\n\n<p>Santiago Tillo, Oax. 21 de agosto de 2024.- Con una inversi\u00f3n de 2 millones 341 mil pesos, el Gobierno de la Primavera Oaxaque\u00f1a realizar\u00e1 acciones para transformar la vida de las y los habitantes del municipio de Santiago Tillo, ubicado en la regi\u00f3n Mixteca, con mejoras en el campo, educaci\u00f3n y programas sociales.<\/p>\n\n\n\n<p>Junto a la Presidenta Honoraria del Sistema Estatal para el Desarrollo Integral de la Familia (DIF) Oaxaca Irma Bola\u00f1os Quijano, el Gobernador Salom\u00f3n Jara Cruz explic\u00f3 que estas acciones se realizan a trav\u00e9s del esquema Trabajo que Transforma tu Municipio.<\/p>\n\n\n\n<p>\u00abVenimos con un nuevo modelo de atenci\u00f3n, en el que el gobierno trabaja con transparencia, honestidad y sencillez para impulsar el bienestar y desarrollo de nuestros pueblos\u00bb, afirm\u00f3 Jara Cruz.<\/p>\n\n\n\n<p>Para atender el sector educativo, el Instituto Estatal de Educaci\u00f3n P\u00fablica de Oaxaca (IEEPO) otorgar\u00e1 pintura, computadoras, pizarrones y lotes de mobiliario, as\u00ed como material de aseo, deportivo y oficina a tres escuelas de nivel b\u00e1sico, respectivamente, con una inversi\u00f3n de 135 mil 552 pesos.<\/p>\n\n\n\n<p>En tanto, el Instituto Oaxaque\u00f1o Constructor de Infraestructura Educativa (Iocied) canalizar\u00e1 800 mil pesos para la rehabilitaci\u00f3n de ba\u00f1os y aulas de un preescolar y una primaria de esta municipalidad, respectivamente.<\/p>\n\n\n\n<p>En este marco, Servicios de Salud de Oaxaca (SSO) dio a conocer que como parte del programa La Cl\u00ednica es Nuestra se deposit\u00f3 un mill\u00f3n de pesos a esta poblaci\u00f3n, recurso que ser\u00e1 utilizado para el mejoramiento de las instalaciones de salud.<\/p>\n\n\n\n<p>Por su parte, el Sistema DIF Oaxaca implementa el programa Itacate de Mi Coraz\u00f3n en beneficio de ni\u00f1as, ni\u00f1os y adolescentes con recursos por el orden de 107 mil 417 pesos. La Comisi\u00f3n Estatal del Agua para el Bienestar (Ceabien) brindar\u00e1 asesor\u00eda a la poblaci\u00f3n para crear un proyecto para la perforaci\u00f3n de un pozo profundo.<\/p>\n\n\n\n<p>Para apoyar a las personas productoras, la Secretar\u00eda de Fomento Agroalimentario y Desarrollo Rural (Sefader) aplica 298 mil 913 pesos en los programas Sembrando Vida y Autosuficiencia Alimentaria, as\u00ed como en productos para el control biol\u00f3gico qu\u00edmico de las plagas del ma\u00edz, frijol y trigo. La dependencia tambi\u00e9n apoy\u00f3 con garant\u00edas l\u00edquidas para el cultivo de la cebada maltera en 73 hect\u00e1reas.<\/p>\n\n\n\n<p>Finalmente, la Secretar\u00eda de la Infraestructuras y Comunicaciones realizar\u00e1 un estudio para la construcci\u00f3n de un puente vehicular.<\/p>\n\n\n\n<p>-0-<\/p>\n","protected":false},"excerpt":{"rendered":"<p>\u2022 El Gobernador de Oaxaca anunci\u00f3 m\u00e1s de 2 millones de pesos para estas acciones&#8230;<\/p>\n","protected":false},"author":4,"featured_media":30543,"comment_status":"","ping_status":"open","sticky":false,"template":"","format":"standard","meta":{"footnotes":""},"categories":[9],"tags":[],"jetpack_sharing_enabled":true,"featured_image_urls":{"full":["https:\/\/contextoanalisisperiodistico.com\/wp-content\/uploads\/2024\/08\/IMG-20240821-WA0096.jpg",840,567,false],"thumbnail":["https:\/\/contextoanalisisperiodistico.com\/wp-content\/uploads\/2024\/08\/IMG-20240821-WA0096-150x150.jpg",150,150,true],"medium":["https:\/\/contextoanalisisperiodistico.com\/wp-content\/uploads\/2024\/08\/IMG-20240821-WA0096-300x203.jpg",300,203,true],"medium_large":["https:\/\/contextoanalisisperiodistico.com\/wp-content\/uploads\/2024\/08\/IMG-20240821-WA0096-768x518.jpg",640,432,true],"large":["https:\/\/contextoanalisisperiodistico.com\/wp-content\/uploads\/2024\/08\/IMG-20240821-WA0096.jpg",640,432,false],"1536x1536":["https:\/\/contextoanalisisperiodistico.com\/wp-content\/uploads\/2024\/08\/IMG-20240821-WA0096.jpg",840,567,false],"2048x2048":["https:\/\/contextoanalisisperiodistico.com\/wp-content\/uploads\/2024\/08\/IMG-20240821-WA0096.jpg",840,567,false],"covernews-slider-full":["https:\/\/contextoanalisisperiodistico.com\/wp-content\/uploads\/2024\/08\/IMG-20240821-WA0096.jpg",840,567,false],"covernews-slider-center":["https:\/\/contextoanalisisperiodistico.com\/wp-content\/uploads\/2024\/08\/IMG-20240821-WA0096-800x500.jpg",800,500,true],"covernews-featured":["https:\/\/contextoanalisisperiodistico.com\/wp-content\/uploads\/2024\/08\/IMG-20240821-WA0096.jpg",840,567,false],"covernews-medium":["https:\/\/contextoanalisisperiodistico.com\/wp-content\/uploads\/2024\/08\/IMG-20240821-WA0096-540x340.jpg",540,340,true],"covernews-medium-square":["https:\/\/contextoanalisisperiodistico.com\/wp-content\/uploads\/2024\/08\/IMG-20240821-WA0096-400x250.jpg",400,250,true]},"author_info":{"display_name":"Mario Gir\u00f3n","author_link":"https:\/\/contextoanalisisperiodistico.com\/index.php\/author\/director\/"},"category_info":"<a href=\"https:\/\/contextoanalisisperiodistico.com\/index.php\/category\/politica\/\" rel=\"category tag\">Pol\u00edtica<\/a>","tag_info":"Pol\u00edtica","comment_count":"0","jetpack_featured_media_url":"https:\/\/contextoanalisisperiodistico.com\/wp-content\/uploads\/2024\/08\/IMG-20240821-WA0096.jpg","_links":{"self":[{"href":"https:\/\/contextoanalisisperiodistico.com\/index.php\/wp-json\/wp\/v2\/posts\/30547"}],"collection":[{"href":"https:\/\/contextoanalisisperiodistico.com\/index.php\/wp-json\/wp\/v2\/posts"}],"about":[{"href":"https:\/\/contextoanalisisperiodistico.com\/index.php\/wp-json\/wp\/v2\/types\/post"}],"author":[{"embeddable":true,"href":"https:\/\/contextoanalisisperiodistico.com\/index.php\/wp-json\/wp\/v2\/users\/4"}],"replies":[{"embeddable":true,"href":"https:\/\/contextoanalisisperiodistico.com\/index.php\/wp-json\/wp\/v2\/comments?post=30547"}],"version-history":[{"count":0,"href":"https:\/\/contextoanalisisperiodistico.com\/index.php\/wp-json\/wp\/v2\/posts\/30547\/revisions"}],"wp:featuredmedia":[{"embeddable":true,"href":"https:\/\/contextoanalisisperiodistico.com\/index.php\/wp-json\/wp\/v2\/media\/30543"}],"wp:attachment":[{"href":"https:\/\/contextoanalisisperiodistico.com\/index.php\/wp-json\/wp\/v2\/media?parent=30547"}],"wp:term":[{"taxonomy":"category","embeddable":true,"href":"https:\/\/contextoanalisisperiodistico.com\/index.php\/wp-json\/wp\/v2\/categories?post=30547"},{"taxonomy":"post_tag","embeddable":true,"href":"https:\/\/contextoanalisisperiodistico.com\/index.php\/wp-json\/wp\/v2\/tags?post=30547"}],"curies":[{"name":"wp","href":"https:\/\/api.w.org\/{rel}","templated":true}]}}