{"id":30539,"date":"2024-08-22T08:25:10","date_gmt":"2024-08-22T14:25:10","guid":{"rendered":"https:\/\/contextoanalisisperiodistico.com\/index.php\/2024\/08\/22\/certifica-stps-a-personal-de-la-secretaria-de-honestidad-como-agentes-capacitadores-externos\/"},"modified":"2024-08-22T08:25:10","modified_gmt":"2024-08-22T14:25:10","slug":"certifica-stps-a-personal-de-la-secretaria-de-honestidad-como-agentes-capacitadores-externos","status":"publish","type":"post","link":"https:\/\/contextoanalisisperiodistico.com\/index.php\/2024\/08\/22\/certifica-stps-a-personal-de-la-secretaria-de-honestidad-como-agentes-capacitadores-externos\/","title":{"rendered":"Certifica STPS a personal de la Secretar\u00eda de Honestidad como Agentes Capacitadores Externos"},"content":{"rendered":"<div id=\"fb-root\"><\/div>\n\n<p>\u2022 Con esta acreditaci\u00f3n la dependencia garantiza la calidad de la ense\u00f1anza del personal al cumplir con los est\u00e1ndares requeridos por la normativa laboral<\/p>\n\n\n\n<figure class=\"wp-block-image size-large\"><img fetchpriority=\"high\" decoding=\"async\" width=\"1024\" height=\"682\" src=\"https:\/\/contextoanalisisperiodistico.com\/wp-content\/uploads\/2024\/08\/img-20240822-wa0007764865100336273675-1024x682.jpg\" alt=\"\" class=\"wp-image-30538\" srcset=\"https:\/\/contextoanalisisperiodistico.com\/wp-content\/uploads\/2024\/08\/img-20240822-wa0007764865100336273675-1024x682.jpg 1024w, https:\/\/contextoanalisisperiodistico.com\/wp-content\/uploads\/2024\/08\/img-20240822-wa0007764865100336273675-300x200.jpg 300w, https:\/\/contextoanalisisperiodistico.com\/wp-content\/uploads\/2024\/08\/img-20240822-wa0007764865100336273675-768x512.jpg 768w, https:\/\/contextoanalisisperiodistico.com\/wp-content\/uploads\/2024\/08\/img-20240822-wa0007764865100336273675-1536x1023.jpg 1536w, https:\/\/contextoanalisisperiodistico.com\/wp-content\/uploads\/2024\/08\/img-20240822-wa0007764865100336273675.jpg 1600w\" sizes=\"(max-width: 1024px) 100vw, 1024px\" \/><\/figure>\n\n\n\n<p>Tlalixtac de Cabrera, Oax. 22 de agosto de 2024.- Personal de la Secretar\u00eda de Honestidad, Transparencia y Funci\u00f3n P\u00fablica recibi\u00f3 la certificaci\u00f3n como Agentes Capacitadores Externos por la Secretar\u00eda de Trabajo y Previsi\u00f3n Social del Gobierno Federal (STPS), acreditando as\u00ed su trayectoria profesional para impartir capacitaciones con validez oficial.<\/p>\n\n\n\n<p>A trav\u00e9s de esta acreditaci\u00f3n, las personas servidoras p\u00fablicas quedan registradas en el Padr\u00f3n Nacional de Agentes Capacitadores Externos de la STPS, lo que les permitir\u00e1 llevar sus conocimientos a nivel nacional.<\/p>\n\n\n\n<p>\u201cLa capacitaci\u00f3n en la administraci\u00f3n p\u00fablica estatal es muy importante, ya que nos brinda conocimientos, habilidades y competencias para llevar a cabo nuestro trabajo de forma adecuada y eficiente\u201d, expres\u00f3 la secretaria de Honestidad, Transparencia y Funci\u00f3n P\u00fablica Leticia Elsa Reyes L\u00f3pez.<\/p>\n\n\n\n<p>De esta manera, Reyes L\u00f3pez exhort\u00f3 al funcionariado a continuar prepar\u00e1ndose constantemente, as\u00ed como a transmitir sus conocimientos y experiencias adquiridas, refrendando as\u00ed el compromiso del Gobernador Salom\u00f3n Jara Cruz, de tener una administraci\u00f3n p\u00fablica m\u00e1s eficiente en beneficio de las oaxaque\u00f1as y oaxaque\u00f1os.<\/p>\n\n\n\n<p>En este evento realizado en Ciudad Administrativa, se cont\u00f3 con la presencia del delegado Federal de la Secretar\u00eda de Trabajo y Previsi\u00f3n Social, Gonzalo de Jes\u00fas Jaime Morelos, quien se\u00f1al\u00f3 que a partir de ahora el personal de la Secretar\u00eda de Honestidad contribuir\u00e1 en la profesionalizaci\u00f3n del sector p\u00fablico y lograr\u00e1 una mejora significativa en el desempe\u00f1o de las y los trabajadores.<\/p>\n\n\n\n<p>Agreg\u00f3 que esta Secretar\u00eda es una de las primeras dependencias del Gobierno de Oaxaca a las que se les otorga esta certificaci\u00f3n, por lo que celebr\u00f3 la coordinaci\u00f3n entre los dos niveles de gobierno, estatal y federal, para garantizar la calidad de las capacitaciones y cumplir con las regulaciones en la materia.<\/p>\n\n\n\n<p>-0-<\/p>\n","protected":false},"excerpt":{"rendered":"<p>\u2022 Con esta acreditaci\u00f3n la dependencia garantiza la calidad de la ense\u00f1anza del personal al&#8230;<\/p>\n","protected":false},"author":4,"featured_media":30537,"comment_status":"","ping_status":"open","sticky":false,"template":"","format":"standard","meta":{"footnotes":""},"categories":[9],"tags":[],"jetpack_sharing_enabled":true,"featured_image_urls":{"full":["https:\/\/contextoanalisisperiodistico.com\/wp-content\/uploads\/2024\/08\/IMG-20240822-WA0008.jpg",1600,1066,false],"thumbnail":["https:\/\/contextoanalisisperiodistico.com\/wp-content\/uploads\/2024\/08\/IMG-20240822-WA0008-150x150.jpg",150,150,true],"medium":["https:\/\/contextoanalisisperiodistico.com\/wp-content\/uploads\/2024\/08\/IMG-20240822-WA0008-300x200.jpg",300,200,true],"medium_large":["https:\/\/contextoanalisisperiodistico.com\/wp-content\/uploads\/2024\/08\/IMG-20240822-WA0008-768x512.jpg",640,427,true],"large":["https:\/\/contextoanalisisperiodistico.com\/wp-content\/uploads\/2024\/08\/IMG-20240822-WA0008-1024x682.jpg",640,426,true],"1536x1536":["https:\/\/contextoanalisisperiodistico.com\/wp-content\/uploads\/2024\/08\/IMG-20240822-WA0008-1536x1023.jpg",1536,1023,true],"2048x2048":["https:\/\/contextoanalisisperiodistico.com\/wp-content\/uploads\/2024\/08\/IMG-20240822-WA0008.jpg",1600,1066,false],"covernews-slider-full":["https:\/\/contextoanalisisperiodistico.com\/wp-content\/uploads\/2024\/08\/IMG-20240822-WA0008-1115x715.jpg",1115,715,true],"covernews-slider-center":["https:\/\/contextoanalisisperiodistico.com\/wp-content\/uploads\/2024\/08\/IMG-20240822-WA0008-800x500.jpg",800,500,true],"covernews-featured":["https:\/\/contextoanalisisperiodistico.com\/wp-content\/uploads\/2024\/08\/IMG-20240822-WA0008-1024x682.jpg",1024,682,true],"covernews-medium":["https:\/\/contextoanalisisperiodistico.com\/wp-content\/uploads\/2024\/08\/IMG-20240822-WA0008-540x340.jpg",540,340,true],"covernews-medium-square":["https:\/\/contextoanalisisperiodistico.com\/wp-content\/uploads\/2024\/08\/IMG-20240822-WA0008-400x250.jpg",400,250,true]},"author_info":{"display_name":"Mario Gir\u00f3n","author_link":"https:\/\/contextoanalisisperiodistico.com\/index.php\/author\/director\/"},"category_info":"<a href=\"https:\/\/contextoanalisisperiodistico.com\/index.php\/category\/politica\/\" rel=\"category tag\">Pol\u00edtica<\/a>","tag_info":"Pol\u00edtica","comment_count":"0","jetpack_featured_media_url":"https:\/\/contextoanalisisperiodistico.com\/wp-content\/uploads\/2024\/08\/IMG-20240822-WA0008.jpg","_links":{"self":[{"href":"https:\/\/contextoanalisisperiodistico.com\/index.php\/wp-json\/wp\/v2\/posts\/30539"}],"collection":[{"href":"https:\/\/contextoanalisisperiodistico.com\/index.php\/wp-json\/wp\/v2\/posts"}],"about":[{"href":"https:\/\/contextoanalisisperiodistico.com\/index.php\/wp-json\/wp\/v2\/types\/post"}],"author":[{"embeddable":true,"href":"https:\/\/contextoanalisisperiodistico.com\/index.php\/wp-json\/wp\/v2\/users\/4"}],"replies":[{"embeddable":true,"href":"https:\/\/contextoanalisisperiodistico.com\/index.php\/wp-json\/wp\/v2\/comments?post=30539"}],"version-history":[{"count":0,"href":"https:\/\/contextoanalisisperiodistico.com\/index.php\/wp-json\/wp\/v2\/posts\/30539\/revisions"}],"wp:featuredmedia":[{"embeddable":true,"href":"https:\/\/contextoanalisisperiodistico.com\/index.php\/wp-json\/wp\/v2\/media\/30537"}],"wp:attachment":[{"href":"https:\/\/contextoanalisisperiodistico.com\/index.php\/wp-json\/wp\/v2\/media?parent=30539"}],"wp:term":[{"taxonomy":"category","embeddable":true,"href":"https:\/\/contextoanalisisperiodistico.com\/index.php\/wp-json\/wp\/v2\/categories?post=30539"},{"taxonomy":"post_tag","embeddable":true,"href":"https:\/\/contextoanalisisperiodistico.com\/index.php\/wp-json\/wp\/v2\/tags?post=30539"}],"curies":[{"name":"wp","href":"https:\/\/api.w.org\/{rel}","templated":true}]}}