{"id":30533,"date":"2024-08-22T07:59:40","date_gmt":"2024-08-22T13:59:40","guid":{"rendered":"https:\/\/contextoanalisisperiodistico.com\/index.php\/2024\/08\/22\/convenio-entre-municipio-y-urse-para-beneficio-de-la-sociedad\/"},"modified":"2024-08-22T08:00:42","modified_gmt":"2024-08-22T14:00:42","slug":"convenio-entre-municipio-y-urse-para-beneficio-de-la-sociedad","status":"publish","type":"post","link":"https:\/\/contextoanalisisperiodistico.com\/index.php\/2024\/08\/22\/convenio-entre-municipio-y-urse-para-beneficio-de-la-sociedad\/","title":{"rendered":"Convenio entre Municipio y URSE para beneficio de la sociedad"},"content":{"rendered":"<div id=\"fb-root\"><\/div>\n\n<ul class=\"wp-block-list\">\n<li>Prestadores de servicio social y pr\u00e1cticas profesionales atender\u00e1n a ciudadan\u00eda que requiere servicios de salud.<\/li>\n<\/ul>\n\n\n\n<figure class=\"wp-block-image size-large\"><img fetchpriority=\"high\" decoding=\"async\" width=\"1024\" height=\"684\" src=\"https:\/\/contextoanalisisperiodistico.com\/wp-content\/uploads\/2024\/08\/img-20240821-wa00593465190079536534746-1024x684.jpg\" alt=\"\" class=\"wp-image-30530\" srcset=\"https:\/\/contextoanalisisperiodistico.com\/wp-content\/uploads\/2024\/08\/img-20240821-wa00593465190079536534746-1024x684.jpg 1024w, https:\/\/contextoanalisisperiodistico.com\/wp-content\/uploads\/2024\/08\/img-20240821-wa00593465190079536534746-300x200.jpg 300w, https:\/\/contextoanalisisperiodistico.com\/wp-content\/uploads\/2024\/08\/img-20240821-wa00593465190079536534746-768x513.jpg 768w, https:\/\/contextoanalisisperiodistico.com\/wp-content\/uploads\/2024\/08\/img-20240821-wa00593465190079536534746.jpg 1347w\" sizes=\"(max-width: 1024px) 100vw, 1024px\" \/><\/figure>\n\n\n\n<figure class=\"wp-block-image\"><img decoding=\"async\" width=\"1024\" height=\"685\" src=\"https:\/\/contextoanalisisperiodistico.com\/wp-content\/uploads\/2024\/08\/img-20240821-wa00585676428050567778330-1024x685.jpg\" alt=\"\" class=\"wp-image-30531\" srcset=\"https:\/\/contextoanalisisperiodistico.com\/wp-content\/uploads\/2024\/08\/img-20240821-wa00585676428050567778330-1024x685.jpg 1024w, https:\/\/contextoanalisisperiodistico.com\/wp-content\/uploads\/2024\/08\/img-20240821-wa00585676428050567778330-300x201.jpg 300w, https:\/\/contextoanalisisperiodistico.com\/wp-content\/uploads\/2024\/08\/img-20240821-wa00585676428050567778330-768x514.jpg 768w, https:\/\/contextoanalisisperiodistico.com\/wp-content\/uploads\/2024\/08\/img-20240821-wa00585676428050567778330-1536x1027.jpg 1536w, https:\/\/contextoanalisisperiodistico.com\/wp-content\/uploads\/2024\/08\/img-20240821-wa00585676428050567778330.jpg 1600w\" sizes=\"(max-width: 1024px) 100vw, 1024px\" \/><\/figure>\n\n\n\n<figure class=\"wp-block-image\"><img decoding=\"async\" width=\"1024\" height=\"689\" src=\"https:\/\/contextoanalisisperiodistico.com\/wp-content\/uploads\/2024\/08\/img-20240821-wa00566220520757056158040-1024x689.jpg\" alt=\"\" class=\"wp-image-30532\" srcset=\"https:\/\/contextoanalisisperiodistico.com\/wp-content\/uploads\/2024\/08\/img-20240821-wa00566220520757056158040-1024x689.jpg 1024w, https:\/\/contextoanalisisperiodistico.com\/wp-content\/uploads\/2024\/08\/img-20240821-wa00566220520757056158040-300x202.jpg 300w, https:\/\/contextoanalisisperiodistico.com\/wp-content\/uploads\/2024\/08\/img-20240821-wa00566220520757056158040-768x517.jpg 768w, https:\/\/contextoanalisisperiodistico.com\/wp-content\/uploads\/2024\/08\/img-20240821-wa00566220520757056158040.jpg 1457w\" sizes=\"(max-width: 1024px) 100vw, 1024px\" \/><\/figure>\n\n\n\n<p>Oaxaca de Ju\u00e1rez, Oax., 21 de agosto de 2024.- La ma\u00f1ana de este mi\u00e9rcoles se llev\u00f3 a cabo la firma de un convenio de colaboraci\u00f3n entre el Ayuntamiento de Oaxaca de Ju\u00e1rez y la Universidad Regional del Sureste (URSE) con el fin de estrechar lazos de cooperaci\u00f3n y agilizar la participaci\u00f3n de estudiantes de los \u00faltimos semestres en los servicios de atenci\u00f3n a la salud que brinda el gobierno municipal.<\/p>\n\n\n\n<p>En su oportunidad el presidente municipal Mart\u00ednez Neri, quien firm\u00f3 como testigo de honor el convenio, subray\u00f3 la importancia de la vinculaci\u00f3n entre las instituciones educativas y el gobierno municipal: \u201cLas universidades son las generadoras del conocimiento. En ellas se forman hombres y mujeres para resolver los grandes problemas de la sociedad. Este convenio permitir\u00e1 a los estudiantes aplicar su conocimiento, habilidades y vocaci\u00f3n de servicio en beneficio de la comunidad oaxaque\u00f1a.\u201d<\/p>\n\n\n\n<p>Esta alianza estrat\u00e9gica no solo fortalecer\u00e1 las capacidades operativas del DIF Municipal sino que al mismo tiempo ofrecer\u00e1 a los estudiantes universitarios valiosas oportunidades para desarrollar sus competencias profesionales.<\/p>\n\n\n\n<p>El convenio firmado permitir\u00e1 que los estudiantes de la URSE realicen sus pr\u00e1cticas profesionales y servicio social en diversas \u00e1reas del Sistema DIF Municipal. Este esfuerzo colaborativo es clave para atender a sectores prioritarios como ni\u00f1as, ni\u00f1os, adolescentes, adultos mayores y personas en situaci\u00f3n de vulnerabilidad.<\/p>\n\n\n\n<p>Las \u00e1reas beneficiadas incluyen la Unidad de Salud Familiar, la Unidad B\u00e1sica de Rehabilitaci\u00f3n (UBR), la Procuradur\u00eda de Atenci\u00f3n a Ni\u00f1as y Adolescentes, la Casa Hogar para Adultos Mayores y el Departamento de Atenci\u00f3n a Casas de D\u00eda.<\/p>\n\n\n\n<p>El acto protocolario cont\u00f3 con la presencia para firma de Yisvi Belem Nolasco Legaspi, Directora General del Comit\u00e9 Municipal del Sistema DIF; Miguel \u00c1ngel Hern\u00e1ndez Mendoza, Rector de la Universidad Regional del Sureste; Claudia Patricia Reyes S\u00e1nchez, Directora General de Asuntos Estudiantiles; Rafael Arturo Urba\u00f1a Calvo, Director de la Facultad de Psicolog\u00eda; Margarita Rosalba Garc\u00eda Legaspi, Directora de la Escuela de Enfermer\u00eda; y Enrique de Gyves Escobar, Director de la Escuela de Nutrici\u00f3n.<\/p>\n\n\n\n<p>La Directora General del DIF Municipal, destac\u00f3: \u201cEstamos muy contentos por los esfuerzos del DIF y de nuestro servicio a la comunidad. Seguimos comprometidos en acercarnos a la ciudadan\u00eda y este convenio nos permitir\u00e1 seguir siendo aliados en la mejora continua de los servicios de calidad que ofrecemos. Y es que ser\u00e1 una plataforma para que los j\u00f3venes desarrollen experiencia pr\u00e1ctica en sus respectivas \u00e1reas de estudio, como psicolog\u00eda, medicina, nutrici\u00f3n, entre otras\u201d.<\/p>\n\n\n\n<p>La Universidad Regional del Sureste, con su compromiso con la excelencia acad\u00e9mica y el servicio a la sociedad, se posiciona como un aliado clave en esta iniciativa.<\/p>\n\n\n\n<p>Asimismo, el liderazgo del primer concejal ha sido fundamental para impulsar acciones que fortalezcan el tejido social en Oaxaca de Ju\u00e1rez. Su visi\u00f3n clara y compromiso con el bienestar de la ciudadan\u00eda se refleja en la creaci\u00f3n de alianzas estrat\u00e9gicas, como la establecida con la Universidad Regional del Sureste.<\/p>\n\n\n\n<p>Durante su administraci\u00f3n, el Ayuntamiento ha priorizado iniciativas que no solo atienden las necesidades inmediatas de los sectores m\u00e1s vulnerables, sino que tambi\u00e9n invierten en el desarrollo y formaci\u00f3n de los j\u00f3venes, asegurando un futuro m\u00e1s prometedor para la comunidad oaxaque\u00f1a.<\/p>\n\n\n\n<p><\/p>\n\n\n\n<p><\/p>\n","protected":false},"excerpt":{"rendered":"<p>Oaxaca de Ju\u00e1rez, Oax., 21 de agosto de 2024.- La ma\u00f1ana de este mi\u00e9rcoles se&#8230;<\/p>\n","protected":false},"author":4,"featured_media":30529,"comment_status":"closed","ping_status":"open","sticky":false,"template":"","format":"standard","meta":{"footnotes":""},"categories":[9],"tags":[],"jetpack_sharing_enabled":true,"featured_image_urls":{"full":["https:\/\/contextoanalisisperiodistico.com\/wp-content\/uploads\/2024\/08\/IMG-20240821-WA0057.jpg",1415,903,false],"thumbnail":["https:\/\/contextoanalisisperiodistico.com\/wp-content\/uploads\/2024\/08\/IMG-20240821-WA0057-150x150.jpg",150,150,true],"medium":["https:\/\/contextoanalisisperiodistico.com\/wp-content\/uploads\/2024\/08\/IMG-20240821-WA0057-300x191.jpg",300,191,true],"medium_large":["https:\/\/contextoanalisisperiodistico.com\/wp-content\/uploads\/2024\/08\/IMG-20240821-WA0057-768x490.jpg",640,408,true],"large":["https:\/\/contextoanalisisperiodistico.com\/wp-content\/uploads\/2024\/08\/IMG-20240821-WA0057-1024x653.jpg",640,408,true],"1536x1536":["https:\/\/contextoanalisisperiodistico.com\/wp-content\/uploads\/2024\/08\/IMG-20240821-WA0057.jpg",1415,903,false],"2048x2048":["https:\/\/contextoanalisisperiodistico.com\/wp-content\/uploads\/2024\/08\/IMG-20240821-WA0057.jpg",1415,903,false],"covernews-slider-full":["https:\/\/contextoanalisisperiodistico.com\/wp-content\/uploads\/2024\/08\/IMG-20240821-WA0057-1115x715.jpg",1115,715,true],"covernews-slider-center":["https:\/\/contextoanalisisperiodistico.com\/wp-content\/uploads\/2024\/08\/IMG-20240821-WA0057-800x500.jpg",800,500,true],"covernews-featured":["https:\/\/contextoanalisisperiodistico.com\/wp-content\/uploads\/2024\/08\/IMG-20240821-WA0057-1024x653.jpg",1024,653,true],"covernews-medium":["https:\/\/contextoanalisisperiodistico.com\/wp-content\/uploads\/2024\/08\/IMG-20240821-WA0057-540x340.jpg",540,340,true],"covernews-medium-square":["https:\/\/contextoanalisisperiodistico.com\/wp-content\/uploads\/2024\/08\/IMG-20240821-WA0057-400x250.jpg",400,250,true]},"author_info":{"display_name":"Mario Gir\u00f3n","author_link":"https:\/\/contextoanalisisperiodistico.com\/index.php\/author\/director\/"},"category_info":"<a href=\"https:\/\/contextoanalisisperiodistico.com\/index.php\/category\/politica\/\" rel=\"category tag\">Pol\u00edtica<\/a>","tag_info":"Pol\u00edtica","comment_count":"0","jetpack_featured_media_url":"https:\/\/contextoanalisisperiodistico.com\/wp-content\/uploads\/2024\/08\/IMG-20240821-WA0057.jpg","_links":{"self":[{"href":"https:\/\/contextoanalisisperiodistico.com\/index.php\/wp-json\/wp\/v2\/posts\/30533"}],"collection":[{"href":"https:\/\/contextoanalisisperiodistico.com\/index.php\/wp-json\/wp\/v2\/posts"}],"about":[{"href":"https:\/\/contextoanalisisperiodistico.com\/index.php\/wp-json\/wp\/v2\/types\/post"}],"author":[{"embeddable":true,"href":"https:\/\/contextoanalisisperiodistico.com\/index.php\/wp-json\/wp\/v2\/users\/4"}],"replies":[{"embeddable":true,"href":"https:\/\/contextoanalisisperiodistico.com\/index.php\/wp-json\/wp\/v2\/comments?post=30533"}],"version-history":[{"count":1,"href":"https:\/\/contextoanalisisperiodistico.com\/index.php\/wp-json\/wp\/v2\/posts\/30533\/revisions"}],"predecessor-version":[{"id":30534,"href":"https:\/\/contextoanalisisperiodistico.com\/index.php\/wp-json\/wp\/v2\/posts\/30533\/revisions\/30534"}],"wp:featuredmedia":[{"embeddable":true,"href":"https:\/\/contextoanalisisperiodistico.com\/index.php\/wp-json\/wp\/v2\/media\/30529"}],"wp:attachment":[{"href":"https:\/\/contextoanalisisperiodistico.com\/index.php\/wp-json\/wp\/v2\/media?parent=30533"}],"wp:term":[{"taxonomy":"category","embeddable":true,"href":"https:\/\/contextoanalisisperiodistico.com\/index.php\/wp-json\/wp\/v2\/categories?post=30533"},{"taxonomy":"post_tag","embeddable":true,"href":"https:\/\/contextoanalisisperiodistico.com\/index.php\/wp-json\/wp\/v2\/tags?post=30533"}],"curies":[{"name":"wp","href":"https:\/\/api.w.org\/{rel}","templated":true}]}}