{"id":30525,"date":"2024-08-21T14:14:13","date_gmt":"2024-08-21T20:14:13","guid":{"rendered":"https:\/\/contextoanalisisperiodistico.com\/?p=30525"},"modified":"2024-08-21T14:21:45","modified_gmt":"2024-08-21T20:21:45","slug":"realiza-ieepo-reconocimiento-de-responsabilidad-y-disculpa-publica-por-estudiante-fallecido-en-2018","status":"publish","type":"post","link":"https:\/\/contextoanalisisperiodistico.com\/index.php\/2024\/08\/21\/realiza-ieepo-reconocimiento-de-responsabilidad-y-disculpa-publica-por-estudiante-fallecido-en-2018\/","title":{"rendered":"Realiza IEEPO\u00a0 reconocimiento de Responsabilidad y Disculpa P\u00fablica por estudiante fallecido en 2018"},"content":{"rendered":"<div id=\"fb-root\"><\/div>\n\n<p>\u2022 El director general, Emilio Montero P\u00e9rez reiter\u00f3 el compromiso del actual gobierno de seguir trabajando incansablemente, para mejorar las condiciones de las escuelas<\/p>\n\n\n\n<p>\u2022 Con este hecho sin precedentes se cumple la Sentencia del Juicio para la Protecci\u00f3n de los Derechos Humanos 04\/2023, emitida por la Sala Constitucional y Cuarta Sala Penal Colegiada del Tribunal Superior de Justicia del Estado<\/p>\n\n\n\n<p><br \/>San Lorenzo Cacaotepec, Oax. 21 de agosto de 2024.- En un acontecimiento significativo y solemne, el Instituto Estatal de Educaci\u00f3n P\u00fablica de Oaxaca (IEEPO), llev\u00f3 a cabo el acto de Reconocimiento de Responsabilidad y Disculpa P\u00fablica a las v\u00edctimas directas e indirectas por el fallecimiento del ni\u00f1o identificado con las iniciales A.Z.F.S.<br \/>El estudiante, con siete a\u00f1os de edad, perdi\u00f3 la vida en un incidente ocurrido en la Escuela Primaria \u201cJuan Jacobo Rousseau\u201d, ubicada en el rancho La Era, del municipio de San Lorenzo Cacaotepec, Etla, el 8 de diciembre de 2018, por la falta de condiciones adecuadas en la infraestructura del plantel.<br \/>En la emotiva ceremonia realizada en las instalaciones de esa instituci\u00f3n educativa, el director general del IEEPO, Emilio Montero P\u00e9rez, lament\u00f3 los hechos ocurridos en la pasada administraci\u00f3n y reiter\u00f3 el compromiso del actual gobierno de seguir trabajando incansablemente, como se ha venido haciendo, para mejorar las condiciones de los espacios educativos de las ocho regiones de la entidad.<br \/>\u201cNo vamos a descansar. La memoria del alumno que hoy recordamos tiene que ser una luz para que la educaci\u00f3n brille en todas las comunidades de Oaxaca\u201d, puntualiz\u00f3 ante los padres y familiares del ni\u00f1o, tras indicar que la justicia y el respeto a los derechos tienen que ser costumbre en nuestra entidad.<br \/>Acompa\u00f1ado de la titular de la Defensor\u00eda de los Derechos Humanos del Pueblo de Oaxaca (DDHPO), Elizabeth Lara Rodr\u00edguez y del magistrado Mois\u00e9s Molina Reyes, presidente de la Sala Constitucional y Cuarta Sala Penal Colegiada del Tribunal Superior de Justicia del Estado, indic\u00f3 que ofrecer disculpas no humilla, por el contrario, enaltece a quien lo hace, pues refleja un sentido humanista.<br \/>Por su parte, la titular de la DDHPO, destac\u00f3 que todas las instituciones tienen el deber de proteger los Derechos Humanos y expres\u00f3 su solidaridad con este hecho que trunc\u00f3 el proyecto de vida de un menor de edad. \u201cUn acto de Reconocimiento de Responsabilidad y Disculpa P\u00fablica, tiene como objeto reivindicar la dignidad de las v\u00edctimas, y en este caso es un compromiso con las infancias\u201d, dijo.<br \/>En el marco del acto de Reconocimiento de Responsabilidad y Disculpa P\u00fablica se soltaron globos blancos al cielo como s\u00edmbolo de despedida, se devel\u00f3 una placa conmemorativa y se guard\u00f3 un minuto de silencio en memoria del estudiante, de quien su mam\u00e1 Denisse Viridiana S\u00e1nchez M\u00e9ndez indic\u00f3 que su partida dej\u00f3 un gran vac\u00edo en su familia y seres queridos.<br \/>Con este acto hist\u00f3rico y sin precedentes, el IEEPO cumple la Sentencia del Juicio para la Protecci\u00f3n de los Derechos Humanos 04\/2023, emitida por la Sala Constitucional y Cuarta Sala Penal Colegiada del Tribunal Superior de Justicia del Estado.<br \/>Asistieron la presidenta municipal de San Lorenzo Cacaotepec, Iris Yocelin L\u00f3pez Zavaleta; el director de Control de la Gesti\u00f3n de la Sego, Edgar Ren\u00e9 Gandarillas Alav\u00e9z y directores de diferentes \u00e1reas del IEEPO.<br \/>-0-<\/p>\n","protected":false},"excerpt":{"rendered":"<p>\u2022 El director general, Emilio Montero P\u00e9rez reiter\u00f3 el compromiso del actual gobierno de seguir&#8230;<\/p>\n","protected":false},"author":4,"featured_media":30528,"comment_status":"closed","ping_status":"open","sticky":false,"template":"","format":"standard","meta":{"footnotes":""},"categories":[9],"tags":[],"jetpack_sharing_enabled":true,"featured_image_urls":{"full":["https:\/\/contextoanalisisperiodistico.com\/wp-content\/uploads\/2024\/08\/Screenshot_2024-08-21-14-20-57-33_680d03679600f7af0b4c700c6b270fe7.jpg",719,756,false],"thumbnail":["https:\/\/contextoanalisisperiodistico.com\/wp-content\/uploads\/2024\/08\/Screenshot_2024-08-21-14-20-57-33_680d03679600f7af0b4c700c6b270fe7-150x150.jpg",150,150,true],"medium":["https:\/\/contextoanalisisperiodistico.com\/wp-content\/uploads\/2024\/08\/Screenshot_2024-08-21-14-20-57-33_680d03679600f7af0b4c700c6b270fe7-285x300.jpg",285,300,true],"medium_large":["https:\/\/contextoanalisisperiodistico.com\/wp-content\/uploads\/2024\/08\/Screenshot_2024-08-21-14-20-57-33_680d03679600f7af0b4c700c6b270fe7.jpg",640,673,false],"large":["https:\/\/contextoanalisisperiodistico.com\/wp-content\/uploads\/2024\/08\/Screenshot_2024-08-21-14-20-57-33_680d03679600f7af0b4c700c6b270fe7.jpg",640,673,false],"1536x1536":["https:\/\/contextoanalisisperiodistico.com\/wp-content\/uploads\/2024\/08\/Screenshot_2024-08-21-14-20-57-33_680d03679600f7af0b4c700c6b270fe7.jpg",719,756,false],"2048x2048":["https:\/\/contextoanalisisperiodistico.com\/wp-content\/uploads\/2024\/08\/Screenshot_2024-08-21-14-20-57-33_680d03679600f7af0b4c700c6b270fe7.jpg",719,756,false],"covernews-slider-full":["https:\/\/contextoanalisisperiodistico.com\/wp-content\/uploads\/2024\/08\/Screenshot_2024-08-21-14-20-57-33_680d03679600f7af0b4c700c6b270fe7-719x715.jpg",719,715,true],"covernews-slider-center":["https:\/\/contextoanalisisperiodistico.com\/wp-content\/uploads\/2024\/08\/Screenshot_2024-08-21-14-20-57-33_680d03679600f7af0b4c700c6b270fe7-719x500.jpg",719,500,true],"covernews-featured":["https:\/\/contextoanalisisperiodistico.com\/wp-content\/uploads\/2024\/08\/Screenshot_2024-08-21-14-20-57-33_680d03679600f7af0b4c700c6b270fe7.jpg",719,756,false],"covernews-medium":["https:\/\/contextoanalisisperiodistico.com\/wp-content\/uploads\/2024\/08\/Screenshot_2024-08-21-14-20-57-33_680d03679600f7af0b4c700c6b270fe7-540x340.jpg",540,340,true],"covernews-medium-square":["https:\/\/contextoanalisisperiodistico.com\/wp-content\/uploads\/2024\/08\/Screenshot_2024-08-21-14-20-57-33_680d03679600f7af0b4c700c6b270fe7-400x250.jpg",400,250,true]},"author_info":{"display_name":"Mario Gir\u00f3n","author_link":"https:\/\/contextoanalisisperiodistico.com\/index.php\/author\/director\/"},"category_info":"<a href=\"https:\/\/contextoanalisisperiodistico.com\/index.php\/category\/politica\/\" rel=\"category tag\">Pol\u00edtica<\/a>","tag_info":"Pol\u00edtica","comment_count":"0","jetpack_featured_media_url":"https:\/\/contextoanalisisperiodistico.com\/wp-content\/uploads\/2024\/08\/Screenshot_2024-08-21-14-20-57-33_680d03679600f7af0b4c700c6b270fe7.jpg","_links":{"self":[{"href":"https:\/\/contextoanalisisperiodistico.com\/index.php\/wp-json\/wp\/v2\/posts\/30525"}],"collection":[{"href":"https:\/\/contextoanalisisperiodistico.com\/index.php\/wp-json\/wp\/v2\/posts"}],"about":[{"href":"https:\/\/contextoanalisisperiodistico.com\/index.php\/wp-json\/wp\/v2\/types\/post"}],"author":[{"embeddable":true,"href":"https:\/\/contextoanalisisperiodistico.com\/index.php\/wp-json\/wp\/v2\/users\/4"}],"replies":[{"embeddable":true,"href":"https:\/\/contextoanalisisperiodistico.com\/index.php\/wp-json\/wp\/v2\/comments?post=30525"}],"version-history":[{"count":2,"href":"https:\/\/contextoanalisisperiodistico.com\/index.php\/wp-json\/wp\/v2\/posts\/30525\/revisions"}],"predecessor-version":[{"id":30527,"href":"https:\/\/contextoanalisisperiodistico.com\/index.php\/wp-json\/wp\/v2\/posts\/30525\/revisions\/30527"}],"wp:featuredmedia":[{"embeddable":true,"href":"https:\/\/contextoanalisisperiodistico.com\/index.php\/wp-json\/wp\/v2\/media\/30528"}],"wp:attachment":[{"href":"https:\/\/contextoanalisisperiodistico.com\/index.php\/wp-json\/wp\/v2\/media?parent=30525"}],"wp:term":[{"taxonomy":"category","embeddable":true,"href":"https:\/\/contextoanalisisperiodistico.com\/index.php\/wp-json\/wp\/v2\/categories?post=30525"},{"taxonomy":"post_tag","embeddable":true,"href":"https:\/\/contextoanalisisperiodistico.com\/index.php\/wp-json\/wp\/v2\/tags?post=30525"}],"curies":[{"name":"wp","href":"https:\/\/api.w.org\/{rel}","templated":true}]}}