{"id":30524,"date":"2024-08-21T13:42:42","date_gmt":"2024-08-21T19:42:42","guid":{"rendered":"https:\/\/contextoanalisisperiodistico.com\/index.php\/2024\/08\/21\/capacitan-sobre-transparencia-y-rendicion-de-cuentas-a-autoridades-municipales-entrantes-y-salientes\/"},"modified":"2024-08-21T13:42:42","modified_gmt":"2024-08-21T19:42:42","slug":"capacitan-sobre-transparencia-y-rendicion-de-cuentas-a-autoridades-municipales-entrantes-y-salientes","status":"publish","type":"post","link":"https:\/\/contextoanalisisperiodistico.com\/index.php\/2024\/08\/21\/capacitan-sobre-transparencia-y-rendicion-de-cuentas-a-autoridades-municipales-entrantes-y-salientes\/","title":{"rendered":"Capacitan sobre transparencia y rendici\u00f3n de cuentas a autoridades municipales entrantes y salientes"},"content":{"rendered":"<div id=\"fb-root\"><\/div>\n\n<p>\u2022 El Gobernador Salom\u00f3n Jara Cruz asisti\u00f3 a la Jornada de Capacitaci\u00f3n Entrega-Recepci\u00f3n Municipal, la primera en su tipo que se realiza en Oaxaca para garantizar una transici\u00f3n transparente y abierta<\/p>\n\n\n\n<figure class=\"wp-block-image size-large\"><img fetchpriority=\"high\" decoding=\"async\" width=\"900\" height=\"600\" src=\"https:\/\/contextoanalisisperiodistico.com\/wp-content\/uploads\/2024\/08\/img-20240821-wa00301185547678708117713.jpg\" alt=\"\" class=\"wp-image-30523\" srcset=\"https:\/\/contextoanalisisperiodistico.com\/wp-content\/uploads\/2024\/08\/img-20240821-wa00301185547678708117713.jpg 900w, https:\/\/contextoanalisisperiodistico.com\/wp-content\/uploads\/2024\/08\/img-20240821-wa00301185547678708117713-300x200.jpg 300w, https:\/\/contextoanalisisperiodistico.com\/wp-content\/uploads\/2024\/08\/img-20240821-wa00301185547678708117713-768x512.jpg 768w\" sizes=\"(max-width: 900px) 100vw, 900px\" \/><\/figure>\n\n\n\n<figure class=\"wp-block-image\"><img decoding=\"async\" width=\"300\" height=\"200\" src=\"https:\/\/contextoanalisisperiodistico.com\/wp-content\/uploads\/2024\/08\/img-20240821-wa00298870550091639660231-300x200.jpg\" alt=\"\" class=\"wp-image-30521\" srcset=\"https:\/\/contextoanalisisperiodistico.com\/wp-content\/uploads\/2024\/08\/img-20240821-wa00298870550091639660231-300x200.jpg 300w, https:\/\/contextoanalisisperiodistico.com\/wp-content\/uploads\/2024\/08\/img-20240821-wa00298870550091639660231-768x512.jpg 768w, https:\/\/contextoanalisisperiodistico.com\/wp-content\/uploads\/2024\/08\/img-20240821-wa00298870550091639660231.jpg 900w\" sizes=\"(max-width: 300px) 100vw, 300px\" \/><\/figure>\n\n\n\n<figure class=\"wp-block-image\"><img decoding=\"async\" width=\"300\" height=\"200\" src=\"https:\/\/contextoanalisisperiodistico.com\/wp-content\/uploads\/2024\/08\/img-20240821-wa0028720246001807908899-300x200.jpg\" alt=\"\" class=\"wp-image-30522\" srcset=\"https:\/\/contextoanalisisperiodistico.com\/wp-content\/uploads\/2024\/08\/img-20240821-wa0028720246001807908899-300x200.jpg 300w, https:\/\/contextoanalisisperiodistico.com\/wp-content\/uploads\/2024\/08\/img-20240821-wa0028720246001807908899-768x512.jpg 768w, https:\/\/contextoanalisisperiodistico.com\/wp-content\/uploads\/2024\/08\/img-20240821-wa0028720246001807908899.jpg 900w\" sizes=\"(max-width: 300px) 100vw, 300px\" \/><\/figure>\n\n\n\n<p>Santa Luc\u00eda del Camino, Oax. 21 de agosto de 2024.- La Auditor\u00eda Superior de Fiscalizaci\u00f3n del Estado (ASFE) brind\u00f3 la Jornada de Capacitaci\u00f3n Entrega-Recepci\u00f3n Municipal con el fin de llevar a cabo una transici\u00f3n de poderes de manera transparente y abierta, as\u00ed como informar a quienes ocupen los pr\u00f3ximos Ayuntamientos sobre las responsabilidades en la gestor\u00eda p\u00fablica y para los que terminan entreguen cuentas claras.<\/p>\n\n\n\n<p>Durante este encuentro, el Gobernador Salom\u00f3n Jara Cruz expres\u00f3 que esta actividad llevada a cabo en el Centro Cultural y de Convenciones de Oaxaca (CCCO) es fruto de un inter\u00e9s com\u00fan con la ASFE para que estos procesos de entrega y recepci\u00f3n se lleven a cabo de manera ordenada, con bases legales y procedimientos responsables y certeros a nivel jur\u00eddico.<\/p>\n\n\n\n<p>Expres\u00f3 que \u201cen la Primavera Oaxaque\u00f1a se actualizan los conocimientos de las autoridades municipales en diversos temas de la administraci\u00f3n p\u00fablica, sin intermediarios, ni gestores. Este es un gobierno sensible y abierto, por lo que la claridad y apertura debe ser una constante entre los municipios\u201d.<\/p>\n\n\n\n<p>En compa\u00f1\u00eda de la Presidenta Honoraria del Sistema Estatal para el Desarrollo Integral de la Familia (DIF) Oaxaca, Irma Bola\u00f1os Quijano, detall\u00f3 que esta es la primera jornada de su tipo y es fundamental para que las y los presidentes de Ayuntamientos salientes entreguen bienes p\u00fablicos completos y de manera oportuna.<\/p>\n\n\n\n<p>En tanto, la titular de la ASFE Sarah\u00ed Noriega Ric\u00e1rdez, explic\u00f3 que esta capacitaci\u00f3n permitir\u00e1 que se conozcan los temas, fines, alcances y actividades que implica la entrega-recepci\u00f3n de principio a fin, as\u00ed como la elaboraci\u00f3n del documento correspondiente para que este proceso sea m\u00e1s \u00e1gil y transparente, aunado a que se informar\u00e1 sobre los tipos de faltas administrativas.<\/p>\n\n\n\n<p>En su oportunidad, el secretario de Finanzas Farid Acevedo L\u00f3pez, extern\u00f3 que con esta instrucci\u00f3n las autoridades salientes podr\u00e1n rendir cuentas claras a sus hom\u00f3logos entrantes, y as\u00ed tendr\u00e1n una visi\u00f3n clara sobre el panorama en que se encuentra cada demarcaci\u00f3n por un diagn\u00f3stico fundamentado.<\/p>\n\n\n\n<p>Con estas actividades, el Gobierno del Estado reafirma su compromiso con el Combate a la Corrupci\u00f3n; la rendici\u00f3n de cuentas y la transparencia son fundamentales para un desarrollo con bienestar y justicia en las comunidades.<\/p>\n\n\n\n<p>-0-<\/p>\n","protected":false},"excerpt":{"rendered":"<p>\u2022 El Gobernador Salom\u00f3n Jara Cruz asisti\u00f3 a la Jornada de Capacitaci\u00f3n Entrega-Recepci\u00f3n Municipal, la&#8230;<\/p>\n","protected":false},"author":4,"featured_media":30520,"comment_status":"","ping_status":"open","sticky":false,"template":"","format":"standard","meta":{"footnotes":""},"categories":[9],"tags":[],"jetpack_sharing_enabled":true,"featured_image_urls":{"full":["https:\/\/contextoanalisisperiodistico.com\/wp-content\/uploads\/2024\/08\/IMG-20240821-WA0031.jpg",900,600,false],"thumbnail":["https:\/\/contextoanalisisperiodistico.com\/wp-content\/uploads\/2024\/08\/IMG-20240821-WA0031-150x150.jpg",150,150,true],"medium":["https:\/\/contextoanalisisperiodistico.com\/wp-content\/uploads\/2024\/08\/IMG-20240821-WA0031-300x200.jpg",300,200,true],"medium_large":["https:\/\/contextoanalisisperiodistico.com\/wp-content\/uploads\/2024\/08\/IMG-20240821-WA0031-768x512.jpg",640,427,true],"large":["https:\/\/contextoanalisisperiodistico.com\/wp-content\/uploads\/2024\/08\/IMG-20240821-WA0031.jpg",640,427,false],"1536x1536":["https:\/\/contextoanalisisperiodistico.com\/wp-content\/uploads\/2024\/08\/IMG-20240821-WA0031.jpg",900,600,false],"2048x2048":["https:\/\/contextoanalisisperiodistico.com\/wp-content\/uploads\/2024\/08\/IMG-20240821-WA0031.jpg",900,600,false],"covernews-slider-full":["https:\/\/contextoanalisisperiodistico.com\/wp-content\/uploads\/2024\/08\/IMG-20240821-WA0031.jpg",900,600,false],"covernews-slider-center":["https:\/\/contextoanalisisperiodistico.com\/wp-content\/uploads\/2024\/08\/IMG-20240821-WA0031-800x500.jpg",800,500,true],"covernews-featured":["https:\/\/contextoanalisisperiodistico.com\/wp-content\/uploads\/2024\/08\/IMG-20240821-WA0031.jpg",900,600,false],"covernews-medium":["https:\/\/contextoanalisisperiodistico.com\/wp-content\/uploads\/2024\/08\/IMG-20240821-WA0031-540x340.jpg",540,340,true],"covernews-medium-square":["https:\/\/contextoanalisisperiodistico.com\/wp-content\/uploads\/2024\/08\/IMG-20240821-WA0031-400x250.jpg",400,250,true]},"author_info":{"display_name":"Mario Gir\u00f3n","author_link":"https:\/\/contextoanalisisperiodistico.com\/index.php\/author\/director\/"},"category_info":"<a href=\"https:\/\/contextoanalisisperiodistico.com\/index.php\/category\/politica\/\" rel=\"category tag\">Pol\u00edtica<\/a>","tag_info":"Pol\u00edtica","comment_count":"0","jetpack_featured_media_url":"https:\/\/contextoanalisisperiodistico.com\/wp-content\/uploads\/2024\/08\/IMG-20240821-WA0031.jpg","_links":{"self":[{"href":"https:\/\/contextoanalisisperiodistico.com\/index.php\/wp-json\/wp\/v2\/posts\/30524"}],"collection":[{"href":"https:\/\/contextoanalisisperiodistico.com\/index.php\/wp-json\/wp\/v2\/posts"}],"about":[{"href":"https:\/\/contextoanalisisperiodistico.com\/index.php\/wp-json\/wp\/v2\/types\/post"}],"author":[{"embeddable":true,"href":"https:\/\/contextoanalisisperiodistico.com\/index.php\/wp-json\/wp\/v2\/users\/4"}],"replies":[{"embeddable":true,"href":"https:\/\/contextoanalisisperiodistico.com\/index.php\/wp-json\/wp\/v2\/comments?post=30524"}],"version-history":[{"count":0,"href":"https:\/\/contextoanalisisperiodistico.com\/index.php\/wp-json\/wp\/v2\/posts\/30524\/revisions"}],"wp:featuredmedia":[{"embeddable":true,"href":"https:\/\/contextoanalisisperiodistico.com\/index.php\/wp-json\/wp\/v2\/media\/30520"}],"wp:attachment":[{"href":"https:\/\/contextoanalisisperiodistico.com\/index.php\/wp-json\/wp\/v2\/media?parent=30524"}],"wp:term":[{"taxonomy":"category","embeddable":true,"href":"https:\/\/contextoanalisisperiodistico.com\/index.php\/wp-json\/wp\/v2\/categories?post=30524"},{"taxonomy":"post_tag","embeddable":true,"href":"https:\/\/contextoanalisisperiodistico.com\/index.php\/wp-json\/wp\/v2\/tags?post=30524"}],"curies":[{"name":"wp","href":"https:\/\/api.w.org\/{rel}","templated":true}]}}