{"id":30503,"date":"2024-08-20T18:41:41","date_gmt":"2024-08-21T00:41:41","guid":{"rendered":"https:\/\/contextoanalisisperiodistico.com\/index.php\/2024\/08\/20\/lleva-sso-atencion-gratuita-a-habitantes-de-santo-domingo-zanatepec\/"},"modified":"2024-08-20T18:41:41","modified_gmt":"2024-08-21T00:41:41","slug":"lleva-sso-atencion-gratuita-a-habitantes-de-santo-domingo-zanatepec","status":"publish","type":"post","link":"https:\/\/contextoanalisisperiodistico.com\/index.php\/2024\/08\/20\/lleva-sso-atencion-gratuita-a-habitantes-de-santo-domingo-zanatepec\/","title":{"rendered":"Lleva SSO atenci\u00f3n gratuita a habitantes de Santo Domingo Zanatepec"},"content":{"rendered":"<div id=\"fb-root\"><\/div>\n\n<p>\u2022 Con la estrategia Expo Salud en Tu Comunidad se acercan atenci\u00f3n m\u00e9dica y preventiva para que la poblaci\u00f3n viva con bienestar<\/p>\n\n\n\n<figure class=\"wp-block-image size-large\"><img fetchpriority=\"high\" decoding=\"async\" width=\"800\" height=\"487\" src=\"https:\/\/contextoanalisisperiodistico.com\/wp-content\/uploads\/2024\/08\/img-20240820-wa00575475124076357012195.jpg\" alt=\"\" class=\"wp-image-30501\" srcset=\"https:\/\/contextoanalisisperiodistico.com\/wp-content\/uploads\/2024\/08\/img-20240820-wa00575475124076357012195.jpg 800w, https:\/\/contextoanalisisperiodistico.com\/wp-content\/uploads\/2024\/08\/img-20240820-wa00575475124076357012195-300x183.jpg 300w, https:\/\/contextoanalisisperiodistico.com\/wp-content\/uploads\/2024\/08\/img-20240820-wa00575475124076357012195-768x468.jpg 768w\" sizes=\"(max-width: 800px) 100vw, 800px\" \/><\/figure>\n\n\n\n<figure class=\"wp-block-image\"><img decoding=\"async\" width=\"300\" height=\"169\" src=\"https:\/\/contextoanalisisperiodistico.com\/wp-content\/uploads\/2024\/08\/img-20240820-wa00564275141174067769246-300x169.jpg\" alt=\"\" class=\"wp-image-30498\" srcset=\"https:\/\/contextoanalisisperiodistico.com\/wp-content\/uploads\/2024\/08\/img-20240820-wa00564275141174067769246-300x169.jpg 300w, https:\/\/contextoanalisisperiodistico.com\/wp-content\/uploads\/2024\/08\/img-20240820-wa00564275141174067769246-768x432.jpg 768w, https:\/\/contextoanalisisperiodistico.com\/wp-content\/uploads\/2024\/08\/img-20240820-wa00564275141174067769246.jpg 800w\" sizes=\"(max-width: 300px) 100vw, 300px\" \/><\/figure>\n\n\n\n<figure class=\"wp-block-image\"><img decoding=\"async\" width=\"1024\" height=\"631\" src=\"https:\/\/contextoanalisisperiodistico.com\/wp-content\/uploads\/2024\/08\/img-20240820-wa0059984246743095847790-1024x631.jpg\" alt=\"\" class=\"wp-image-30502\" srcset=\"https:\/\/contextoanalisisperiodistico.com\/wp-content\/uploads\/2024\/08\/img-20240820-wa0059984246743095847790-1024x631.jpg 1024w, https:\/\/contextoanalisisperiodistico.com\/wp-content\/uploads\/2024\/08\/img-20240820-wa0059984246743095847790-300x185.jpg 300w, https:\/\/contextoanalisisperiodistico.com\/wp-content\/uploads\/2024\/08\/img-20240820-wa0059984246743095847790-768x473.jpg 768w, https:\/\/contextoanalisisperiodistico.com\/wp-content\/uploads\/2024\/08\/img-20240820-wa0059984246743095847790-1536x947.jpg 1536w, https:\/\/contextoanalisisperiodistico.com\/wp-content\/uploads\/2024\/08\/img-20240820-wa0059984246743095847790.jpg 1600w\" sizes=\"(max-width: 1024px) 100vw, 1024px\" \/><\/figure>\n\n\n\n<figure class=\"wp-block-image\"><img loading=\"lazy\" decoding=\"async\" width=\"225\" height=\"300\" src=\"https:\/\/contextoanalisisperiodistico.com\/wp-content\/uploads\/2024\/08\/img-20240820-wa00583695386463393897294-225x300.jpg\" alt=\"\" class=\"wp-image-30500\" srcset=\"https:\/\/contextoanalisisperiodistico.com\/wp-content\/uploads\/2024\/08\/img-20240820-wa00583695386463393897294-225x300.jpg 225w, https:\/\/contextoanalisisperiodistico.com\/wp-content\/uploads\/2024\/08\/img-20240820-wa00583695386463393897294.jpg 600w\" sizes=\"(max-width: 225px) 100vw, 225px\" \/><\/figure>\n\n\n\n<figure class=\"wp-block-image\"><img loading=\"lazy\" decoding=\"async\" width=\"300\" height=\"169\" src=\"https:\/\/contextoanalisisperiodistico.com\/wp-content\/uploads\/2024\/08\/img-20240820-wa00603851242183621892177-300x169.jpg\" alt=\"\" class=\"wp-image-30499\" srcset=\"https:\/\/contextoanalisisperiodistico.com\/wp-content\/uploads\/2024\/08\/img-20240820-wa00603851242183621892177-300x169.jpg 300w, https:\/\/contextoanalisisperiodistico.com\/wp-content\/uploads\/2024\/08\/img-20240820-wa00603851242183621892177-768x432.jpg 768w, https:\/\/contextoanalisisperiodistico.com\/wp-content\/uploads\/2024\/08\/img-20240820-wa00603851242183621892177.jpg 800w\" sizes=\"(max-width: 300px) 100vw, 300px\" \/><\/figure>\n\n\n\n<p>\u2022 Se brindaron vacunas antirr\u00e1bicas, consultas odontol\u00f3gicas, detecci\u00f3n de diabetes, VIH, s\u00edfilis, hepatitis C, mastograf\u00edas, entre otros servicios<br \/>Santo Domingo Zanatepec, Oax. 20 de agosto de 2024.- Con una amplia gama de servicios preventivos, de informaci\u00f3n y de atenci\u00f3n gratuita, Servicios de Salud de Oaxaca (SSO) realiz\u00f3 la Expo Salud en Tu Comunidad en este municipio del Istmo de Tehuantepec.<\/p>\n\n\n\n<p>Durante esta jornada se acercaron acciones para el bienestar de 500 habitantes de todas las edades en la demarcaci\u00f3n. \u201cEstamos empe\u00f1ados a fomentar estrategias que permitan a las personas aprender a vivir de manera saludables e incentivarlas a acudir a los servicios de salud para la detecci\u00f3n oportuna de enfermedades\u201d, destac\u00f3 el jefe de la Jurisdicci\u00f3n Sanitaria 2 Istmo, Hebert Vidal S\u00e1nchez.<\/p>\n\n\n\n<p>En los m\u00f3dulos instalados se protegi\u00f3 a la poblaci\u00f3n con vacunas contra T\u00e9tanos (Td), antineumoc\u00f3cica para adultos mayores de 65 a\u00f1os de edad y m\u00e1s, as\u00ed tambi\u00e9n se complementaron esquemas de vacunaci\u00f3n para menores de ocho a\u00f1os (BCG, hepatitis, hexavalente, rotavirus, triple viral, SRP, DPT, Neumococo 13 valente), de manera gratuita.<\/p>\n\n\n\n<p>Paralelamente, se instalaron Unidades M\u00f3viles de mastograf\u00edas y toma de citolog\u00edas para la detecci\u00f3n de C\u00e1ncer de Mama (CaMa) y Cervicouterino (CaCu), del mismo modo se colocaron implantes subd\u00e9rmicos en la Unidad de Edu Sex (Salud Sexual y Reproductiva para Adolescentes).<\/p>\n\n\n\n<p>El funcionario reconoci\u00f3 la sinergia con la autoridad municipal para hacer \u00e9nfasis en la prevenci\u00f3n de padecimientos, y detecci\u00f3n oportuna de enfermedades metab\u00f3licas como la diabetes mellitus, obesidad y sobrepeso.<\/p>\n\n\n\n<p>Tambi\u00e9n se realiz\u00f3 toma de talla y peso, orientaci\u00f3n nutricional, suministro de albendazol, multivitam\u00ednicos, hierro, retinol, vitamina C y Vida Suero Oral (VSO), se aplicaron pruebas de detecci\u00f3n de Virus de Inmunodeficiencia Humana (VIH), s\u00edfilis, y hepatitis C.<\/p>\n\n\n\n<p>Por parte de la Direcci\u00f3n de Regulaci\u00f3n y Fomento Sanitario se distribuy\u00f3 plata coloidal y brindaron pl\u00e1ticas para evitar riesgos sanitarios; mientras que el personal de vectores otorg\u00f3 abate y comparti\u00f3 las medidas preventivas contra el dengue, zika y chikungunya<\/p>\n\n\n\n<p>Para el cuidado de los animales se aplicaron vacunas antirr\u00e1bicas y llevaron a cabo esterilizaciones caninas y felinas.<\/p>\n\n\n\n<p>Se brindaron consultas m\u00e9dicas generales, toma de signos vitales por profesionales de enfermer\u00eda, atenci\u00f3n odontol\u00f3gica, y consejer\u00eda para la prevenci\u00f3n de enfermedades bucodentales y sobre planificaci\u00f3n familiar, a la vez que distribuyeron preservativos masculinos.<\/p>\n\n\n\n<p>El Centro Comunitario para la Salud Mental y Adicciones (Cecosama) de Tehuantepec acudi\u00f3 con un m\u00f3dulo de informaci\u00f3n para la prevenci\u00f3n de consumo de sustancias psicoactivas, y trastornos de la salud mental, entre otros servicios.<\/p>\n\n\n\n<p>-0-<\/p>\n","protected":false},"excerpt":{"rendered":"<p>\u2022 Con la estrategia Expo Salud en Tu Comunidad se acercan atenci\u00f3n m\u00e9dica y preventiva&#8230;<\/p>\n","protected":false},"author":4,"featured_media":30497,"comment_status":"","ping_status":"open","sticky":false,"template":"","format":"standard","meta":{"footnotes":""},"categories":[92],"tags":[],"jetpack_sharing_enabled":true,"featured_image_urls":{"full":["https:\/\/contextoanalisisperiodistico.com\/wp-content\/uploads\/2024\/08\/IMG-20240820-WA0054.jpg",800,502,false],"thumbnail":["https:\/\/contextoanalisisperiodistico.com\/wp-content\/uploads\/2024\/08\/IMG-20240820-WA0054-150x150.jpg",150,150,true],"medium":["https:\/\/contextoanalisisperiodistico.com\/wp-content\/uploads\/2024\/08\/IMG-20240820-WA0054-300x188.jpg",300,188,true],"medium_large":["https:\/\/contextoanalisisperiodistico.com\/wp-content\/uploads\/2024\/08\/IMG-20240820-WA0054-768x482.jpg",640,402,true],"large":["https:\/\/contextoanalisisperiodistico.com\/wp-content\/uploads\/2024\/08\/IMG-20240820-WA0054.jpg",640,402,false],"1536x1536":["https:\/\/contextoanalisisperiodistico.com\/wp-content\/uploads\/2024\/08\/IMG-20240820-WA0054.jpg",800,502,false],"2048x2048":["https:\/\/contextoanalisisperiodistico.com\/wp-content\/uploads\/2024\/08\/IMG-20240820-WA0054.jpg",800,502,false],"covernews-slider-full":["https:\/\/contextoanalisisperiodistico.com\/wp-content\/uploads\/2024\/08\/IMG-20240820-WA0054.jpg",800,502,false],"covernews-slider-center":["https:\/\/contextoanalisisperiodistico.com\/wp-content\/uploads\/2024\/08\/IMG-20240820-WA0054-800x500.jpg",800,500,true],"covernews-featured":["https:\/\/contextoanalisisperiodistico.com\/wp-content\/uploads\/2024\/08\/IMG-20240820-WA0054.jpg",800,502,false],"covernews-medium":["https:\/\/contextoanalisisperiodistico.com\/wp-content\/uploads\/2024\/08\/IMG-20240820-WA0054-540x340.jpg",540,340,true],"covernews-medium-square":["https:\/\/contextoanalisisperiodistico.com\/wp-content\/uploads\/2024\/08\/IMG-20240820-WA0054-400x250.jpg",400,250,true]},"author_info":{"display_name":"Mario Gir\u00f3n","author_link":"https:\/\/contextoanalisisperiodistico.com\/index.php\/author\/director\/"},"category_info":"<a href=\"https:\/\/contextoanalisisperiodistico.com\/index.php\/category\/salud\/\" rel=\"category tag\">Salud<\/a>","tag_info":"Salud","comment_count":"0","jetpack_featured_media_url":"https:\/\/contextoanalisisperiodistico.com\/wp-content\/uploads\/2024\/08\/IMG-20240820-WA0054.jpg","_links":{"self":[{"href":"https:\/\/contextoanalisisperiodistico.com\/index.php\/wp-json\/wp\/v2\/posts\/30503"}],"collection":[{"href":"https:\/\/contextoanalisisperiodistico.com\/index.php\/wp-json\/wp\/v2\/posts"}],"about":[{"href":"https:\/\/contextoanalisisperiodistico.com\/index.php\/wp-json\/wp\/v2\/types\/post"}],"author":[{"embeddable":true,"href":"https:\/\/contextoanalisisperiodistico.com\/index.php\/wp-json\/wp\/v2\/users\/4"}],"replies":[{"embeddable":true,"href":"https:\/\/contextoanalisisperiodistico.com\/index.php\/wp-json\/wp\/v2\/comments?post=30503"}],"version-history":[{"count":0,"href":"https:\/\/contextoanalisisperiodistico.com\/index.php\/wp-json\/wp\/v2\/posts\/30503\/revisions"}],"wp:featuredmedia":[{"embeddable":true,"href":"https:\/\/contextoanalisisperiodistico.com\/index.php\/wp-json\/wp\/v2\/media\/30497"}],"wp:attachment":[{"href":"https:\/\/contextoanalisisperiodistico.com\/index.php\/wp-json\/wp\/v2\/media?parent=30503"}],"wp:term":[{"taxonomy":"category","embeddable":true,"href":"https:\/\/contextoanalisisperiodistico.com\/index.php\/wp-json\/wp\/v2\/categories?post=30503"},{"taxonomy":"post_tag","embeddable":true,"href":"https:\/\/contextoanalisisperiodistico.com\/index.php\/wp-json\/wp\/v2\/tags?post=30503"}],"curies":[{"name":"wp","href":"https:\/\/api.w.org\/{rel}","templated":true}]}}