{"id":30488,"date":"2024-08-19T21:38:18","date_gmt":"2024-08-20T03:38:18","guid":{"rendered":"https:\/\/contextoanalisisperiodistico.com\/index.php\/2024\/08\/19\/oaxaca-sin-casos-de-mpox-o-viruela-simica-sso\/"},"modified":"2024-08-19T21:38:18","modified_gmt":"2024-08-20T03:38:18","slug":"oaxaca-sin-casos-de-mpox-o-viruela-simica-sso","status":"publish","type":"post","link":"https:\/\/contextoanalisisperiodistico.com\/index.php\/2024\/08\/19\/oaxaca-sin-casos-de-mpox-o-viruela-simica-sso\/","title":{"rendered":"Oaxaca sin casos de Mpox o Viruela s\u00edmica: SSO"},"content":{"rendered":"<div id=\"fb-root\"><\/div>\n\n<p>\u2022 Se refuerza en el territorio estatal la vigilancia epidemiol\u00f3gica, detecci\u00f3n y notificaci\u00f3n de casos, a partir de la emisi\u00f3n de la Emergencia de Salud P\u00fablica de Importancia Internacional por la nueva variante Clado I<\/p>\n\n\n\n<figure class=\"wp-block-image size-large\"><img fetchpriority=\"high\" decoding=\"async\" width=\"1024\" height=\"1024\" src=\"https:\/\/contextoanalisisperiodistico.com\/wp-content\/uploads\/2024\/08\/img-20240819-wa00664023788829198997924-1024x1024.jpg\" alt=\"\" class=\"wp-image-30486\" srcset=\"https:\/\/contextoanalisisperiodistico.com\/wp-content\/uploads\/2024\/08\/img-20240819-wa00664023788829198997924-1024x1024.jpg 1024w, https:\/\/contextoanalisisperiodistico.com\/wp-content\/uploads\/2024\/08\/img-20240819-wa00664023788829198997924-300x300.jpg 300w, https:\/\/contextoanalisisperiodistico.com\/wp-content\/uploads\/2024\/08\/img-20240819-wa00664023788829198997924-150x150.jpg 150w, https:\/\/contextoanalisisperiodistico.com\/wp-content\/uploads\/2024\/08\/img-20240819-wa00664023788829198997924-768x768.jpg 768w, https:\/\/contextoanalisisperiodistico.com\/wp-content\/uploads\/2024\/08\/img-20240819-wa00664023788829198997924.jpg 1080w\" sizes=\"(max-width: 1024px) 100vw, 1024px\" \/><\/figure>\n\n\n\n<figure class=\"wp-block-image\"><img decoding=\"async\" width=\"1024\" height=\"1024\" src=\"https:\/\/contextoanalisisperiodistico.com\/wp-content\/uploads\/2024\/08\/img-20240819-wa00658393546601493544734-1024x1024.jpg\" alt=\"\" class=\"wp-image-30487\" srcset=\"https:\/\/contextoanalisisperiodistico.com\/wp-content\/uploads\/2024\/08\/img-20240819-wa00658393546601493544734-1024x1024.jpg 1024w, https:\/\/contextoanalisisperiodistico.com\/wp-content\/uploads\/2024\/08\/img-20240819-wa00658393546601493544734-300x300.jpg 300w, https:\/\/contextoanalisisperiodistico.com\/wp-content\/uploads\/2024\/08\/img-20240819-wa00658393546601493544734-150x150.jpg 150w, https:\/\/contextoanalisisperiodistico.com\/wp-content\/uploads\/2024\/08\/img-20240819-wa00658393546601493544734-768x768.jpg 768w, https:\/\/contextoanalisisperiodistico.com\/wp-content\/uploads\/2024\/08\/img-20240819-wa00658393546601493544734.jpg 1080w\" sizes=\"(max-width: 1024px) 100vw, 1024px\" \/><\/figure>\n\n\n\n<p>\u2022 Se focaliza y fortalece el Plan Emergente Oaxaca Unida Contra el Dengue en ocho municipios de la Costa<br \/>Oaxaca de Ju\u00e1rez, Oax. 19 de agosto de 2024.- La secretaria de Salud en la entidad, Alma Lilia Velasco Hern\u00e1ndez, inform\u00f3 que durante el 2024 en Oaxaca no se tiene ning\u00fan caso de Mpox (Viruela S\u00edmica), declarada como Emergencia de Salud P\u00fablica de Importancia Internacional (ESPII).<\/p>\n\n\n\n<p>Lo anterior, ante el incremento de casos de una nueva variante de la enfermedad \u201cClado I\u201d, detectada solo en la Rep\u00fablica Democr\u00e1tica del Congo, Ruanda, Uganda, Kenia y Burundi.<\/p>\n\n\n\n<p>Durante la conferencia de prensa del Gobernador, Salom\u00f3n Jara Cruz, detall\u00f3 que en M\u00e9xico a la fecha se notificaron 49 casos del padecimiento, que corresponden a la primera variante Clado II, enfermedad que fue detectada por primera vez en el pa\u00eds en 2022; tambi\u00e9n, aclar\u00f3 que no hay ning\u00fan fallecimiento o casos de la nueva variante Clado I, en la rep\u00fablica mexicana.<\/p>\n\n\n\n<p>Explic\u00f3 que esta enfermedad se transmite a trav\u00e9s del contacto \u00edntimo, como mantener relaciones sexuales o tocar directamente las lesiones de la piel de una persona contagiada, al tener contacto con cosas personales como vestimenta, ropa de cama, toallas, y con gotitas de saliva que expulsa el paciente al toser o estornudar.<\/p>\n\n\n\n<p>Por lo que convoc\u00f3 a practicar el sexo seguro, lavado frecuente de manos con agua y jab\u00f3n, al toser o estornudar cubrirse la boca y nariz con el \u00e1ngulo interno del codo, evitar compartir alimentos, cubiertos y platos; en caso de s\u00edntomas usar cubrebocas tanto el paciente como las personas que vivan en el mismo hogar.<\/p>\n\n\n\n<p>Velasco Hern\u00e1ndez, dijo que los grupos de mayor riesgo son pacientes con Virus de Inmunodeficiencia Humana (VIH), c\u00e1ncer y las personas que tienen enfermedades cr\u00f3nicas degenerativas, por lo que se deben reforzar las medidas preventivas.<\/p>\n\n\n\n<p>Precis\u00f3 que, aunque no existe alerta en la entidad por Mpox, los SSO refuerzan la vigilancia epidemiol\u00f3gica, detecci\u00f3n de casos y seguimiento de pacientes.<\/p>\n\n\n\n<p>Fortalecen Plan Emergente Oaxaca Unida Contra el Dengue<\/p>\n\n\n\n<p>En su oportunidad, el director de Prevenci\u00f3n y Promoci\u00f3n, Ignacio Z\u00e1rate Blas inform\u00f3 que, durante la semana epidemiol\u00f3gica n\u00famero 32, Oaxaca report\u00f3 217 casos nuevos de la enfermedad por dengue y 87 hospitalizados.<\/p>\n\n\n\n<p>Dijo que esta \u00faltima semana, como parte del Plan Emergente de Oaxaca Unida Contra el Dengue, personal de vectores realizaron diversas actividades en siete municipios de Valles Centrales, en beneficio de 157 mil habitantes; as\u00ed como en ocho municipios prioritarios de la Costa, con la participaci\u00f3n de las autoridades municipales y personal voluntario.<\/p>\n\n\n\n<p>Enfatiz\u00f3 que es importante evitar automedicarse y acudir a la unidad m\u00e9dica ante la presencia de s\u00edntomas. Asimismo, exhort\u00f3 a la poblaci\u00f3n continuar con las acciones de patio y vivienda limpia para eliminar los criaderos, sobre todo en esta temporada de lluvias.<\/p>\n\n\n\n<p>-0-<\/p>\n","protected":false},"excerpt":{"rendered":"<p>\u2022 Se refuerza en el territorio estatal la vigilancia epidemiol\u00f3gica, detecci\u00f3n y notificaci\u00f3n de casos,&#8230;<\/p>\n","protected":false},"author":4,"featured_media":30485,"comment_status":"","ping_status":"open","sticky":false,"template":"","format":"standard","meta":{"footnotes":""},"categories":[9],"tags":[],"jetpack_sharing_enabled":true,"featured_image_urls":{"full":["https:\/\/contextoanalisisperiodistico.com\/wp-content\/uploads\/2024\/08\/IMG-20240819-WA0064.jpg",800,1200,false],"thumbnail":["https:\/\/contextoanalisisperiodistico.com\/wp-content\/uploads\/2024\/08\/IMG-20240819-WA0064-150x150.jpg",150,150,true],"medium":["https:\/\/contextoanalisisperiodistico.com\/wp-content\/uploads\/2024\/08\/IMG-20240819-WA0064-200x300.jpg",200,300,true],"medium_large":["https:\/\/contextoanalisisperiodistico.com\/wp-content\/uploads\/2024\/08\/IMG-20240819-WA0064-768x1152.jpg",640,960,true],"large":["https:\/\/contextoanalisisperiodistico.com\/wp-content\/uploads\/2024\/08\/IMG-20240819-WA0064-683x1024.jpg",640,960,true],"1536x1536":["https:\/\/contextoanalisisperiodistico.com\/wp-content\/uploads\/2024\/08\/IMG-20240819-WA0064.jpg",800,1200,false],"2048x2048":["https:\/\/contextoanalisisperiodistico.com\/wp-content\/uploads\/2024\/08\/IMG-20240819-WA0064.jpg",800,1200,false],"covernews-slider-full":["https:\/\/contextoanalisisperiodistico.com\/wp-content\/uploads\/2024\/08\/IMG-20240819-WA0064-800x715.jpg",800,715,true],"covernews-slider-center":["https:\/\/contextoanalisisperiodistico.com\/wp-content\/uploads\/2024\/08\/IMG-20240819-WA0064-800x500.jpg",800,500,true],"covernews-featured":["https:\/\/contextoanalisisperiodistico.com\/wp-content\/uploads\/2024\/08\/IMG-20240819-WA0064.jpg",800,1200,false],"covernews-medium":["https:\/\/contextoanalisisperiodistico.com\/wp-content\/uploads\/2024\/08\/IMG-20240819-WA0064-540x340.jpg",540,340,true],"covernews-medium-square":["https:\/\/contextoanalisisperiodistico.com\/wp-content\/uploads\/2024\/08\/IMG-20240819-WA0064-400x250.jpg",400,250,true]},"author_info":{"display_name":"Mario Gir\u00f3n","author_link":"https:\/\/contextoanalisisperiodistico.com\/index.php\/author\/director\/"},"category_info":"<a href=\"https:\/\/contextoanalisisperiodistico.com\/index.php\/category\/politica\/\" rel=\"category tag\">Pol\u00edtica<\/a>","tag_info":"Pol\u00edtica","comment_count":"0","jetpack_featured_media_url":"https:\/\/contextoanalisisperiodistico.com\/wp-content\/uploads\/2024\/08\/IMG-20240819-WA0064.jpg","_links":{"self":[{"href":"https:\/\/contextoanalisisperiodistico.com\/index.php\/wp-json\/wp\/v2\/posts\/30488"}],"collection":[{"href":"https:\/\/contextoanalisisperiodistico.com\/index.php\/wp-json\/wp\/v2\/posts"}],"about":[{"href":"https:\/\/contextoanalisisperiodistico.com\/index.php\/wp-json\/wp\/v2\/types\/post"}],"author":[{"embeddable":true,"href":"https:\/\/contextoanalisisperiodistico.com\/index.php\/wp-json\/wp\/v2\/users\/4"}],"replies":[{"embeddable":true,"href":"https:\/\/contextoanalisisperiodistico.com\/index.php\/wp-json\/wp\/v2\/comments?post=30488"}],"version-history":[{"count":0,"href":"https:\/\/contextoanalisisperiodistico.com\/index.php\/wp-json\/wp\/v2\/posts\/30488\/revisions"}],"wp:featuredmedia":[{"embeddable":true,"href":"https:\/\/contextoanalisisperiodistico.com\/index.php\/wp-json\/wp\/v2\/media\/30485"}],"wp:attachment":[{"href":"https:\/\/contextoanalisisperiodistico.com\/index.php\/wp-json\/wp\/v2\/media?parent=30488"}],"wp:term":[{"taxonomy":"category","embeddable":true,"href":"https:\/\/contextoanalisisperiodistico.com\/index.php\/wp-json\/wp\/v2\/categories?post=30488"},{"taxonomy":"post_tag","embeddable":true,"href":"https:\/\/contextoanalisisperiodistico.com\/index.php\/wp-json\/wp\/v2\/tags?post=30488"}],"curies":[{"name":"wp","href":"https:\/\/api.w.org\/{rel}","templated":true}]}}