{"id":30459,"date":"2024-08-19T21:11:30","date_gmt":"2024-08-20T03:11:30","guid":{"rendered":"https:\/\/contextoanalisisperiodistico.com\/index.php\/2024\/08\/19\/unidad-basica-de-rehabilitacion-sera-un-legado-para-el-bienestar-de-oaxaca-de-juarez\/"},"modified":"2024-08-19T21:12:23","modified_gmt":"2024-08-20T03:12:23","slug":"unidad-basica-de-rehabilitacion-sera-un-legado-para-el-bienestar-de-oaxaca-de-juarez","status":"publish","type":"post","link":"https:\/\/contextoanalisisperiodistico.com\/index.php\/2024\/08\/19\/unidad-basica-de-rehabilitacion-sera-un-legado-para-el-bienestar-de-oaxaca-de-juarez\/","title":{"rendered":"Unidad B\u00e1sica de Rehabilitaci\u00f3n, un legado para el bienestar de Oaxaca de Ju\u00e1rez"},"content":{"rendered":"<div id=\"fb-root\"><\/div>\n\n<ul class=\"wp-block-list\">\n<li>12 servicios m\u00e9dicos de alta calidad para mejorar la calidad de vida de la poblaci\u00f3n.<\/li>\n<\/ul>\n\n\n\n<figure class=\"wp-block-image size-large\"><img fetchpriority=\"high\" decoding=\"async\" width=\"1024\" height=\"684\" src=\"https:\/\/contextoanalisisperiodistico.com\/wp-content\/uploads\/2024\/08\/fotob190824284297041791796897780735-1024x684.jpg\" alt=\"\" class=\"wp-image-30456\" srcset=\"https:\/\/contextoanalisisperiodistico.com\/wp-content\/uploads\/2024\/08\/fotob190824284297041791796897780735-1024x684.jpg 1024w, https:\/\/contextoanalisisperiodistico.com\/wp-content\/uploads\/2024\/08\/fotob190824284297041791796897780735-300x200.jpg 300w, https:\/\/contextoanalisisperiodistico.com\/wp-content\/uploads\/2024\/08\/fotob190824284297041791796897780735-768x513.jpg 768w, https:\/\/contextoanalisisperiodistico.com\/wp-content\/uploads\/2024\/08\/fotob190824284297041791796897780735.jpg 1280w\" sizes=\"(max-width: 1024px) 100vw, 1024px\" \/><\/figure>\n\n\n\n<figure class=\"wp-block-image\"><img decoding=\"async\" width=\"1024\" height=\"685\" src=\"https:\/\/contextoanalisisperiodistico.com\/wp-content\/uploads\/2024\/08\/fotob190824614602144236025364-1024x685.jpeg\" alt=\"\" class=\"wp-image-30457\" srcset=\"https:\/\/contextoanalisisperiodistico.com\/wp-content\/uploads\/2024\/08\/fotob190824614602144236025364-1024x685.jpeg 1024w, https:\/\/contextoanalisisperiodistico.com\/wp-content\/uploads\/2024\/08\/fotob190824614602144236025364-300x201.jpeg 300w, https:\/\/contextoanalisisperiodistico.com\/wp-content\/uploads\/2024\/08\/fotob190824614602144236025364-768x514.jpeg 768w, https:\/\/contextoanalisisperiodistico.com\/wp-content\/uploads\/2024\/08\/fotob190824614602144236025364.jpeg 1280w\" sizes=\"(max-width: 1024px) 100vw, 1024px\" \/><\/figure>\n\n\n\n<figure class=\"wp-block-image\"><img decoding=\"async\" width=\"1024\" height=\"685\" src=\"https:\/\/contextoanalisisperiodistico.com\/wp-content\/uploads\/2024\/08\/fotob190824282297809980027705873724-1024x685.jpg\" alt=\"\" class=\"wp-image-30458\" srcset=\"https:\/\/contextoanalisisperiodistico.com\/wp-content\/uploads\/2024\/08\/fotob190824282297809980027705873724-1024x685.jpg 1024w, https:\/\/contextoanalisisperiodistico.com\/wp-content\/uploads\/2024\/08\/fotob190824282297809980027705873724-300x201.jpg 300w, https:\/\/contextoanalisisperiodistico.com\/wp-content\/uploads\/2024\/08\/fotob190824282297809980027705873724-768x514.jpg 768w, https:\/\/contextoanalisisperiodistico.com\/wp-content\/uploads\/2024\/08\/fotob190824282297809980027705873724.jpg 1280w\" sizes=\"(max-width: 1024px) 100vw, 1024px\" \/><\/figure>\n\n\n\n<p>Oaxaca de Ju\u00e1rez, Oax., 19 de agosto de 2024.- En el marco del segundo aniversario de la Unidad B\u00e1sica de Rehabilitaci\u00f3n (UBR) del DIF Municipal de Oaxaca de Ju\u00e1rez, se llev\u00f3 a cabo un evento encabezado por el Presidente Municipal, Francisco Mart\u00ednez Neri, y la Presidenta Honoraria del DIF, Bernarda Gonz\u00e1lez Rivas, acompa\u00f1ados de regidoras, regidores, secretarias y secretarios del Ayuntamiento.<\/p>\n\n\n\n<p>Francisco Mart\u00ednez Neri, destac\u00f3 los avances alcanzados en esta administraci\u00f3n en materia de servicios de rehabilitaci\u00f3n en la UBR y el compromiso de acercar servicios m\u00e9dicos de calidad a la ciudadan\u00eda.<\/p>\n\n\n\n<p>\u201cEste espacio el d\u00eda de hoy nos regala una gran satisfacci\u00f3n al constatar los avances y trabajos que se han realizado durante esta administraci\u00f3n. Entender la importancia de servicios de esta naturaleza se vuelve crucial a la hora de atender las problem\u00e1ticas de nuestra capital\u201d.<\/p>\n\n\n\n<p>Asimismo, Yisvi Belem Nolasco Legaspi, Directora del Comit\u00e9 Municipal del Sistema para el Desarrollo Integral de la Familia (DIF), destac\u00f3 la importancia de esta instancia para la atenci\u00f3n integral de la ciudadan\u00eda oaxaque\u00f1a, afirmando que \u201cla UBR de Oaxaca de Ju\u00e1rez, es sin duda, la mejor de todo nuestro estado y estamos muy orgullosos del trabajo que aqu\u00ed se realiza\u201d.<\/p>\n\n\n\n<p>\u25cf Un reto superado: La recuperaci\u00f3n de la UBR<\/p>\n\n\n\n<p>La UBR fue inaugurada en el a\u00f1o 2018 con tres servicios m\u00e9dicos b\u00e1sicos: medicina general, terapia f\u00edsica y ocupacional. Sin embargo, la pandemia de Covid-19 deriv\u00f3 en su cierre en 2020, quedando las instalaciones en el abandono.<\/p>\n\n\n\n<p>Fue gracias a la directriz del Presidente Municipal Francisco Mart\u00ednez Neri, en conjunto con el liderazgo y visi\u00f3n de la Presidenta Honoraria del DIF, Bernarda Gonz\u00e1lez Rivas, que se rehabilitaron las instalaciones en 2022, permitiendo ampliar la oferta a 12 servicios m\u00e9dicos de alta calidad con cuotas de recuperaci\u00f3n simb\u00f3licas que van desde los 30 a los 50 pesos, muy accesibles para la poblaci\u00f3n.<\/p>\n\n\n\n<p>Entre los servicios que se ofrecen actualmente se incluyen:<code>\u2022 Medicina general. \u2022 Terapia f\u00edsica. \u2022 Terapia ocupacional. \u2022 Odontolog\u00eda. \u2022 Nutrici\u00f3n. \u2022 Psicolog\u00eda. \u2022 Optometr\u00eda. \u2022 Audiometr\u00eda. \u2022 Estimulaci\u00f3n temprana. \u2022 Terapia de lenguaje.<\/code><\/p>\n\n\n\n<p>Desde su reapertura, la UBR ha alcanzado un r\u00e9cord de m\u00e1s de 46 mil servicios brindados a la ciudadan\u00eda, convirti\u00e9ndose en la Unidad B\u00e1sica de Rehabilitaci\u00f3n m\u00e1s destacada de la entidad.<\/p>\n\n\n\n<p>Este \u00e9xito se debe al profesionalismo y dedicaci\u00f3n del personal del DIF Municipal, quienes han logrado generar un impacto positivo no solo en los habitantes de Oaxaca de Ju\u00e1rez, sino tambi\u00e9n en personas de municipios cercanos que acuden en busca de atenci\u00f3n m\u00e9dica de calidad.<\/p>\n\n\n\n<p>La Presidenta Honoraria del DIF Municipal mencion\u00f3 haber consolidado un gran logro. \u201cHoy vemos reflejado nuestro esfuerzo en la satisfacci\u00f3n de la ciudadan\u00eda, quienes califican esta cl\u00ednica como un espacio de primer nivel\u201d. Adem\u00e1s, destac\u00f3 la importancia de continuar sumando esfuerzos para seguir mejorando los servicios de la UBR.<\/p>\n\n\n\n<p>Este esfuerzo conjunto entre el Ayuntamiento y el DIF Municipal es un ejemplo del compromiso con la salud y el bienestar de todas y todos los oaxaque\u00f1os.<\/p>\n","protected":false},"excerpt":{"rendered":"<p>Oaxaca de Ju\u00e1rez, Oax., 19 de agosto de 2024.- En el marco del segundo aniversario&#8230;<\/p>\n","protected":false},"author":4,"featured_media":30455,"comment_status":"closed","ping_status":"open","sticky":false,"template":"","format":"standard","meta":{"footnotes":""},"categories":[9],"tags":[],"jetpack_sharing_enabled":true,"featured_image_urls":{"full":["https:\/\/contextoanalisisperiodistico.com\/wp-content\/uploads\/2024\/08\/FOTOB19082428329.jpeg",1280,856,false],"thumbnail":["https:\/\/contextoanalisisperiodistico.com\/wp-content\/uploads\/2024\/08\/FOTOB19082428329-150x150.jpeg",150,150,true],"medium":["https:\/\/contextoanalisisperiodistico.com\/wp-content\/uploads\/2024\/08\/FOTOB19082428329-300x201.jpeg",300,201,true],"medium_large":["https:\/\/contextoanalisisperiodistico.com\/wp-content\/uploads\/2024\/08\/FOTOB19082428329-768x514.jpeg",640,428,true],"large":["https:\/\/contextoanalisisperiodistico.com\/wp-content\/uploads\/2024\/08\/FOTOB19082428329-1024x685.jpeg",640,428,true],"1536x1536":["https:\/\/contextoanalisisperiodistico.com\/wp-content\/uploads\/2024\/08\/FOTOB19082428329.jpeg",1280,856,false],"2048x2048":["https:\/\/contextoanalisisperiodistico.com\/wp-content\/uploads\/2024\/08\/FOTOB19082428329.jpeg",1280,856,false],"covernews-slider-full":["https:\/\/contextoanalisisperiodistico.com\/wp-content\/uploads\/2024\/08\/FOTOB19082428329-1115x715.jpeg",1115,715,true],"covernews-slider-center":["https:\/\/contextoanalisisperiodistico.com\/wp-content\/uploads\/2024\/08\/FOTOB19082428329-800x500.jpeg",800,500,true],"covernews-featured":["https:\/\/contextoanalisisperiodistico.com\/wp-content\/uploads\/2024\/08\/FOTOB19082428329-1024x685.jpeg",1024,685,true],"covernews-medium":["https:\/\/contextoanalisisperiodistico.com\/wp-content\/uploads\/2024\/08\/FOTOB19082428329-540x340.jpeg",540,340,true],"covernews-medium-square":["https:\/\/contextoanalisisperiodistico.com\/wp-content\/uploads\/2024\/08\/FOTOB19082428329-400x250.jpeg",400,250,true]},"author_info":{"display_name":"Mario Gir\u00f3n","author_link":"https:\/\/contextoanalisisperiodistico.com\/index.php\/author\/director\/"},"category_info":"<a href=\"https:\/\/contextoanalisisperiodistico.com\/index.php\/category\/politica\/\" rel=\"category tag\">Pol\u00edtica<\/a>","tag_info":"Pol\u00edtica","comment_count":"0","jetpack_featured_media_url":"https:\/\/contextoanalisisperiodistico.com\/wp-content\/uploads\/2024\/08\/FOTOB19082428329.jpeg","_links":{"self":[{"href":"https:\/\/contextoanalisisperiodistico.com\/index.php\/wp-json\/wp\/v2\/posts\/30459"}],"collection":[{"href":"https:\/\/contextoanalisisperiodistico.com\/index.php\/wp-json\/wp\/v2\/posts"}],"about":[{"href":"https:\/\/contextoanalisisperiodistico.com\/index.php\/wp-json\/wp\/v2\/types\/post"}],"author":[{"embeddable":true,"href":"https:\/\/contextoanalisisperiodistico.com\/index.php\/wp-json\/wp\/v2\/users\/4"}],"replies":[{"embeddable":true,"href":"https:\/\/contextoanalisisperiodistico.com\/index.php\/wp-json\/wp\/v2\/comments?post=30459"}],"version-history":[{"count":1,"href":"https:\/\/contextoanalisisperiodistico.com\/index.php\/wp-json\/wp\/v2\/posts\/30459\/revisions"}],"predecessor-version":[{"id":30460,"href":"https:\/\/contextoanalisisperiodistico.com\/index.php\/wp-json\/wp\/v2\/posts\/30459\/revisions\/30460"}],"wp:featuredmedia":[{"embeddable":true,"href":"https:\/\/contextoanalisisperiodistico.com\/index.php\/wp-json\/wp\/v2\/media\/30455"}],"wp:attachment":[{"href":"https:\/\/contextoanalisisperiodistico.com\/index.php\/wp-json\/wp\/v2\/media?parent=30459"}],"wp:term":[{"taxonomy":"category","embeddable":true,"href":"https:\/\/contextoanalisisperiodistico.com\/index.php\/wp-json\/wp\/v2\/categories?post=30459"},{"taxonomy":"post_tag","embeddable":true,"href":"https:\/\/contextoanalisisperiodistico.com\/index.php\/wp-json\/wp\/v2\/tags?post=30459"}],"curies":[{"name":"wp","href":"https:\/\/api.w.org\/{rel}","templated":true}]}}