{"id":30449,"date":"2024-08-18T21:20:50","date_gmt":"2024-08-19T03:20:50","guid":{"rendered":"https:\/\/contextoanalisisperiodistico.com\/index.php\/2024\/08\/18\/ninez-y-adolescencia-de-municipios-conurbados-a-la-capital-oaxaquena-disfrutan-de-la-diverti-ruta\/"},"modified":"2024-08-18T21:22:54","modified_gmt":"2024-08-19T03:22:54","slug":"ninez-y-adolescencia-de-municipios-conurbados-a-la-capital-oaxaquena-disfrutan-de-la-diverti-ruta","status":"publish","type":"post","link":"https:\/\/contextoanalisisperiodistico.com\/index.php\/2024\/08\/18\/ninez-y-adolescencia-de-municipios-conurbados-a-la-capital-oaxaquena-disfrutan-de-la-diverti-ruta\/","title":{"rendered":"Ni\u00f1ez y adolescencia de municipios cercanos a la ciudad disfrutan de la Diverti Ruta"},"content":{"rendered":"<div id=\"fb-root\"><\/div>\n\n<p>\u2022La d\u00e9cimo novena edici\u00f3n se realiz\u00f3 en el Parque Ciudad de Las Canteras en el marco del festival Vera Ni\u00f1ez, el cual estar\u00e1 abierto al p\u00fablico de manera gratuita hasta el 25 de agosto<\/p>\n\n\n\n<p>\u2022La Presidenta Honoraria del Sistema DIF Oaxaca, Irma Bola\u00f1os Quijano refrenda que con estas actividades se protegen los derechos de este sector de la poblaci\u00f3n<\/p>\n\n\n\n<p>Santa Luc\u00eda del Camino, Oax. 18 de agosto de 2024.- Con alegr\u00eda, ni\u00f1as, ni\u00f1os y adolescentes de municipios como Santa Cruz Xoxocotl\u00e1n, San Antonio de la Cal, Santa Mar\u00eda Atzompa y de diversas colonias de la capital oaxaque\u00f1a y de este municipio de la regi\u00f3n Valles Centrales, disfrutaron junto a su familia de muchas horas de diversi\u00f3n en las actividades que integraron la d\u00e9cimo novena edici\u00f3n de la Diverti Ruta en el Parque Ciudad de Las Canteras.<\/p>\n\n\n\n<p>Por segunda ocasi\u00f3n, el derecho al juego se fusion\u00f3 entre esta actividad y el festival Vera Ni\u00f1ez que encabeza el Sistema para el Desarrollo Integral de la Familia (DIF) Oaxaca, en el que las y los oaxaque\u00f1os y visitantes, se reunieron para pasear en bicicleta, disfrutar de actividades deportivas, art\u00edsticas, culturales y de autocuidado emocional, entre otras.<\/p>\n\n\n\n<p>En punto de las 9:00 horas, las familias comenzaron a congregarse en este espacio p\u00fablico para estar en movimiento, aprender y recordar que son sujetas de derechos.<\/p>\n\n\n\n<p>Los talleres de arcilla, pintura, el avistamiento de aves, las actividades inclusivas y deportivas, la adopci\u00f3n de un \u00e1rbol y los brincolines, fueron las preferidas por el p\u00fablico.<\/p>\n\n\n\n<p>A una semana del regreso a clases, la ni\u00f1ez y adolescencia contin\u00faa disfrutando de las vacaciones de verano en estas acciones que priorizan su bienestar para un pleno desarrollo.<\/p>\n\n\n\n<p>En este tenor, la Presidenta Honoraria del organismo estatal, Irma Bola\u00f1os Quijano expres\u00f3 que el Gobierno de la Primavera Oaxaque\u00f1a antepone su inter\u00e9s superior para verles felices y sujetos de derechos.<\/p>\n\n\n\n<p>Tambi\u00e9n destac\u00f3 el compromiso y cari\u00f1o que muestra el personal de las dependencias de la administraci\u00f3n p\u00fablica estatal para ense\u00f1arles a trav\u00e9s del juego temas de reciclaje, protecci\u00f3n del medio ambiente y principalmente de su autocuidado, entre otros temas.<\/p>\n\n\n\n<p>En este sentido, se le recuerda a la poblaci\u00f3n que la Diverti Ruta se realiza cada 15 d\u00edas y el festival Vera Ni\u00f1ez estar\u00e1 abierto de manera gratuita hasta el 25 de agosto, en un horario de 11:00 a 17:00 horas, en el Parque Ciudad de Las Canteras.<br \/>-0-<\/p>\n\n\n\n<figure class=\"wp-block-image size-large\"><img fetchpriority=\"high\" decoding=\"async\" width=\"1024\" height=\"683\" src=\"https:\/\/contextoanalisisperiodistico.com\/wp-content\/uploads\/2024\/08\/img-20240818-wa00617398096997758569739-1024x683.jpg\" alt=\"\" class=\"wp-image-30442\" srcset=\"https:\/\/contextoanalisisperiodistico.com\/wp-content\/uploads\/2024\/08\/img-20240818-wa00617398096997758569739-1024x683.jpg 1024w, https:\/\/contextoanalisisperiodistico.com\/wp-content\/uploads\/2024\/08\/img-20240818-wa00617398096997758569739-300x200.jpg 300w, https:\/\/contextoanalisisperiodistico.com\/wp-content\/uploads\/2024\/08\/img-20240818-wa00617398096997758569739-768x512.jpg 768w, https:\/\/contextoanalisisperiodistico.com\/wp-content\/uploads\/2024\/08\/img-20240818-wa00617398096997758569739-1536x1025.jpg 1536w, https:\/\/contextoanalisisperiodistico.com\/wp-content\/uploads\/2024\/08\/img-20240818-wa00617398096997758569739.jpg 2000w\" sizes=\"(max-width: 1024px) 100vw, 1024px\" \/><\/figure>\n\n\n\n<figure class=\"wp-block-image\"><img decoding=\"async\" width=\"1024\" height=\"683\" src=\"https:\/\/contextoanalisisperiodistico.com\/wp-content\/uploads\/2024\/08\/img-20240818-wa0058779511034322178536-1024x683.jpg\" alt=\"\" class=\"wp-image-30443\" srcset=\"https:\/\/contextoanalisisperiodistico.com\/wp-content\/uploads\/2024\/08\/img-20240818-wa0058779511034322178536-1024x683.jpg 1024w, https:\/\/contextoanalisisperiodistico.com\/wp-content\/uploads\/2024\/08\/img-20240818-wa0058779511034322178536-300x200.jpg 300w, https:\/\/contextoanalisisperiodistico.com\/wp-content\/uploads\/2024\/08\/img-20240818-wa0058779511034322178536-768x512.jpg 768w, https:\/\/contextoanalisisperiodistico.com\/wp-content\/uploads\/2024\/08\/img-20240818-wa0058779511034322178536-1536x1025.jpg 1536w, https:\/\/contextoanalisisperiodistico.com\/wp-content\/uploads\/2024\/08\/img-20240818-wa0058779511034322178536.jpg 2000w\" sizes=\"(max-width: 1024px) 100vw, 1024px\" \/><\/figure>\n\n\n\n<figure class=\"wp-block-image\"><img decoding=\"async\" width=\"1024\" height=\"683\" src=\"https:\/\/contextoanalisisperiodistico.com\/wp-content\/uploads\/2024\/08\/img-20240818-wa00632181798432556433520-1024x683.jpg\" alt=\"\" class=\"wp-image-30440\" srcset=\"https:\/\/contextoanalisisperiodistico.com\/wp-content\/uploads\/2024\/08\/img-20240818-wa00632181798432556433520-1024x683.jpg 1024w, https:\/\/contextoanalisisperiodistico.com\/wp-content\/uploads\/2024\/08\/img-20240818-wa00632181798432556433520-300x200.jpg 300w, https:\/\/contextoanalisisperiodistico.com\/wp-content\/uploads\/2024\/08\/img-20240818-wa00632181798432556433520-768x512.jpg 768w, https:\/\/contextoanalisisperiodistico.com\/wp-content\/uploads\/2024\/08\/img-20240818-wa00632181798432556433520-1536x1025.jpg 1536w, https:\/\/contextoanalisisperiodistico.com\/wp-content\/uploads\/2024\/08\/img-20240818-wa00632181798432556433520.jpg 2000w\" sizes=\"(max-width: 1024px) 100vw, 1024px\" \/><\/figure>\n\n\n\n<figure class=\"wp-block-image\"><img loading=\"lazy\" decoding=\"async\" width=\"1024\" height=\"683\" src=\"https:\/\/contextoanalisisperiodistico.com\/wp-content\/uploads\/2024\/08\/img-20240818-wa00605945455147089324385-1024x683.jpg\" alt=\"\" class=\"wp-image-30444\" srcset=\"https:\/\/contextoanalisisperiodistico.com\/wp-content\/uploads\/2024\/08\/img-20240818-wa00605945455147089324385-1024x683.jpg 1024w, https:\/\/contextoanalisisperiodistico.com\/wp-content\/uploads\/2024\/08\/img-20240818-wa00605945455147089324385-300x200.jpg 300w, https:\/\/contextoanalisisperiodistico.com\/wp-content\/uploads\/2024\/08\/img-20240818-wa00605945455147089324385-768x512.jpg 768w, https:\/\/contextoanalisisperiodistico.com\/wp-content\/uploads\/2024\/08\/img-20240818-wa00605945455147089324385-1536x1025.jpg 1536w, https:\/\/contextoanalisisperiodistico.com\/wp-content\/uploads\/2024\/08\/img-20240818-wa00605945455147089324385.jpg 2000w\" sizes=\"(max-width: 1024px) 100vw, 1024px\" \/><\/figure>\n\n\n\n<figure class=\"wp-block-image\"><img loading=\"lazy\" decoding=\"async\" width=\"1024\" height=\"683\" src=\"https:\/\/contextoanalisisperiodistico.com\/wp-content\/uploads\/2024\/08\/img-20240818-wa00597393865188521127401-1024x683.jpg\" alt=\"\" class=\"wp-image-30441\" srcset=\"https:\/\/contextoanalisisperiodistico.com\/wp-content\/uploads\/2024\/08\/img-20240818-wa00597393865188521127401-1024x683.jpg 1024w, https:\/\/contextoanalisisperiodistico.com\/wp-content\/uploads\/2024\/08\/img-20240818-wa00597393865188521127401-300x200.jpg 300w, https:\/\/contextoanalisisperiodistico.com\/wp-content\/uploads\/2024\/08\/img-20240818-wa00597393865188521127401-768x512.jpg 768w, https:\/\/contextoanalisisperiodistico.com\/wp-content\/uploads\/2024\/08\/img-20240818-wa00597393865188521127401-1536x1025.jpg 1536w, https:\/\/contextoanalisisperiodistico.com\/wp-content\/uploads\/2024\/08\/img-20240818-wa00597393865188521127401.jpg 2000w\" sizes=\"(max-width: 1024px) 100vw, 1024px\" \/><\/figure>\n\n\n\n<figure class=\"wp-block-image\"><img loading=\"lazy\" decoding=\"async\" width=\"1024\" height=\"683\" src=\"https:\/\/contextoanalisisperiodistico.com\/wp-content\/uploads\/2024\/08\/img-20240818-wa00562647997730810638678-1024x683.jpg\" alt=\"\" class=\"wp-image-30448\" srcset=\"https:\/\/contextoanalisisperiodistico.com\/wp-content\/uploads\/2024\/08\/img-20240818-wa00562647997730810638678-1024x683.jpg 1024w, https:\/\/contextoanalisisperiodistico.com\/wp-content\/uploads\/2024\/08\/img-20240818-wa00562647997730810638678-300x200.jpg 300w, https:\/\/contextoanalisisperiodistico.com\/wp-content\/uploads\/2024\/08\/img-20240818-wa00562647997730810638678-768x512.jpg 768w, https:\/\/contextoanalisisperiodistico.com\/wp-content\/uploads\/2024\/08\/img-20240818-wa00562647997730810638678-1536x1025.jpg 1536w, https:\/\/contextoanalisisperiodistico.com\/wp-content\/uploads\/2024\/08\/img-20240818-wa00562647997730810638678.jpg 2000w\" sizes=\"(max-width: 1024px) 100vw, 1024px\" \/><\/figure>\n\n\n\n<figure class=\"wp-block-image\"><img loading=\"lazy\" decoding=\"async\" width=\"1024\" height=\"682\" src=\"https:\/\/contextoanalisisperiodistico.com\/wp-content\/uploads\/2024\/08\/img-20240818-wa00556095833103036172426-1024x682.jpg\" alt=\"\" class=\"wp-image-30445\" srcset=\"https:\/\/contextoanalisisperiodistico.com\/wp-content\/uploads\/2024\/08\/img-20240818-wa00556095833103036172426-1024x682.jpg 1024w, https:\/\/contextoanalisisperiodistico.com\/wp-content\/uploads\/2024\/08\/img-20240818-wa00556095833103036172426-300x200.jpg 300w, https:\/\/contextoanalisisperiodistico.com\/wp-content\/uploads\/2024\/08\/img-20240818-wa00556095833103036172426-768x512.jpg 768w, https:\/\/contextoanalisisperiodistico.com\/wp-content\/uploads\/2024\/08\/img-20240818-wa00556095833103036172426-1536x1024.jpg 1536w, https:\/\/contextoanalisisperiodistico.com\/wp-content\/uploads\/2024\/08\/img-20240818-wa00556095833103036172426.jpg 2000w\" sizes=\"(max-width: 1024px) 100vw, 1024px\" \/><\/figure>\n\n\n\n<figure class=\"wp-block-image\"><img loading=\"lazy\" decoding=\"async\" width=\"1024\" height=\"682\" src=\"https:\/\/contextoanalisisperiodistico.com\/wp-content\/uploads\/2024\/08\/img-20240818-wa0054782334774418409250-1024x682.jpg\" alt=\"\" class=\"wp-image-30447\" srcset=\"https:\/\/contextoanalisisperiodistico.com\/wp-content\/uploads\/2024\/08\/img-20240818-wa0054782334774418409250-1024x682.jpg 1024w, https:\/\/contextoanalisisperiodistico.com\/wp-content\/uploads\/2024\/08\/img-20240818-wa0054782334774418409250-300x200.jpg 300w, https:\/\/contextoanalisisperiodistico.com\/wp-content\/uploads\/2024\/08\/img-20240818-wa0054782334774418409250-768x512.jpg 768w, https:\/\/contextoanalisisperiodistico.com\/wp-content\/uploads\/2024\/08\/img-20240818-wa0054782334774418409250-1536x1024.jpg 1536w, https:\/\/contextoanalisisperiodistico.com\/wp-content\/uploads\/2024\/08\/img-20240818-wa0054782334774418409250.jpg 2000w\" sizes=\"(max-width: 1024px) 100vw, 1024px\" \/><\/figure>\n\n\n\n<figure class=\"wp-block-image\"><img loading=\"lazy\" decoding=\"async\" width=\"1024\" height=\"682\" src=\"https:\/\/contextoanalisisperiodistico.com\/wp-content\/uploads\/2024\/08\/img-20240818-wa00491135968490223542156-1024x682.jpg\" alt=\"\" class=\"wp-image-30446\" srcset=\"https:\/\/contextoanalisisperiodistico.com\/wp-content\/uploads\/2024\/08\/img-20240818-wa00491135968490223542156-1024x682.jpg 1024w, https:\/\/contextoanalisisperiodistico.com\/wp-content\/uploads\/2024\/08\/img-20240818-wa00491135968490223542156-300x200.jpg 300w, https:\/\/contextoanalisisperiodistico.com\/wp-content\/uploads\/2024\/08\/img-20240818-wa00491135968490223542156-768x512.jpg 768w, https:\/\/contextoanalisisperiodistico.com\/wp-content\/uploads\/2024\/08\/img-20240818-wa00491135968490223542156-1536x1024.jpg 1536w, https:\/\/contextoanalisisperiodistico.com\/wp-content\/uploads\/2024\/08\/img-20240818-wa00491135968490223542156.jpg 2000w\" sizes=\"(max-width: 1024px) 100vw, 1024px\" \/><\/figure>\n","protected":false},"excerpt":{"rendered":"<p>\u2022La d\u00e9cimo novena edici\u00f3n se realiz\u00f3 en el Parque Ciudad de Las Canteras en el&#8230;<\/p>\n","protected":false},"author":4,"featured_media":30439,"comment_status":"closed","ping_status":"open","sticky":false,"template":"","format":"standard","meta":{"footnotes":""},"categories":[3],"tags":[],"jetpack_sharing_enabled":true,"featured_image_urls":{"full":["https:\/\/contextoanalisisperiodistico.com\/wp-content\/uploads\/2024\/08\/IMG-20240818-WA0057-1-scaled.jpg",2560,1706,false],"thumbnail":["https:\/\/contextoanalisisperiodistico.com\/wp-content\/uploads\/2024\/08\/IMG-20240818-WA0057-1-150x150.jpg",150,150,true],"medium":["https:\/\/contextoanalisisperiodistico.com\/wp-content\/uploads\/2024\/08\/IMG-20240818-WA0057-1-300x200.jpg",300,200,true],"medium_large":["https:\/\/contextoanalisisperiodistico.com\/wp-content\/uploads\/2024\/08\/IMG-20240818-WA0057-1-768x512.jpg",640,427,true],"large":["https:\/\/contextoanalisisperiodistico.com\/wp-content\/uploads\/2024\/08\/IMG-20240818-WA0057-1-1024x683.jpg",640,427,true],"1536x1536":["https:\/\/contextoanalisisperiodistico.com\/wp-content\/uploads\/2024\/08\/IMG-20240818-WA0057-1-1536x1024.jpg",1536,1024,true],"2048x2048":["https:\/\/contextoanalisisperiodistico.com\/wp-content\/uploads\/2024\/08\/IMG-20240818-WA0057-1-2048x1365.jpg",2048,1365,true],"covernews-slider-full":["https:\/\/contextoanalisisperiodistico.com\/wp-content\/uploads\/2024\/08\/IMG-20240818-WA0057-1-1115x715.jpg",1115,715,true],"covernews-slider-center":["https:\/\/contextoanalisisperiodistico.com\/wp-content\/uploads\/2024\/08\/IMG-20240818-WA0057-1-800x500.jpg",800,500,true],"covernews-featured":["https:\/\/contextoanalisisperiodistico.com\/wp-content\/uploads\/2024\/08\/IMG-20240818-WA0057-1-1024x683.jpg",1024,683,true],"covernews-medium":["https:\/\/contextoanalisisperiodistico.com\/wp-content\/uploads\/2024\/08\/IMG-20240818-WA0057-1-540x340.jpg",540,340,true],"covernews-medium-square":["https:\/\/contextoanalisisperiodistico.com\/wp-content\/uploads\/2024\/08\/IMG-20240818-WA0057-1-400x250.jpg",400,250,true]},"author_info":{"display_name":"Mario Gir\u00f3n","author_link":"https:\/\/contextoanalisisperiodistico.com\/index.php\/author\/director\/"},"category_info":"<a href=\"https:\/\/contextoanalisisperiodistico.com\/index.php\/category\/ciudad\/\" rel=\"category tag\">Ciudad<\/a>","tag_info":"Ciudad","comment_count":"0","jetpack_featured_media_url":"https:\/\/contextoanalisisperiodistico.com\/wp-content\/uploads\/2024\/08\/IMG-20240818-WA0057-1-scaled.jpg","_links":{"self":[{"href":"https:\/\/contextoanalisisperiodistico.com\/index.php\/wp-json\/wp\/v2\/posts\/30449"}],"collection":[{"href":"https:\/\/contextoanalisisperiodistico.com\/index.php\/wp-json\/wp\/v2\/posts"}],"about":[{"href":"https:\/\/contextoanalisisperiodistico.com\/index.php\/wp-json\/wp\/v2\/types\/post"}],"author":[{"embeddable":true,"href":"https:\/\/contextoanalisisperiodistico.com\/index.php\/wp-json\/wp\/v2\/users\/4"}],"replies":[{"embeddable":true,"href":"https:\/\/contextoanalisisperiodistico.com\/index.php\/wp-json\/wp\/v2\/comments?post=30449"}],"version-history":[{"count":1,"href":"https:\/\/contextoanalisisperiodistico.com\/index.php\/wp-json\/wp\/v2\/posts\/30449\/revisions"}],"predecessor-version":[{"id":30450,"href":"https:\/\/contextoanalisisperiodistico.com\/index.php\/wp-json\/wp\/v2\/posts\/30449\/revisions\/30450"}],"wp:featuredmedia":[{"embeddable":true,"href":"https:\/\/contextoanalisisperiodistico.com\/index.php\/wp-json\/wp\/v2\/media\/30439"}],"wp:attachment":[{"href":"https:\/\/contextoanalisisperiodistico.com\/index.php\/wp-json\/wp\/v2\/media?parent=30449"}],"wp:term":[{"taxonomy":"category","embeddable":true,"href":"https:\/\/contextoanalisisperiodistico.com\/index.php\/wp-json\/wp\/v2\/categories?post=30449"},{"taxonomy":"post_tag","embeddable":true,"href":"https:\/\/contextoanalisisperiodistico.com\/index.php\/wp-json\/wp\/v2\/tags?post=30449"}],"curies":[{"name":"wp","href":"https:\/\/api.w.org\/{rel}","templated":true}]}}