{"id":30428,"date":"2024-08-18T14:50:04","date_gmt":"2024-08-18T20:50:04","guid":{"rendered":"https:\/\/contextoanalisisperiodistico.com\/index.php\/2024\/08\/18\/destinan-mas-de-4-mdp-para-transformar-a-santo-tomas-mazaltepec\/"},"modified":"2024-08-18T14:50:04","modified_gmt":"2024-08-18T20:50:04","slug":"destinan-mas-de-4-mdp-para-transformar-a-santo-tomas-mazaltepec","status":"publish","type":"post","link":"https:\/\/contextoanalisisperiodistico.com\/index.php\/2024\/08\/18\/destinan-mas-de-4-mdp-para-transformar-a-santo-tomas-mazaltepec\/","title":{"rendered":"Destinan m\u00e1s de 4 mdp para transformar a Santo Tom\u00e1s Mazaltepec"},"content":{"rendered":"<div id=\"fb-root\"><\/div>\n\n<p>\u2022 Con obras p\u00fablicas y la atenci\u00f3n a sus necesidades, habitantes de esta demarcaci\u00f3n podr\u00e1n elevar su calidad de vida<\/p>\n\n\n\n<figure class=\"wp-block-image size-large\"><img fetchpriority=\"high\" decoding=\"async\" width=\"900\" height=\"600\" src=\"https:\/\/contextoanalisisperiodistico.com\/wp-content\/uploads\/2024\/08\/img-20240818-wa00323164278824711904398.jpg\" alt=\"\" class=\"wp-image-30426\" srcset=\"https:\/\/contextoanalisisperiodistico.com\/wp-content\/uploads\/2024\/08\/img-20240818-wa00323164278824711904398.jpg 900w, https:\/\/contextoanalisisperiodistico.com\/wp-content\/uploads\/2024\/08\/img-20240818-wa00323164278824711904398-300x200.jpg 300w, https:\/\/contextoanalisisperiodistico.com\/wp-content\/uploads\/2024\/08\/img-20240818-wa00323164278824711904398-768x512.jpg 768w\" sizes=\"(max-width: 900px) 100vw, 900px\" \/><\/figure>\n\n\n\n<figure class=\"wp-block-image\"><img decoding=\"async\" width=\"300\" height=\"200\" src=\"https:\/\/contextoanalisisperiodistico.com\/wp-content\/uploads\/2024\/08\/img-20240818-wa00304452338240049804579-300x200.jpg\" alt=\"\" class=\"wp-image-30427\" srcset=\"https:\/\/contextoanalisisperiodistico.com\/wp-content\/uploads\/2024\/08\/img-20240818-wa00304452338240049804579-300x200.jpg 300w, https:\/\/contextoanalisisperiodistico.com\/wp-content\/uploads\/2024\/08\/img-20240818-wa00304452338240049804579-768x512.jpg 768w, https:\/\/contextoanalisisperiodistico.com\/wp-content\/uploads\/2024\/08\/img-20240818-wa00304452338240049804579.jpg 900w\" sizes=\"(max-width: 300px) 100vw, 300px\" \/><\/figure>\n\n\n\n<p>Santo Tom\u00e1s Mazaltepec, Oax. 18 de agosto de 2024.- A trav\u00e9s de la estrategia Trabajo que Transforma tu Municipio, el Gobernador Salom\u00f3n Jara Cruz visit\u00f3 esta demarcaci\u00f3n de los Valles Centrales para dar a conocer la inversi\u00f3n de 4 millones 785 mil pesos en obras p\u00fablicas, programas y otras acciones que elevar\u00e1n la calidad de vida de sus habitantes.<\/p>\n\n\n\n<p>\u201cEstamos empe\u00f1ados en trabajar y sacar adelante de Oaxaca\u201d expres\u00f3 el Mandatario Estatal durante este encuentro con la poblaci\u00f3n, en el que destac\u00f3 la importancia de este modelo de atenci\u00f3n que permite a las autoridades municipales y el pueblo, tener un contacto directo y cercano con el Gobierno del Estado.<\/p>\n\n\n\n<p>De esta manera, dio a conocer que a trav\u00e9s del Sistema Estatal para el Desarrollo Integral de la Familia (DIF Oaxaca) se otorgan 244 mil 148 pesos a trav\u00e9s de los programas de dotaci\u00f3n alimentaria Desayuno de Letritas, Latido Nutritivo e Itacate de mi Coraz\u00f3n.<\/p>\n\n\n\n<p>Servicios de Salud de Oaxaca (SSO) inform\u00f3 que se aportan 750 mil pesos en medicamentos y 400 mil pesos por medio del programa La Cl\u00ednica es Nuestra para garantizar una buena atenci\u00f3n a la poblaci\u00f3n en la Unidad de Salud de un n\u00facleo b\u00e1sico de este municipio.<\/p>\n\n\n\n<p>La Secretar\u00eda de Fomento Agroalimentario y Desarrollo Rural (Sefader) tambi\u00e9n dio a conocer que mediante el programa de Autosuficiencia Alimentaria se emplean 479 mil pesos para apoyar a 100 familias con paquetes de insumos.<\/p>\n\n\n\n<p>En tanto, el Secretariado Ejecutivo del Sistema Estatal de Seguridad P\u00fablica (SESESP) inform\u00f3 que para fortalecer la seguridad de la poblaci\u00f3n se atender\u00e1 la solicitud de una patrulla para esta comunidad.<\/p>\n\n\n\n<p>En fortalecimiento a la educaci\u00f3n, el Instituto Estatal de Educaci\u00f3n P\u00fablica de Oaxaca (IEEPO) apoyar\u00e1 a las cuatro escuelas de esta demarcaci\u00f3n con 582 mil 666 pesos en pizarrones, computadoras, impresoras, proyectores, mobiliario, pantallas y materiales de aseo, deportivo y de oficina.<\/p>\n\n\n\n<p>El Instituto Oaxaque\u00f1o Constructor de Infraestructura Educativa (Iocied) destinar\u00e1 1 mill\u00f3n 900 mil pesos para la construcci\u00f3n de dos m\u00f3dulos de sanitarios en dos centros educativos respectivamente.<\/p>\n\n\n\n<p>Asimismo, Vivienda Bienestar (Vibien) invertir\u00e1 800 mil pesos para 50 acciones de piso firme.<\/p>\n\n\n\n<p>Finalmente, la Secretar\u00eda de Interculturalidad, Pueblos y Comunidades Ind\u00edgenas y Afromexicanas (SIPCIA) emplear\u00e1 el programa Mujeres Emprendiendo para apoyar a cinco mujeres de la localidad con insumos para que puedan rescatar su traje t\u00edpico y realicen la elaboraci\u00f3n de artesan\u00edas.<\/p>\n\n\n\n<p>En tanto, el Instituto de Capacitaci\u00f3n y Productividad para el Trabajo (Icapet) invit\u00f3 a la poblaci\u00f3n a formar parte de su directorio de instructoras e instructores, con la finalidad de que quienes tengan un oficio compartan sus conocimientos y contribuyan al emprendimiento.<\/p>\n\n\n\n<p>-0-<\/p>\n","protected":false},"excerpt":{"rendered":"<p>\u2022 Con obras p\u00fablicas y la atenci\u00f3n a sus necesidades, habitantes de esta demarcaci\u00f3n podr\u00e1n&#8230;<\/p>\n","protected":false},"author":4,"featured_media":30425,"comment_status":"","ping_status":"open","sticky":false,"template":"","format":"standard","meta":{"footnotes":""},"categories":[9],"tags":[],"jetpack_sharing_enabled":true,"featured_image_urls":{"full":["https:\/\/contextoanalisisperiodistico.com\/wp-content\/uploads\/2024\/08\/IMG-20240818-WA0031.jpg",900,600,false],"thumbnail":["https:\/\/contextoanalisisperiodistico.com\/wp-content\/uploads\/2024\/08\/IMG-20240818-WA0031-150x150.jpg",150,150,true],"medium":["https:\/\/contextoanalisisperiodistico.com\/wp-content\/uploads\/2024\/08\/IMG-20240818-WA0031-300x200.jpg",300,200,true],"medium_large":["https:\/\/contextoanalisisperiodistico.com\/wp-content\/uploads\/2024\/08\/IMG-20240818-WA0031-768x512.jpg",640,427,true],"large":["https:\/\/contextoanalisisperiodistico.com\/wp-content\/uploads\/2024\/08\/IMG-20240818-WA0031.jpg",640,427,false],"1536x1536":["https:\/\/contextoanalisisperiodistico.com\/wp-content\/uploads\/2024\/08\/IMG-20240818-WA0031.jpg",900,600,false],"2048x2048":["https:\/\/contextoanalisisperiodistico.com\/wp-content\/uploads\/2024\/08\/IMG-20240818-WA0031.jpg",900,600,false],"covernews-slider-full":["https:\/\/contextoanalisisperiodistico.com\/wp-content\/uploads\/2024\/08\/IMG-20240818-WA0031.jpg",900,600,false],"covernews-slider-center":["https:\/\/contextoanalisisperiodistico.com\/wp-content\/uploads\/2024\/08\/IMG-20240818-WA0031-800x500.jpg",800,500,true],"covernews-featured":["https:\/\/contextoanalisisperiodistico.com\/wp-content\/uploads\/2024\/08\/IMG-20240818-WA0031.jpg",900,600,false],"covernews-medium":["https:\/\/contextoanalisisperiodistico.com\/wp-content\/uploads\/2024\/08\/IMG-20240818-WA0031-540x340.jpg",540,340,true],"covernews-medium-square":["https:\/\/contextoanalisisperiodistico.com\/wp-content\/uploads\/2024\/08\/IMG-20240818-WA0031-400x250.jpg",400,250,true]},"author_info":{"display_name":"Mario Gir\u00f3n","author_link":"https:\/\/contextoanalisisperiodistico.com\/index.php\/author\/director\/"},"category_info":"<a href=\"https:\/\/contextoanalisisperiodistico.com\/index.php\/category\/politica\/\" rel=\"category tag\">Pol\u00edtica<\/a>","tag_info":"Pol\u00edtica","comment_count":"0","jetpack_featured_media_url":"https:\/\/contextoanalisisperiodistico.com\/wp-content\/uploads\/2024\/08\/IMG-20240818-WA0031.jpg","_links":{"self":[{"href":"https:\/\/contextoanalisisperiodistico.com\/index.php\/wp-json\/wp\/v2\/posts\/30428"}],"collection":[{"href":"https:\/\/contextoanalisisperiodistico.com\/index.php\/wp-json\/wp\/v2\/posts"}],"about":[{"href":"https:\/\/contextoanalisisperiodistico.com\/index.php\/wp-json\/wp\/v2\/types\/post"}],"author":[{"embeddable":true,"href":"https:\/\/contextoanalisisperiodistico.com\/index.php\/wp-json\/wp\/v2\/users\/4"}],"replies":[{"embeddable":true,"href":"https:\/\/contextoanalisisperiodistico.com\/index.php\/wp-json\/wp\/v2\/comments?post=30428"}],"version-history":[{"count":0,"href":"https:\/\/contextoanalisisperiodistico.com\/index.php\/wp-json\/wp\/v2\/posts\/30428\/revisions"}],"wp:featuredmedia":[{"embeddable":true,"href":"https:\/\/contextoanalisisperiodistico.com\/index.php\/wp-json\/wp\/v2\/media\/30425"}],"wp:attachment":[{"href":"https:\/\/contextoanalisisperiodistico.com\/index.php\/wp-json\/wp\/v2\/media?parent=30428"}],"wp:term":[{"taxonomy":"category","embeddable":true,"href":"https:\/\/contextoanalisisperiodistico.com\/index.php\/wp-json\/wp\/v2\/categories?post=30428"},{"taxonomy":"post_tag","embeddable":true,"href":"https:\/\/contextoanalisisperiodistico.com\/index.php\/wp-json\/wp\/v2\/tags?post=30428"}],"curies":[{"name":"wp","href":"https:\/\/api.w.org\/{rel}","templated":true}]}}