{"id":30395,"date":"2024-08-18T08:45:48","date_gmt":"2024-08-18T14:45:48","guid":{"rendered":"https:\/\/contextoanalisisperiodistico.com\/index.php\/2024\/08\/18\/mas-de-16-mdp-para-una-vida-de-bienestar-en-san-miguel-panixtlahuaca\/"},"modified":"2024-08-18T08:45:48","modified_gmt":"2024-08-18T14:45:48","slug":"mas-de-16-mdp-para-una-vida-de-bienestar-en-san-miguel-panixtlahuaca","status":"publish","type":"post","link":"https:\/\/contextoanalisisperiodistico.com\/index.php\/2024\/08\/18\/mas-de-16-mdp-para-una-vida-de-bienestar-en-san-miguel-panixtlahuaca\/","title":{"rendered":"M\u00e1s de 16 mdp para una vida de bienestar en San Miguel Panixtlahuaca"},"content":{"rendered":"<div id=\"fb-root\"><\/div>\n\n<p>\u2022 El Gobernador Salom\u00f3n Jara Cruz visit\u00f3 este municipio coste\u00f1o y expuso la estrategia Trabajo que Transforma tu Municipio que busca revertir el rezago social<\/p>\n\n\n\n<figure class=\"wp-block-image size-large\"><img fetchpriority=\"high\" decoding=\"async\" width=\"1024\" height=\"683\" src=\"https:\/\/contextoanalisisperiodistico.com\/wp-content\/uploads\/2024\/08\/img-20240818-wa00067785951308660537169-1024x683.jpg\" alt=\"\" class=\"wp-image-30392\" srcset=\"https:\/\/contextoanalisisperiodistico.com\/wp-content\/uploads\/2024\/08\/img-20240818-wa00067785951308660537169-1024x683.jpg 1024w, https:\/\/contextoanalisisperiodistico.com\/wp-content\/uploads\/2024\/08\/img-20240818-wa00067785951308660537169-300x200.jpg 300w, https:\/\/contextoanalisisperiodistico.com\/wp-content\/uploads\/2024\/08\/img-20240818-wa00067785951308660537169-768x512.jpg 768w, https:\/\/contextoanalisisperiodistico.com\/wp-content\/uploads\/2024\/08\/img-20240818-wa00067785951308660537169.jpg 1411w\" sizes=\"(max-width: 1024px) 100vw, 1024px\" \/><\/figure>\n\n\n\n<figure class=\"wp-block-image\"><img decoding=\"async\" width=\"1024\" height=\"683\" src=\"https:\/\/contextoanalisisperiodistico.com\/wp-content\/uploads\/2024\/08\/img-20240818-wa00041938876971219108199-1024x683.jpg\" alt=\"\" class=\"wp-image-30393\" srcset=\"https:\/\/contextoanalisisperiodistico.com\/wp-content\/uploads\/2024\/08\/img-20240818-wa00041938876971219108199-1024x683.jpg 1024w, https:\/\/contextoanalisisperiodistico.com\/wp-content\/uploads\/2024\/08\/img-20240818-wa00041938876971219108199-300x200.jpg 300w, https:\/\/contextoanalisisperiodistico.com\/wp-content\/uploads\/2024\/08\/img-20240818-wa00041938876971219108199-768x512.jpg 768w, https:\/\/contextoanalisisperiodistico.com\/wp-content\/uploads\/2024\/08\/img-20240818-wa00041938876971219108199.jpg 1334w\" sizes=\"(max-width: 1024px) 100vw, 1024px\" \/><\/figure>\n\n\n\n<figure class=\"wp-block-image\"><img decoding=\"async\" width=\"1024\" height=\"683\" src=\"https:\/\/contextoanalisisperiodistico.com\/wp-content\/uploads\/2024\/08\/img-20240818-wa00032022039931526190949-1024x683.jpg\" alt=\"\" class=\"wp-image-30394\" srcset=\"https:\/\/contextoanalisisperiodistico.com\/wp-content\/uploads\/2024\/08\/img-20240818-wa00032022039931526190949-1024x683.jpg 1024w, https:\/\/contextoanalisisperiodistico.com\/wp-content\/uploads\/2024\/08\/img-20240818-wa00032022039931526190949-300x200.jpg 300w, https:\/\/contextoanalisisperiodistico.com\/wp-content\/uploads\/2024\/08\/img-20240818-wa00032022039931526190949-768x512.jpg 768w, https:\/\/contextoanalisisperiodistico.com\/wp-content\/uploads\/2024\/08\/img-20240818-wa00032022039931526190949.jpg 1459w\" sizes=\"(max-width: 1024px) 100vw, 1024px\" \/><\/figure>\n\n\n\n<p>San Miguel Panixtlahuaca, Oax. 18 de agosto de 2024.- En un frente com\u00fan gobierno y ciudadan\u00eda, trabajan para revertir el rezago social de las comunidades de la entidad; en San Miguel Panixtlahuaca el Gobernador Salom\u00f3n Jara Cruz anunci\u00f3 la dispersi\u00f3n de recursos por 16 millones 509 mil pesos para obras y acciones que permitan que habitantes tengan una vida de bienestar.<\/p>\n\n\n\n<p>En su gira de trabajo por la regi\u00f3n de la Costa, el Mandatario Estatal acudi\u00f3 a este lugar, que en n\u00e1huatl Panixtlahuaca significa El Llano del Puente, para dar conocer de manera directa la estrategia Trabajo que Transforma tu Municipio, a fin de dejar el lugar 49 a nivel estatal y el 76 a nivel nacional en pobreza y marginaci\u00f3n.<\/p>\n\n\n\n<p>\u201cVenimos no solo a visitarlos, sino a trabajar, apoyar y ayudar a esta localidad\u201d, dijo al expresar que las demandas que expuso la poblaci\u00f3n son leg\u00edtimas porque se quiere salir del abandono para transitar a un nuevo destino.<\/p>\n\n\n\n<p>En este sentido el Instituto de Planeaci\u00f3n para el Bienestar (Inplan) expuso la importancia de priorizar obras para la localidad como la introducci\u00f3n de drenaje, sistema de agua, vivienda y energ\u00eda el\u00e9ctrica, entre otras.<\/p>\n\n\n\n<p>A trav\u00e9s de los programas Latidos Nutritivos, Desayuno de Letritas e Itacate de mi Coraz\u00f3n, el Sistema Estatal para el Desarrollo Integral de la Familia (DIF) Oaxaca atiende a 622 familias con una inversi\u00f3n un mill\u00f3n 571 mil pesos; en tanto la Secretar\u00eda de Bienestar, Tequio e Inclusi\u00f3n (Sebienti) destina 336 mil pesos de la Tarjeta Margarita Maza para apoyar a 28 jefas de familia en pobreza extrema.<\/p>\n\n\n\n<p>La Secretar\u00eda de Fomento Agroalimentario y Desarrollo Rural (Sefader) mediante acciones de Autosuficiencia Alimentaria, respalda a 16 familias para la siembra de ma\u00edz, frijol, entre otros, y apoyar\u00e1 para la producci\u00f3n de caf\u00e9 de especialidad en este lugar; Vivienda Bienestar (Vibien) dispersar\u00e1 recursos por un mill\u00f3n 600 mil pesos para 100 familias con pisos firmes.<\/p>\n\n\n\n<p>El Instituto Estatal de Educaci\u00f3n P\u00fablica de Oaxaca (IEEPO) canalizar\u00e1 2 millones 434 mil pesos para los diversos planteles de educaci\u00f3n b\u00e1sica de este municipio mediante la entrega de pizarrones, computadoras, impresoras, proyectores, lotes de mobiliario y material de aseo, deportivo y de oficina, as\u00ed como instrumentos para Bandas de Guerra. Se realizar\u00e1 un estudio de factibilidad para el Centro de Atenci\u00f3n M\u00faltiple (CAM) y un preescolar para la entrega de la clave escolar.<\/p>\n\n\n\n<p>Adem\u00e1s se distribuir\u00e1n de manera directa los uniformes escolares.<\/p>\n\n\n\n<p>El Instituto Oaxaque\u00f1o Constructor de Infraestructura Educativa (Iocied) anunci\u00f3 la edificaci\u00f3n de sanitarios del preescolar \u201cJos\u00e9 Vasconcelos\u201d, por 700 mil pesos; un aula para la biblioteca de la primaria \u201cVenustiano Carranza\u201d, por m\u00e1s de 600 mil pesos; otra m\u00e1s para el preescolar \u201cJuan Escutia\u201d, por 600 mil pesos: la plaza c\u00edvica de la Telesecundaria, por 850 mil pesos; la barda perimetral de un plantel de educaci\u00f3n inicial ind\u00edgena, por 500 mil pesos y sanitarios del prescolar \u201cRosario Castellanos\u201d, por 700 mil pesos, siendo un total de 4 millones 88 mil pesos.<\/p>\n\n\n\n<p>Caminos Bienestar inform\u00f3 la pavimentaci\u00f3n de concreto hidr\u00e1ulico que comunica a este municipio con Tataltepec de Vald\u00e9s por 6 millones de pesos, en su primera etapa.<\/p>\n\n\n\n<p>-0-<\/p>\n","protected":false},"excerpt":{"rendered":"<p>\u2022 El Gobernador Salom\u00f3n Jara Cruz visit\u00f3 este municipio coste\u00f1o y expuso la estrategia Trabajo&#8230;<\/p>\n","protected":false},"author":4,"featured_media":30391,"comment_status":"","ping_status":"open","sticky":false,"template":"","format":"standard","meta":{"footnotes":""},"categories":[9],"tags":[],"jetpack_sharing_enabled":true,"featured_image_urls":{"full":["https:\/\/contextoanalisisperiodistico.com\/wp-content\/uploads\/2024\/08\/IMG-20240818-WA0005.jpg",1600,1066,false],"thumbnail":["https:\/\/contextoanalisisperiodistico.com\/wp-content\/uploads\/2024\/08\/IMG-20240818-WA0005-150x150.jpg",150,150,true],"medium":["https:\/\/contextoanalisisperiodistico.com\/wp-content\/uploads\/2024\/08\/IMG-20240818-WA0005-300x200.jpg",300,200,true],"medium_large":["https:\/\/contextoanalisisperiodistico.com\/wp-content\/uploads\/2024\/08\/IMG-20240818-WA0005-768x512.jpg",640,427,true],"large":["https:\/\/contextoanalisisperiodistico.com\/wp-content\/uploads\/2024\/08\/IMG-20240818-WA0005-1024x682.jpg",640,426,true],"1536x1536":["https:\/\/contextoanalisisperiodistico.com\/wp-content\/uploads\/2024\/08\/IMG-20240818-WA0005-1536x1023.jpg",1536,1023,true],"2048x2048":["https:\/\/contextoanalisisperiodistico.com\/wp-content\/uploads\/2024\/08\/IMG-20240818-WA0005.jpg",1600,1066,false],"covernews-slider-full":["https:\/\/contextoanalisisperiodistico.com\/wp-content\/uploads\/2024\/08\/IMG-20240818-WA0005-1115x715.jpg",1115,715,true],"covernews-slider-center":["https:\/\/contextoanalisisperiodistico.com\/wp-content\/uploads\/2024\/08\/IMG-20240818-WA0005-800x500.jpg",800,500,true],"covernews-featured":["https:\/\/contextoanalisisperiodistico.com\/wp-content\/uploads\/2024\/08\/IMG-20240818-WA0005-1024x682.jpg",1024,682,true],"covernews-medium":["https:\/\/contextoanalisisperiodistico.com\/wp-content\/uploads\/2024\/08\/IMG-20240818-WA0005-540x340.jpg",540,340,true],"covernews-medium-square":["https:\/\/contextoanalisisperiodistico.com\/wp-content\/uploads\/2024\/08\/IMG-20240818-WA0005-400x250.jpg",400,250,true]},"author_info":{"display_name":"Mario Gir\u00f3n","author_link":"https:\/\/contextoanalisisperiodistico.com\/index.php\/author\/director\/"},"category_info":"<a href=\"https:\/\/contextoanalisisperiodistico.com\/index.php\/category\/politica\/\" rel=\"category tag\">Pol\u00edtica<\/a>","tag_info":"Pol\u00edtica","comment_count":"0","jetpack_featured_media_url":"https:\/\/contextoanalisisperiodistico.com\/wp-content\/uploads\/2024\/08\/IMG-20240818-WA0005.jpg","_links":{"self":[{"href":"https:\/\/contextoanalisisperiodistico.com\/index.php\/wp-json\/wp\/v2\/posts\/30395"}],"collection":[{"href":"https:\/\/contextoanalisisperiodistico.com\/index.php\/wp-json\/wp\/v2\/posts"}],"about":[{"href":"https:\/\/contextoanalisisperiodistico.com\/index.php\/wp-json\/wp\/v2\/types\/post"}],"author":[{"embeddable":true,"href":"https:\/\/contextoanalisisperiodistico.com\/index.php\/wp-json\/wp\/v2\/users\/4"}],"replies":[{"embeddable":true,"href":"https:\/\/contextoanalisisperiodistico.com\/index.php\/wp-json\/wp\/v2\/comments?post=30395"}],"version-history":[{"count":0,"href":"https:\/\/contextoanalisisperiodistico.com\/index.php\/wp-json\/wp\/v2\/posts\/30395\/revisions"}],"wp:featuredmedia":[{"embeddable":true,"href":"https:\/\/contextoanalisisperiodistico.com\/index.php\/wp-json\/wp\/v2\/media\/30391"}],"wp:attachment":[{"href":"https:\/\/contextoanalisisperiodistico.com\/index.php\/wp-json\/wp\/v2\/media?parent=30395"}],"wp:term":[{"taxonomy":"category","embeddable":true,"href":"https:\/\/contextoanalisisperiodistico.com\/index.php\/wp-json\/wp\/v2\/categories?post=30395"},{"taxonomy":"post_tag","embeddable":true,"href":"https:\/\/contextoanalisisperiodistico.com\/index.php\/wp-json\/wp\/v2\/tags?post=30395"}],"curies":[{"name":"wp","href":"https:\/\/api.w.org\/{rel}","templated":true}]}}