{"id":30390,"date":"2024-08-18T08:35:44","date_gmt":"2024-08-18T14:35:44","guid":{"rendered":"https:\/\/contextoanalisisperiodistico.com\/index.php\/2024\/08\/18\/la-censura-es-un-medio-equivocado-para-solucionar-problemas-sociales\/"},"modified":"2024-08-18T08:35:44","modified_gmt":"2024-08-18T14:35:44","slug":"la-censura-es-un-medio-equivocado-para-solucionar-problemas-sociales","status":"publish","type":"post","link":"https:\/\/contextoanalisisperiodistico.com\/index.php\/2024\/08\/18\/la-censura-es-un-medio-equivocado-para-solucionar-problemas-sociales\/","title":{"rendered":"La censura es un medio equivocado para solucionar problemas sociales"},"content":{"rendered":"<div id=\"fb-root\"><\/div>\n\n<p>*Fernando Cruz Mac\u00edas<\/p>\n\n\n\n<p>En d\u00edas pasados ha surgido una controversia entre el creador de contenido llamado \u201cDani Flow\u201d el cual pretende o pretend\u00eda presentarse en p\u00fablico en Oaxaca y desde la m\u00e1s alta esfera del poder oaxaque\u00f1o obtuvo no m\u00e1s que la censura de sus actos.<\/p>\n\n\n\n<p>Para m\u00ed es un hecho que retrocede el tiempo en cuanto a la evoluci\u00f3n del pensamiento mismo ya que la censura no hace m\u00e1s que provocar el morbo entre los ciudadanos, no importando si es fama o infamia estoy seguro de que el n\u00famero de suscriptores, seguidores o escuchas ha incrementado solo por el hecho de dichas declaraciones.<\/p>\n\n\n\n<p>Es un hecho que para poder conformar una sociedad moralmente correcta se requiere la constituci\u00f3n de una cultura; y esta se entiende como la construcci\u00f3n de la dimensi\u00f3n humana sobre la dimensi\u00f3n natural.<\/p>\n\n\n\n<p>Si bien es cierto que para algunas formas de pensamiento como \u201cDavid hume\u201d las pasiones del humano gobiernan sobre la raz\u00f3n humana tambi\u00e9n es cierto que para la interrelaci\u00f3n social es necesario la normatividad de dichas acciones.<\/p>\n\n\n\n<p>Entonces como propuesta la censura no debe ser usada como recurso si bien ese conocimiento es mal visto, lo que debe de prohibirse y castigarse es su pr\u00e1ctica y no el conocimiento de esta.<\/p>\n\n\n\n<p>La falta de moralidad de la sociedad permite que los individuos se vuelquen a sus pasiones y estas las gobiernen, entonces para evitar estas formas de expresi\u00f3n se deben contrarrestar con una dimensi\u00f3n humana en la cual la vida y sus entes sea preponderada sobre cualquier dimensi\u00f3n natural.<\/p>\n\n\n\n<p>*Fernando Cruz Mac\u00edas, Presidente del Frente \u00danico de Resistencia Ind\u00edgena y Acci\u00f3n Campesina (FURIAC) y Por la Defensa de la Econom\u00eda Campesina<\/p>\n","protected":false},"excerpt":{"rendered":"<p>*Fernando Cruz Mac\u00edas En d\u00edas pasados ha surgido una controversia entre el creador de contenido&#8230;<\/p>\n","protected":false},"author":4,"featured_media":30389,"comment_status":"","ping_status":"open","sticky":false,"template":"","format":"standard","meta":{"footnotes":""},"categories":[9],"tags":[],"jetpack_sharing_enabled":true,"featured_image_urls":{"full":["https:\/\/contextoanalisisperiodistico.com\/wp-content\/uploads\/2024\/08\/1000110291.jpg",960,1200,false],"thumbnail":["https:\/\/contextoanalisisperiodistico.com\/wp-content\/uploads\/2024\/08\/1000110291-150x150.jpg",150,150,true],"medium":["https:\/\/contextoanalisisperiodistico.com\/wp-content\/uploads\/2024\/08\/1000110291-240x300.jpg",240,300,true],"medium_large":["https:\/\/contextoanalisisperiodistico.com\/wp-content\/uploads\/2024\/08\/1000110291-768x960.jpg",640,800,true],"large":["https:\/\/contextoanalisisperiodistico.com\/wp-content\/uploads\/2024\/08\/1000110291-819x1024.jpg",640,800,true],"1536x1536":["https:\/\/contextoanalisisperiodistico.com\/wp-content\/uploads\/2024\/08\/1000110291.jpg",960,1200,false],"2048x2048":["https:\/\/contextoanalisisperiodistico.com\/wp-content\/uploads\/2024\/08\/1000110291.jpg",960,1200,false],"covernews-slider-full":["https:\/\/contextoanalisisperiodistico.com\/wp-content\/uploads\/2024\/08\/1000110291-960x715.jpg",960,715,true],"covernews-slider-center":["https:\/\/contextoanalisisperiodistico.com\/wp-content\/uploads\/2024\/08\/1000110291-800x500.jpg",800,500,true],"covernews-featured":["https:\/\/contextoanalisisperiodistico.com\/wp-content\/uploads\/2024\/08\/1000110291.jpg",960,1200,false],"covernews-medium":["https:\/\/contextoanalisisperiodistico.com\/wp-content\/uploads\/2024\/08\/1000110291-540x340.jpg",540,340,true],"covernews-medium-square":["https:\/\/contextoanalisisperiodistico.com\/wp-content\/uploads\/2024\/08\/1000110291-400x250.jpg",400,250,true]},"author_info":{"display_name":"Mario Gir\u00f3n","author_link":"https:\/\/contextoanalisisperiodistico.com\/index.php\/author\/director\/"},"category_info":"<a href=\"https:\/\/contextoanalisisperiodistico.com\/index.php\/category\/politica\/\" rel=\"category tag\">Pol\u00edtica<\/a>","tag_info":"Pol\u00edtica","comment_count":"0","jetpack_featured_media_url":"https:\/\/contextoanalisisperiodistico.com\/wp-content\/uploads\/2024\/08\/1000110291.jpg","_links":{"self":[{"href":"https:\/\/contextoanalisisperiodistico.com\/index.php\/wp-json\/wp\/v2\/posts\/30390"}],"collection":[{"href":"https:\/\/contextoanalisisperiodistico.com\/index.php\/wp-json\/wp\/v2\/posts"}],"about":[{"href":"https:\/\/contextoanalisisperiodistico.com\/index.php\/wp-json\/wp\/v2\/types\/post"}],"author":[{"embeddable":true,"href":"https:\/\/contextoanalisisperiodistico.com\/index.php\/wp-json\/wp\/v2\/users\/4"}],"replies":[{"embeddable":true,"href":"https:\/\/contextoanalisisperiodistico.com\/index.php\/wp-json\/wp\/v2\/comments?post=30390"}],"version-history":[{"count":0,"href":"https:\/\/contextoanalisisperiodistico.com\/index.php\/wp-json\/wp\/v2\/posts\/30390\/revisions"}],"wp:featuredmedia":[{"embeddable":true,"href":"https:\/\/contextoanalisisperiodistico.com\/index.php\/wp-json\/wp\/v2\/media\/30389"}],"wp:attachment":[{"href":"https:\/\/contextoanalisisperiodistico.com\/index.php\/wp-json\/wp\/v2\/media?parent=30390"}],"wp:term":[{"taxonomy":"category","embeddable":true,"href":"https:\/\/contextoanalisisperiodistico.com\/index.php\/wp-json\/wp\/v2\/categories?post=30390"},{"taxonomy":"post_tag","embeddable":true,"href":"https:\/\/contextoanalisisperiodistico.com\/index.php\/wp-json\/wp\/v2\/tags?post=30390"}],"curies":[{"name":"wp","href":"https:\/\/api.w.org\/{rel}","templated":true}]}}