{"id":30385,"date":"2024-08-16T19:56:33","date_gmt":"2024-08-17T01:56:33","guid":{"rendered":"https:\/\/contextoanalisisperiodistico.com\/index.php\/2024\/08\/16\/promotores-de-salud-fundamentales-para-incidir-en-el-panorama-medico-de-las-y-los-oaxaquenos\/"},"modified":"2024-08-16T19:58:23","modified_gmt":"2024-08-17T01:58:23","slug":"promotores-de-salud-fundamentales-para-incidir-en-el-panorama-medico-de-las-y-los-oaxaquenos","status":"publish","type":"post","link":"https:\/\/contextoanalisisperiodistico.com\/index.php\/2024\/08\/16\/promotores-de-salud-fundamentales-para-incidir-en-el-panorama-medico-de-las-y-los-oaxaquenos\/","title":{"rendered":"Promotores de salud, fundamentales para incidir en el panorama m\u00e9dico oaxaque\u00f1o"},"content":{"rendered":"<div id=\"fb-root\"><\/div>\n\n<p>\u2022 Conmemora SSO el D\u00eda de la y el Promotor de Salud<\/p>\n\n\n\n<figure class=\"wp-block-image size-large\"><img fetchpriority=\"high\" decoding=\"async\" width=\"800\" height=\"600\" src=\"https:\/\/contextoanalisisperiodistico.com\/wp-content\/uploads\/2024\/08\/img-20240816-wa00635396371867894681247.jpg\" alt=\"\" class=\"wp-image-30382\" srcset=\"https:\/\/contextoanalisisperiodistico.com\/wp-content\/uploads\/2024\/08\/img-20240816-wa00635396371867894681247.jpg 800w, https:\/\/contextoanalisisperiodistico.com\/wp-content\/uploads\/2024\/08\/img-20240816-wa00635396371867894681247-300x225.jpg 300w, https:\/\/contextoanalisisperiodistico.com\/wp-content\/uploads\/2024\/08\/img-20240816-wa00635396371867894681247-768x576.jpg 768w\" sizes=\"(max-width: 800px) 100vw, 800px\" \/><\/figure>\n\n\n\n<figure class=\"wp-block-image\"><img decoding=\"async\" width=\"225\" height=\"300\" src=\"https:\/\/contextoanalisisperiodistico.com\/wp-content\/uploads\/2024\/08\/img-20240816-wa00628459996845845642937-225x300.jpg\" alt=\"\" class=\"wp-image-30383\" srcset=\"https:\/\/contextoanalisisperiodistico.com\/wp-content\/uploads\/2024\/08\/img-20240816-wa00628459996845845642937-225x300.jpg 225w, https:\/\/contextoanalisisperiodistico.com\/wp-content\/uploads\/2024\/08\/img-20240816-wa00628459996845845642937.jpg 600w\" sizes=\"(max-width: 225px) 100vw, 225px\" \/><\/figure>\n\n\n\n<figure class=\"wp-block-image\"><img decoding=\"async\" width=\"300\" height=\"225\" src=\"https:\/\/contextoanalisisperiodistico.com\/wp-content\/uploads\/2024\/08\/img-20240816-wa00616703090808508491326-300x225.jpg\" alt=\"\" class=\"wp-image-30384\" srcset=\"https:\/\/contextoanalisisperiodistico.com\/wp-content\/uploads\/2024\/08\/img-20240816-wa00616703090808508491326-300x225.jpg 300w, https:\/\/contextoanalisisperiodistico.com\/wp-content\/uploads\/2024\/08\/img-20240816-wa00616703090808508491326-768x576.jpg 768w, https:\/\/contextoanalisisperiodistico.com\/wp-content\/uploads\/2024\/08\/img-20240816-wa00616703090808508491326.jpg 800w\" sizes=\"(max-width: 300px) 100vw, 300px\" \/><\/figure>\n\n\n\n<p>\u2022 Con profunda vocaci\u00f3n, desde hace 11 a\u00f1os, Sergio Abel predica h\u00e1bitos saludables para generar conciencia sobre la importancia de prevenir enfermedades<br \/>Oaxaca de Ju\u00e1rez, Oax. 16 de agosto de 2024.- Con 11 a\u00f1os de experiencia, Sergio Abel Gonz\u00e1lez P\u00e9rez dedica sus d\u00edas a predicar h\u00e1bitos saludables y generar conciencia sobre la importancia de prevenir enfermedades, tejiendo un mantra en cada hogar que visita para hacer un cambio positivo en las comunidades.<\/p>\n\n\n\n<p>Sin importar las inclemencias del tiempo y las largas distancias de las zonas geogr\u00e1ficas que tiene de responsabilidad, Gonz\u00e1lez P\u00e9rez, Coordinador de Promoci\u00f3n de la Salud de la Jurisdicci\u00f3n Sanitaria 1 Valles Centrales perteneciente a Servicios de Salud de Oaxaca (SSO), camina de sol a sol para acercar mensajes y educar sobre diversos temas de salud, a la poblaci\u00f3n m\u00e1s vulnerable.<\/p>\n\n\n\n<p>Ayuda a las madres y padres de familia a prevenir enfermedades diarreicas, respiratorias y bucales en sus hijas e hijos, realiza recomendaciones nutricionales y de actividades deportivas y l\u00fadicas, prevenci\u00f3n de violencia, salud mental y motiva a las embarazadas a acudir a las consultas prenatales para que tengan una gestaci\u00f3n segura.<\/p>\n\n\n\n<p>Con empat\u00eda, compromiso social, solidaridad y respeto a las cosmovisiones de los pueblos, ense\u00f1a a pacientes que viven con alguna enfermedad cr\u00f3nica a mantenerlas en control, fomenta viviendas saludables, prevenci\u00f3n de la violencia, ayuda a identificar a personas en riesgo y alerta ante alguna situaci\u00f3n de emergencia epidemiol\u00f3gica.<\/p>\n\n\n\n<p>Con mucho orgullo, sabedor de la funci\u00f3n esencial que junto al equipo de Promotores de la Salud con los que cuenta los SSO realiza todos los d\u00edas, relata que, a trav\u00e9s de diversas acciones preventivas, se busca la participaci\u00f3n activa de las comunidades para lograr el autocuidado, basado en pr\u00e1cticas sanas, con el fin de disminuir la incidencia de patolog\u00edas y mortalidad en la entidad.<\/p>\n\n\n\n<p>En esta fecha memorable, la titular de los SSO, Alma Lilia Velasco Hern\u00e1ndez felicita y reconoce la dedicaci\u00f3n de hombres y mujeres que realizan la loable labor de Promotores de Salud en la entidad, quienes con su esfuerzo y dedicaci\u00f3n coadyuvan a la construcci\u00f3n de comunidades resilientes, seguras, inclusivas y sostenibles, as\u00ed como generaciones con conciencias de cambio para una vida larga y saludable.<br \/>-0-<\/p>\n","protected":false},"excerpt":{"rendered":"<p>\u2022 Conmemora SSO el D\u00eda de la y el Promotor de Salud \u2022 Con profunda&#8230;<\/p>\n","protected":false},"author":4,"featured_media":30381,"comment_status":"closed","ping_status":"open","sticky":false,"template":"","format":"standard","meta":{"footnotes":""},"categories":[92],"tags":[],"jetpack_sharing_enabled":true,"featured_image_urls":{"full":["https:\/\/contextoanalisisperiodistico.com\/wp-content\/uploads\/2024\/08\/IMG-20240816-WA0060.jpg",800,705,false],"thumbnail":["https:\/\/contextoanalisisperiodistico.com\/wp-content\/uploads\/2024\/08\/IMG-20240816-WA0060-150x150.jpg",150,150,true],"medium":["https:\/\/contextoanalisisperiodistico.com\/wp-content\/uploads\/2024\/08\/IMG-20240816-WA0060-300x264.jpg",300,264,true],"medium_large":["https:\/\/contextoanalisisperiodistico.com\/wp-content\/uploads\/2024\/08\/IMG-20240816-WA0060-768x677.jpg",640,564,true],"large":["https:\/\/contextoanalisisperiodistico.com\/wp-content\/uploads\/2024\/08\/IMG-20240816-WA0060.jpg",640,564,false],"1536x1536":["https:\/\/contextoanalisisperiodistico.com\/wp-content\/uploads\/2024\/08\/IMG-20240816-WA0060.jpg",800,705,false],"2048x2048":["https:\/\/contextoanalisisperiodistico.com\/wp-content\/uploads\/2024\/08\/IMG-20240816-WA0060.jpg",800,705,false],"covernews-slider-full":["https:\/\/contextoanalisisperiodistico.com\/wp-content\/uploads\/2024\/08\/IMG-20240816-WA0060.jpg",800,705,false],"covernews-slider-center":["https:\/\/contextoanalisisperiodistico.com\/wp-content\/uploads\/2024\/08\/IMG-20240816-WA0060-800x500.jpg",800,500,true],"covernews-featured":["https:\/\/contextoanalisisperiodistico.com\/wp-content\/uploads\/2024\/08\/IMG-20240816-WA0060.jpg",800,705,false],"covernews-medium":["https:\/\/contextoanalisisperiodistico.com\/wp-content\/uploads\/2024\/08\/IMG-20240816-WA0060-540x340.jpg",540,340,true],"covernews-medium-square":["https:\/\/contextoanalisisperiodistico.com\/wp-content\/uploads\/2024\/08\/IMG-20240816-WA0060-400x250.jpg",400,250,true]},"author_info":{"display_name":"Mario Gir\u00f3n","author_link":"https:\/\/contextoanalisisperiodistico.com\/index.php\/author\/director\/"},"category_info":"<a href=\"https:\/\/contextoanalisisperiodistico.com\/index.php\/category\/salud\/\" rel=\"category tag\">Salud<\/a>","tag_info":"Salud","comment_count":"0","jetpack_featured_media_url":"https:\/\/contextoanalisisperiodistico.com\/wp-content\/uploads\/2024\/08\/IMG-20240816-WA0060.jpg","_links":{"self":[{"href":"https:\/\/contextoanalisisperiodistico.com\/index.php\/wp-json\/wp\/v2\/posts\/30385"}],"collection":[{"href":"https:\/\/contextoanalisisperiodistico.com\/index.php\/wp-json\/wp\/v2\/posts"}],"about":[{"href":"https:\/\/contextoanalisisperiodistico.com\/index.php\/wp-json\/wp\/v2\/types\/post"}],"author":[{"embeddable":true,"href":"https:\/\/contextoanalisisperiodistico.com\/index.php\/wp-json\/wp\/v2\/users\/4"}],"replies":[{"embeddable":true,"href":"https:\/\/contextoanalisisperiodistico.com\/index.php\/wp-json\/wp\/v2\/comments?post=30385"}],"version-history":[{"count":1,"href":"https:\/\/contextoanalisisperiodistico.com\/index.php\/wp-json\/wp\/v2\/posts\/30385\/revisions"}],"predecessor-version":[{"id":30386,"href":"https:\/\/contextoanalisisperiodistico.com\/index.php\/wp-json\/wp\/v2\/posts\/30385\/revisions\/30386"}],"wp:featuredmedia":[{"embeddable":true,"href":"https:\/\/contextoanalisisperiodistico.com\/index.php\/wp-json\/wp\/v2\/media\/30381"}],"wp:attachment":[{"href":"https:\/\/contextoanalisisperiodistico.com\/index.php\/wp-json\/wp\/v2\/media?parent=30385"}],"wp:term":[{"taxonomy":"category","embeddable":true,"href":"https:\/\/contextoanalisisperiodistico.com\/index.php\/wp-json\/wp\/v2\/categories?post=30385"},{"taxonomy":"post_tag","embeddable":true,"href":"https:\/\/contextoanalisisperiodistico.com\/index.php\/wp-json\/wp\/v2\/tags?post=30385"}],"curies":[{"name":"wp","href":"https:\/\/api.w.org\/{rel}","templated":true}]}}