{"id":30380,"date":"2024-08-16T19:49:49","date_gmt":"2024-08-17T01:49:49","guid":{"rendered":"https:\/\/contextoanalisisperiodistico.com\/index.php\/2024\/08\/16\/condecora-sso-a-79-trabajadoras-y-trabajadores-en-la-costa\/"},"modified":"2024-08-16T19:49:49","modified_gmt":"2024-08-17T01:49:49","slug":"condecora-sso-a-79-trabajadoras-y-trabajadores-en-la-costa","status":"publish","type":"post","link":"https:\/\/contextoanalisisperiodistico.com\/index.php\/2024\/08\/16\/condecora-sso-a-79-trabajadoras-y-trabajadores-en-la-costa\/","title":{"rendered":"Condecora SSO a 79 trabajadoras y trabajadores en la Costa"},"content":{"rendered":"<div id=\"fb-root\"><\/div>\n\n<p>\u2022 La titular de la dependencia reconoci\u00f3 la loable labor de quienes cumplieron 20 a 50 a\u00f1os de servicio en beneficio de la salud de la poblaci\u00f3n<\/p>\n\n\n\n<figure class=\"wp-block-image size-large\"><img fetchpriority=\"high\" decoding=\"async\" width=\"1024\" height=\"462\" src=\"https:\/\/contextoanalisisperiodistico.com\/wp-content\/uploads\/2024\/08\/img-20240816-wa00807268866233848714551-1024x462.jpg\" alt=\"\" class=\"wp-image-30378\" srcset=\"https:\/\/contextoanalisisperiodistico.com\/wp-content\/uploads\/2024\/08\/img-20240816-wa00807268866233848714551-1024x462.jpg 1024w, https:\/\/contextoanalisisperiodistico.com\/wp-content\/uploads\/2024\/08\/img-20240816-wa00807268866233848714551-300x135.jpg 300w, https:\/\/contextoanalisisperiodistico.com\/wp-content\/uploads\/2024\/08\/img-20240816-wa00807268866233848714551-768x347.jpg 768w, https:\/\/contextoanalisisperiodistico.com\/wp-content\/uploads\/2024\/08\/img-20240816-wa00807268866233848714551.jpg 1152w\" sizes=\"(max-width: 1024px) 100vw, 1024px\" \/><\/figure>\n\n\n\n<figure class=\"wp-block-image\"><img decoding=\"async\" width=\"300\" height=\"226\" src=\"https:\/\/contextoanalisisperiodistico.com\/wp-content\/uploads\/2024\/08\/img-20240816-wa00812873741809306610679-300x226.jpg\" alt=\"\" class=\"wp-image-30379\" srcset=\"https:\/\/contextoanalisisperiodistico.com\/wp-content\/uploads\/2024\/08\/img-20240816-wa00812873741809306610679-300x226.jpg 300w, https:\/\/contextoanalisisperiodistico.com\/wp-content\/uploads\/2024\/08\/img-20240816-wa00812873741809306610679-768x578.jpg 768w, https:\/\/contextoanalisisperiodistico.com\/wp-content\/uploads\/2024\/08\/img-20240816-wa00812873741809306610679.jpg 900w\" sizes=\"(max-width: 300px) 100vw, 300px\" \/><\/figure>\n\n\n\n<p>San Pedro Mixtepec, Oax. 16 de agosto de 2024.- En reconocimiento a la dedicaci\u00f3n y compromiso por a\u00f1os de servicio, la secretaria de Salud, Alma Lilia Velasco Hern\u00e1ndez condecor\u00f3 a 79 trabajadoras y trabajadores de la Jurisdicci\u00f3n Sanitaria 4 Costa, quienes recibieron medallas por el m\u00e9rito m\u00e1s importante al alcanzar un desempe\u00f1o laboral ininterrumpido de 20 a 50 a\u00f1os dentro de los Servicios de Salud de Oaxaca (SSO).<\/p>\n\n\n\n<p>Durante su mensaje a las y los galardonados, Velasco Hern\u00e1ndez manifest\u00f3 su reconocimiento y gratitud a todo el personal de la dependencia a su cargo, al tiempo que exhort\u00f3 a continuar con la labor que desarrollan al cuidado y atenci\u00f3n de la salud de la poblaci\u00f3n oaxaque\u00f1a.<\/p>\n\n\n\n<p>\u201cEn el sector salud, la vocaci\u00f3n de servicio es un compromiso diario para el bienestar de la ciudadan\u00eda, es por ello, que su dedicaci\u00f3n a esta causa merece nuestro reconocimiento y admiraci\u00f3n\u201d, ponder\u00f3.<\/p>\n\n\n\n<p>Afirm\u00f3 que la regi\u00f3n de la Costa presenta desaf\u00edos particulares, como las condiciones ambientales, geogr\u00e1ficas y epidemiol\u00f3gicas, propios de la demarcaci\u00f3n, de ah\u00ed que la labor de cada trabajadora y trabajador es crucial y fundamental para mejorar la calidad de vida de las familias y que los servicios lleguen a quienes m\u00e1s los necesitan.<\/p>\n\n\n\n<p>Asimismo, invit\u00f3 a las personas que recibieron las preseas a compartir su experiencia y sabidur\u00eda a las nuevas generaciones. \u201cLas y los compa\u00f1eros m\u00e1s j\u00f3venes encuentran en ustedes no solo colegas, sino mentores que les gu\u00edan y motivan en su diario desempe\u00f1o. La transmisi\u00f3n de sus conocimientos nos fortalece a todas y todos para perpetuar su legado en esta noble instituci\u00f3n\u201d.<\/p>\n\n\n\n<p>Finalmente, coment\u00f3 que los retos a los que se ha enfrentado el sector salud han sido muchos y diversos, sin embargo, siempre el personal ha privilegiado ejercer su profesi\u00f3n con \u00e9tica, responsabilidad, amor, constancia y esfuerzo, dedicado el sentido de su actuar a cuidar de la salud de las familias oaxaque\u00f1as.<\/p>\n\n\n\n<p>-0-<\/p>\n","protected":false},"excerpt":{"rendered":"<p>\u2022 La titular de la dependencia reconoci\u00f3 la loable labor de quienes cumplieron 20 a&#8230;<\/p>\n","protected":false},"author":4,"featured_media":30377,"comment_status":"","ping_status":"open","sticky":false,"template":"","format":"standard","meta":{"footnotes":""},"categories":[92],"tags":[],"jetpack_sharing_enabled":true,"featured_image_urls":{"full":["https:\/\/contextoanalisisperiodistico.com\/wp-content\/uploads\/2024\/08\/IMG-20240816-WA0079.jpg",1204,1600,false],"thumbnail":["https:\/\/contextoanalisisperiodistico.com\/wp-content\/uploads\/2024\/08\/IMG-20240816-WA0079-150x150.jpg",150,150,true],"medium":["https:\/\/contextoanalisisperiodistico.com\/wp-content\/uploads\/2024\/08\/IMG-20240816-WA0079-226x300.jpg",226,300,true],"medium_large":["https:\/\/contextoanalisisperiodistico.com\/wp-content\/uploads\/2024\/08\/IMG-20240816-WA0079-768x1021.jpg",640,851,true],"large":["https:\/\/contextoanalisisperiodistico.com\/wp-content\/uploads\/2024\/08\/IMG-20240816-WA0079-771x1024.jpg",640,850,true],"1536x1536":["https:\/\/contextoanalisisperiodistico.com\/wp-content\/uploads\/2024\/08\/IMG-20240816-WA0079-1156x1536.jpg",1156,1536,true],"2048x2048":["https:\/\/contextoanalisisperiodistico.com\/wp-content\/uploads\/2024\/08\/IMG-20240816-WA0079.jpg",1204,1600,false],"covernews-slider-full":["https:\/\/contextoanalisisperiodistico.com\/wp-content\/uploads\/2024\/08\/IMG-20240816-WA0079-1115x715.jpg",1115,715,true],"covernews-slider-center":["https:\/\/contextoanalisisperiodistico.com\/wp-content\/uploads\/2024\/08\/IMG-20240816-WA0079-800x500.jpg",800,500,true],"covernews-featured":["https:\/\/contextoanalisisperiodistico.com\/wp-content\/uploads\/2024\/08\/IMG-20240816-WA0079-1024x1361.jpg",1024,1361,true],"covernews-medium":["https:\/\/contextoanalisisperiodistico.com\/wp-content\/uploads\/2024\/08\/IMG-20240816-WA0079-540x340.jpg",540,340,true],"covernews-medium-square":["https:\/\/contextoanalisisperiodistico.com\/wp-content\/uploads\/2024\/08\/IMG-20240816-WA0079-400x250.jpg",400,250,true]},"author_info":{"display_name":"Mario Gir\u00f3n","author_link":"https:\/\/contextoanalisisperiodistico.com\/index.php\/author\/director\/"},"category_info":"<a href=\"https:\/\/contextoanalisisperiodistico.com\/index.php\/category\/salud\/\" rel=\"category tag\">Salud<\/a>","tag_info":"Salud","comment_count":"0","jetpack_featured_media_url":"https:\/\/contextoanalisisperiodistico.com\/wp-content\/uploads\/2024\/08\/IMG-20240816-WA0079.jpg","_links":{"self":[{"href":"https:\/\/contextoanalisisperiodistico.com\/index.php\/wp-json\/wp\/v2\/posts\/30380"}],"collection":[{"href":"https:\/\/contextoanalisisperiodistico.com\/index.php\/wp-json\/wp\/v2\/posts"}],"about":[{"href":"https:\/\/contextoanalisisperiodistico.com\/index.php\/wp-json\/wp\/v2\/types\/post"}],"author":[{"embeddable":true,"href":"https:\/\/contextoanalisisperiodistico.com\/index.php\/wp-json\/wp\/v2\/users\/4"}],"replies":[{"embeddable":true,"href":"https:\/\/contextoanalisisperiodistico.com\/index.php\/wp-json\/wp\/v2\/comments?post=30380"}],"version-history":[{"count":0,"href":"https:\/\/contextoanalisisperiodistico.com\/index.php\/wp-json\/wp\/v2\/posts\/30380\/revisions"}],"wp:featuredmedia":[{"embeddable":true,"href":"https:\/\/contextoanalisisperiodistico.com\/index.php\/wp-json\/wp\/v2\/media\/30377"}],"wp:attachment":[{"href":"https:\/\/contextoanalisisperiodistico.com\/index.php\/wp-json\/wp\/v2\/media?parent=30380"}],"wp:term":[{"taxonomy":"category","embeddable":true,"href":"https:\/\/contextoanalisisperiodistico.com\/index.php\/wp-json\/wp\/v2\/categories?post=30380"},{"taxonomy":"post_tag","embeddable":true,"href":"https:\/\/contextoanalisisperiodistico.com\/index.php\/wp-json\/wp\/v2\/tags?post=30380"}],"curies":[{"name":"wp","href":"https:\/\/api.w.org\/{rel}","templated":true}]}}