{"id":30369,"date":"2024-08-16T19:40:08","date_gmt":"2024-08-17T01:40:08","guid":{"rendered":"https:\/\/contextoanalisisperiodistico.com\/index.php\/2024\/08\/16\/mejoran-calidad-de-vida-de-100-familias-de-san-miguel-tilquiapam\/"},"modified":"2024-08-16T19:40:08","modified_gmt":"2024-08-17T01:40:08","slug":"mejoran-calidad-de-vida-de-100-familias-de-san-miguel-tilquiapam","status":"publish","type":"post","link":"https:\/\/contextoanalisisperiodistico.com\/index.php\/2024\/08\/16\/mejoran-calidad-de-vida-de-100-familias-de-san-miguel-tilquiapam\/","title":{"rendered":"Mejoran calidad de vida de 100 familias de San Miguel Tilqui\u00e1pam"},"content":{"rendered":"<div id=\"fb-root\"><\/div>\n\n<p>\u2022 Estas acciones empleadas por Vivienda Bienestar, forman parte del esquema Atenci\u00f3n a Municipios Territorios Bienestar<\/p>\n\n\n\n<figure class=\"wp-block-image size-large\"><img fetchpriority=\"high\" decoding=\"async\" width=\"1024\" height=\"867\" src=\"https:\/\/contextoanalisisperiodistico.com\/wp-content\/uploads\/2024\/08\/img-20240816-wa00951466547962668118130-1024x867.jpg\" alt=\"\" class=\"wp-image-30368\" srcset=\"https:\/\/contextoanalisisperiodistico.com\/wp-content\/uploads\/2024\/08\/img-20240816-wa00951466547962668118130-1024x867.jpg 1024w, https:\/\/contextoanalisisperiodistico.com\/wp-content\/uploads\/2024\/08\/img-20240816-wa00951466547962668118130-300x254.jpg 300w, https:\/\/contextoanalisisperiodistico.com\/wp-content\/uploads\/2024\/08\/img-20240816-wa00951466547962668118130-768x650.jpg 768w, https:\/\/contextoanalisisperiodistico.com\/wp-content\/uploads\/2024\/08\/img-20240816-wa00951466547962668118130.jpg 1063w\" sizes=\"(max-width: 1024px) 100vw, 1024px\" \/><\/figure>\n\n\n\n<figure class=\"wp-block-image\"><img decoding=\"async\" width=\"1024\" height=\"888\" src=\"https:\/\/contextoanalisisperiodistico.com\/wp-content\/uploads\/2024\/08\/img-20240816-wa00966347216506031583325-1024x888.jpg\" alt=\"\" class=\"wp-image-30367\" srcset=\"https:\/\/contextoanalisisperiodistico.com\/wp-content\/uploads\/2024\/08\/img-20240816-wa00966347216506031583325-1024x888.jpg 1024w, https:\/\/contextoanalisisperiodistico.com\/wp-content\/uploads\/2024\/08\/img-20240816-wa00966347216506031583325-300x260.jpg 300w, https:\/\/contextoanalisisperiodistico.com\/wp-content\/uploads\/2024\/08\/img-20240816-wa00966347216506031583325-768x666.jpg 768w, https:\/\/contextoanalisisperiodistico.com\/wp-content\/uploads\/2024\/08\/img-20240816-wa00966347216506031583325.jpg 1038w\" sizes=\"(max-width: 1024px) 100vw, 1024px\" \/><\/figure>\n\n\n\n<p>San Miguel Tilqui\u00e1pam, Oax. 16 de agosto de 2024.- Con una inversi\u00f3n de un mill\u00f3n 450 mil pesos, Vivienda Bienestar (Vibien) inaugur\u00f3 100 obras de piso firme a favor de 400 habitantes de esta municipalidad de la regi\u00f3n Valles Centrales.<\/p>\n\n\n\n<p>El director general de Vibien, Enrique Misael Feria Rodr\u00edguez indic\u00f3 que estas acciones se realizan en seguimiento al compromiso que el Gobernador Salom\u00f3n Jara Cruz estableci\u00f3 durante su gira de trabajo en esta demarcaci\u00f3n, como parte de la estrategia Atenci\u00f3n a Municipios Territorios Bienestar.<\/p>\n\n\n\n<p>\u201cEste esquema busca reparar la deuda hist\u00f3rica con las comunidades que durante a\u00f1os vivieron en situaci\u00f3n de rezago, marginaci\u00f3n y abandono; por ello, la Primavera Oaxaque\u00f1a seguir\u00e1 impactando en esta municipalidad\u201d, se\u00f1al\u00f3.<\/p>\n\n\n\n<p>Por su parte, la se\u00f1ora Dominga, beneficiaria de estas acciones, agradeci\u00f3 los trabajos, los cuales -dijo- no se hab\u00edan realizado con otras administraciones. \u201cEl d\u00eda de hoy mi familia y yo nos sentimos correspondidos por la confianza que le dimos al Gobernador de Oaxaca\u201d, manifest\u00f3.<\/p>\n\n\n\n<p>-0-<\/p>\n","protected":false},"excerpt":{"rendered":"<p>\u2022 Estas acciones empleadas por Vivienda Bienestar, forman parte del esquema Atenci\u00f3n a Municipios Territorios&#8230;<\/p>\n","protected":false},"author":4,"featured_media":30366,"comment_status":"","ping_status":"open","sticky":false,"template":"","format":"standard","meta":{"footnotes":""},"categories":[9],"tags":[],"jetpack_sharing_enabled":true,"featured_image_urls":{"full":["https:\/\/contextoanalisisperiodistico.com\/wp-content\/uploads\/2024\/08\/IMG-20240816-WA0097.jpg",900,600,false],"thumbnail":["https:\/\/contextoanalisisperiodistico.com\/wp-content\/uploads\/2024\/08\/IMG-20240816-WA0097-150x150.jpg",150,150,true],"medium":["https:\/\/contextoanalisisperiodistico.com\/wp-content\/uploads\/2024\/08\/IMG-20240816-WA0097-300x200.jpg",300,200,true],"medium_large":["https:\/\/contextoanalisisperiodistico.com\/wp-content\/uploads\/2024\/08\/IMG-20240816-WA0097-768x512.jpg",640,427,true],"large":["https:\/\/contextoanalisisperiodistico.com\/wp-content\/uploads\/2024\/08\/IMG-20240816-WA0097.jpg",640,427,false],"1536x1536":["https:\/\/contextoanalisisperiodistico.com\/wp-content\/uploads\/2024\/08\/IMG-20240816-WA0097.jpg",900,600,false],"2048x2048":["https:\/\/contextoanalisisperiodistico.com\/wp-content\/uploads\/2024\/08\/IMG-20240816-WA0097.jpg",900,600,false],"covernews-slider-full":["https:\/\/contextoanalisisperiodistico.com\/wp-content\/uploads\/2024\/08\/IMG-20240816-WA0097.jpg",900,600,false],"covernews-slider-center":["https:\/\/contextoanalisisperiodistico.com\/wp-content\/uploads\/2024\/08\/IMG-20240816-WA0097-800x500.jpg",800,500,true],"covernews-featured":["https:\/\/contextoanalisisperiodistico.com\/wp-content\/uploads\/2024\/08\/IMG-20240816-WA0097.jpg",900,600,false],"covernews-medium":["https:\/\/contextoanalisisperiodistico.com\/wp-content\/uploads\/2024\/08\/IMG-20240816-WA0097-540x340.jpg",540,340,true],"covernews-medium-square":["https:\/\/contextoanalisisperiodistico.com\/wp-content\/uploads\/2024\/08\/IMG-20240816-WA0097-400x250.jpg",400,250,true]},"author_info":{"display_name":"Mario Gir\u00f3n","author_link":"https:\/\/contextoanalisisperiodistico.com\/index.php\/author\/director\/"},"category_info":"<a href=\"https:\/\/contextoanalisisperiodistico.com\/index.php\/category\/politica\/\" rel=\"category tag\">Pol\u00edtica<\/a>","tag_info":"Pol\u00edtica","comment_count":"0","jetpack_featured_media_url":"https:\/\/contextoanalisisperiodistico.com\/wp-content\/uploads\/2024\/08\/IMG-20240816-WA0097.jpg","_links":{"self":[{"href":"https:\/\/contextoanalisisperiodistico.com\/index.php\/wp-json\/wp\/v2\/posts\/30369"}],"collection":[{"href":"https:\/\/contextoanalisisperiodistico.com\/index.php\/wp-json\/wp\/v2\/posts"}],"about":[{"href":"https:\/\/contextoanalisisperiodistico.com\/index.php\/wp-json\/wp\/v2\/types\/post"}],"author":[{"embeddable":true,"href":"https:\/\/contextoanalisisperiodistico.com\/index.php\/wp-json\/wp\/v2\/users\/4"}],"replies":[{"embeddable":true,"href":"https:\/\/contextoanalisisperiodistico.com\/index.php\/wp-json\/wp\/v2\/comments?post=30369"}],"version-history":[{"count":0,"href":"https:\/\/contextoanalisisperiodistico.com\/index.php\/wp-json\/wp\/v2\/posts\/30369\/revisions"}],"wp:featuredmedia":[{"embeddable":true,"href":"https:\/\/contextoanalisisperiodistico.com\/index.php\/wp-json\/wp\/v2\/media\/30366"}],"wp:attachment":[{"href":"https:\/\/contextoanalisisperiodistico.com\/index.php\/wp-json\/wp\/v2\/media?parent=30369"}],"wp:term":[{"taxonomy":"category","embeddable":true,"href":"https:\/\/contextoanalisisperiodistico.com\/index.php\/wp-json\/wp\/v2\/categories?post=30369"},{"taxonomy":"post_tag","embeddable":true,"href":"https:\/\/contextoanalisisperiodistico.com\/index.php\/wp-json\/wp\/v2\/tags?post=30369"}],"curies":[{"name":"wp","href":"https:\/\/api.w.org\/{rel}","templated":true}]}}