{"id":30353,"date":"2024-08-16T14:48:38","date_gmt":"2024-08-16T20:48:38","guid":{"rendered":"https:\/\/contextoanalisisperiodistico.com\/index.php\/2024\/08\/16\/eligen-en-oaxaca-de-juarez-a-la-america-y-su-coro-2024\/"},"modified":"2024-08-16T14:48:38","modified_gmt":"2024-08-16T20:48:38","slug":"eligen-en-oaxaca-de-juarez-a-la-america-y-su-coro-2024","status":"publish","type":"post","link":"https:\/\/contextoanalisisperiodistico.com\/index.php\/2024\/08\/16\/eligen-en-oaxaca-de-juarez-a-la-america-y-su-coro-2024\/","title":{"rendered":"Eligen en Oaxaca de Ju\u00e1rez a la \u201cAm\u00e9rica y su Coro 2024\u201d"},"content":{"rendered":"<div id=\"fb-root\"><\/div>\n\n<p>&#8211;&nbsp; Se eligi\u00f3 a Janeth Karime Morales Mart\u00ednez como Am\u00e9rica 2024 y a Mariana Sampedro Cuevas y Michelle Hayde\u00e9 Hern\u00e1ndez Cort\u00e9s, como integrantes del Coro<\/p>\n\n\n\n<figure class=\"wp-block-image size-large\"><img fetchpriority=\"high\" decoding=\"async\" width=\"1024\" height=\"684\" src=\"https:\/\/contextoanalisisperiodistico.com\/wp-content\/uploads\/2024\/08\/fotoblt1608242944136293764493353-1024x684.jpg\" alt=\"\" class=\"wp-image-30351\" srcset=\"https:\/\/contextoanalisisperiodistico.com\/wp-content\/uploads\/2024\/08\/fotoblt1608242944136293764493353-1024x684.jpg 1024w, https:\/\/contextoanalisisperiodistico.com\/wp-content\/uploads\/2024\/08\/fotoblt1608242944136293764493353-300x200.jpg 300w, https:\/\/contextoanalisisperiodistico.com\/wp-content\/uploads\/2024\/08\/fotoblt1608242944136293764493353-768x513.jpg 768w, https:\/\/contextoanalisisperiodistico.com\/wp-content\/uploads\/2024\/08\/fotoblt1608242944136293764493353-1536x1027.jpg 1536w, https:\/\/contextoanalisisperiodistico.com\/wp-content\/uploads\/2024\/08\/fotoblt1608242944136293764493353.jpg 1616w\" sizes=\"(max-width: 1024px) 100vw, 1024px\" \/><\/figure>\n\n\n\n<figure class=\"wp-block-image\"><img decoding=\"async\" width=\"1024\" height=\"684\" src=\"https:\/\/contextoanalisisperiodistico.com\/wp-content\/uploads\/2024\/08\/fotoblt160824283298240040265486818522-1024x684.jpg\" alt=\"\" class=\"wp-image-30352\" srcset=\"https:\/\/contextoanalisisperiodistico.com\/wp-content\/uploads\/2024\/08\/fotoblt160824283298240040265486818522-1024x684.jpg 1024w, https:\/\/contextoanalisisperiodistico.com\/wp-content\/uploads\/2024\/08\/fotoblt160824283298240040265486818522-300x200.jpg 300w, https:\/\/contextoanalisisperiodistico.com\/wp-content\/uploads\/2024\/08\/fotoblt160824283298240040265486818522-768x513.jpg 768w, https:\/\/contextoanalisisperiodistico.com\/wp-content\/uploads\/2024\/08\/fotoblt160824283298240040265486818522-1536x1027.jpg 1536w, https:\/\/contextoanalisisperiodistico.com\/wp-content\/uploads\/2024\/08\/fotoblt160824283298240040265486818522.jpg 1616w\" sizes=\"(max-width: 1024px) 100vw, 1024px\" \/><\/figure>\n\n\n\n<p>Oaxaca de Ju\u00e1rez, Oaxaca, a 16 de agosto de 2024.- Con la destacada participaci\u00f3n de 16 talentosas capitalinas, el Ayuntamiento de Oaxaca de Ju\u00e1rez a trav\u00e9s de la Secretar\u00eda Municipal y luego de un proceso de deliberaci\u00f3n a cargo del jurado calificador, eligi\u00f3 a las 3 ganadoras del certamen \u201cAm\u00e9rica y su Coro 2024\u201d.&nbsp;<\/p>\n\n\n\n<p>De manos del Presidente Municipal, Francisco Mart\u00ednez Neri, las capitalinas Janeth Karime Morales Mart\u00ednez, Mariana Sampedro Cuevas y Michelle Hayde\u00e9 Hern\u00e1ndez Cort\u00e9s, recibieron el reconocimiento de Am\u00e9rica e integrantes de su coro 2024, respectivamente.&nbsp;<\/p>\n\n\n\n<p>En el Segundo Patio del Palacio Municipal, el edil capitalino reconoci\u00f3 el esfuerzo y talento de las participantes, as\u00ed como el respaldo familiar que hace posible la participaci\u00f3n de las mujeres en actividades que coadyuvan positivamente en su formaci\u00f3n personal.&nbsp;<\/p>\n\n\n\n<p>\u201cNo cabe duda que una actividad de esta naturaleza tiene que estar respaldada necesariamente por los familiares, por los amigos cercanos, quienes animan y empujan las actuaciones que luego se vuelven trascendentes para la vida familiar, pero tambi\u00e9n para la vida social\u201d, asever\u00f3 Mart\u00ednez Neri junto a la Secretaria Municipal, Edith Elena Rodr\u00edguez Escobar.&nbsp;<\/p>\n\n\n\n<p>Las tres oaxaque\u00f1as residentes de la ciudad capital, entonar\u00e1n las notas del Himno Nacional Mexicano en las ceremonias c\u00edvicas que se realicen en Oaxaca de Ju\u00e1rez en el marco de septiembre, mes de la patria, con lo que se busca fortalecer los lazos c\u00edvico \u2013 patri\u00f3ticos de las capitalinas y los capitalinos.&nbsp;<\/p>\n\n\n\n<p>Adem\u00e1s de ser representantes capitalinas, las ganadoras fueron acreedoras a est\u00edmulos econ\u00f3micos por 15 mil, 10 mil y 5 mil pesos, respectivamente.&nbsp;<\/p>\n\n\n\n<p>Las y los invitados de honor que asistieron al concurso son: la S\u00edndica Primera, Nancy Belem Mota Figueroa; la Secretaria de Arte y Cultura del Ayuntamiento, Leticia Iv\u00f3n Valle Mij\u00e1ngos; el Director del Coro de la Ciudad, Israel David Rivera Ca\u00f1as.&nbsp;<\/p>\n\n\n\n<p>As\u00ed como los integrantes del jurado: Eliseo Mart\u00ednez Garc\u00eda, Director de la Orquesta del Estado de Oaxaca y fundador de la Orquesta Primavera; H\u00e9ctor Gregorio Cort\u00e9s Reyes, Director de la Banda de M\u00fasica Azul de Oaxaca, Lino Enrique Vargas Trinidad, maestro de m\u00fasica; y Carol Lavariega, maestra de canto.<\/p>\n","protected":false},"excerpt":{"rendered":"<p>&#8211;&nbsp; Se eligi\u00f3 a Janeth Karime Morales Mart\u00ednez como Am\u00e9rica 2024 y a Mariana Sampedro&#8230;<\/p>\n","protected":false},"author":4,"featured_media":30350,"comment_status":"","ping_status":"open","sticky":false,"template":"","format":"standard","meta":{"footnotes":""},"categories":[9],"tags":[],"jetpack_sharing_enabled":true,"featured_image_urls":{"full":["https:\/\/contextoanalisisperiodistico.com\/wp-content\/uploads\/2024\/08\/FOTOBLT16082428229.jpg",1616,1080,false],"thumbnail":["https:\/\/contextoanalisisperiodistico.com\/wp-content\/uploads\/2024\/08\/FOTOBLT16082428229-150x150.jpg",150,150,true],"medium":["https:\/\/contextoanalisisperiodistico.com\/wp-content\/uploads\/2024\/08\/FOTOBLT16082428229-300x200.jpg",300,200,true],"medium_large":["https:\/\/contextoanalisisperiodistico.com\/wp-content\/uploads\/2024\/08\/FOTOBLT16082428229-768x513.jpg",640,428,true],"large":["https:\/\/contextoanalisisperiodistico.com\/wp-content\/uploads\/2024\/08\/FOTOBLT16082428229-1024x684.jpg",640,428,true],"1536x1536":["https:\/\/contextoanalisisperiodistico.com\/wp-content\/uploads\/2024\/08\/FOTOBLT16082428229-1536x1027.jpg",1536,1027,true],"2048x2048":["https:\/\/contextoanalisisperiodistico.com\/wp-content\/uploads\/2024\/08\/FOTOBLT16082428229.jpg",1616,1080,false],"covernews-slider-full":["https:\/\/contextoanalisisperiodistico.com\/wp-content\/uploads\/2024\/08\/FOTOBLT16082428229-1115x715.jpg",1115,715,true],"covernews-slider-center":["https:\/\/contextoanalisisperiodistico.com\/wp-content\/uploads\/2024\/08\/FOTOBLT16082428229-800x500.jpg",800,500,true],"covernews-featured":["https:\/\/contextoanalisisperiodistico.com\/wp-content\/uploads\/2024\/08\/FOTOBLT16082428229-1024x684.jpg",1024,684,true],"covernews-medium":["https:\/\/contextoanalisisperiodistico.com\/wp-content\/uploads\/2024\/08\/FOTOBLT16082428229-540x340.jpg",540,340,true],"covernews-medium-square":["https:\/\/contextoanalisisperiodistico.com\/wp-content\/uploads\/2024\/08\/FOTOBLT16082428229-400x250.jpg",400,250,true]},"author_info":{"display_name":"Mario Gir\u00f3n","author_link":"https:\/\/contextoanalisisperiodistico.com\/index.php\/author\/director\/"},"category_info":"<a href=\"https:\/\/contextoanalisisperiodistico.com\/index.php\/category\/politica\/\" rel=\"category tag\">Pol\u00edtica<\/a>","tag_info":"Pol\u00edtica","comment_count":"0","jetpack_featured_media_url":"https:\/\/contextoanalisisperiodistico.com\/wp-content\/uploads\/2024\/08\/FOTOBLT16082428229.jpg","_links":{"self":[{"href":"https:\/\/contextoanalisisperiodistico.com\/index.php\/wp-json\/wp\/v2\/posts\/30353"}],"collection":[{"href":"https:\/\/contextoanalisisperiodistico.com\/index.php\/wp-json\/wp\/v2\/posts"}],"about":[{"href":"https:\/\/contextoanalisisperiodistico.com\/index.php\/wp-json\/wp\/v2\/types\/post"}],"author":[{"embeddable":true,"href":"https:\/\/contextoanalisisperiodistico.com\/index.php\/wp-json\/wp\/v2\/users\/4"}],"replies":[{"embeddable":true,"href":"https:\/\/contextoanalisisperiodistico.com\/index.php\/wp-json\/wp\/v2\/comments?post=30353"}],"version-history":[{"count":0,"href":"https:\/\/contextoanalisisperiodistico.com\/index.php\/wp-json\/wp\/v2\/posts\/30353\/revisions"}],"wp:featuredmedia":[{"embeddable":true,"href":"https:\/\/contextoanalisisperiodistico.com\/index.php\/wp-json\/wp\/v2\/media\/30350"}],"wp:attachment":[{"href":"https:\/\/contextoanalisisperiodistico.com\/index.php\/wp-json\/wp\/v2\/media?parent=30353"}],"wp:term":[{"taxonomy":"category","embeddable":true,"href":"https:\/\/contextoanalisisperiodistico.com\/index.php\/wp-json\/wp\/v2\/categories?post=30353"},{"taxonomy":"post_tag","embeddable":true,"href":"https:\/\/contextoanalisisperiodistico.com\/index.php\/wp-json\/wp\/v2\/tags?post=30353"}],"curies":[{"name":"wp","href":"https:\/\/api.w.org\/{rel}","templated":true}]}}