{"id":30337,"date":"2024-08-16T10:33:52","date_gmt":"2024-08-16T16:33:52","guid":{"rendered":"https:\/\/contextoanalisisperiodistico.com\/index.php\/2024\/08\/16\/oaxaca-sera-sede-de-los-juegos-nacionales-populares-2024\/"},"modified":"2024-08-16T10:33:52","modified_gmt":"2024-08-16T16:33:52","slug":"oaxaca-sera-sede-de-los-juegos-nacionales-populares-2024","status":"publish","type":"post","link":"https:\/\/contextoanalisisperiodistico.com\/index.php\/2024\/08\/16\/oaxaca-sera-sede-de-los-juegos-nacionales-populares-2024\/","title":{"rendered":"Oaxaca ser\u00e1 sede de los Juegos Nacionales Populares 2024"},"content":{"rendered":"<div id=\"fb-root\"><\/div>\n\n<p>\u2022 Del 19 al 25 de agosto la Verde Antequera recibir\u00e1 a m\u00e1s de 3 mil atletas del pa\u00eds<\/p>\n\n\n\n<p>\u2022 Competir\u00e1n deportistas entre los 10 y 25 a\u00f1os de 29 estados de la Rep\u00fablica Mexicana<\/p>\n\n\n\n<p>Oaxaca de Ju\u00e1rez, Oax. 16 de agosto de 2024.- Oaxaca ser\u00e1 sede de los Juegos Nacionales Populares 2024, que reunir\u00e1 a m\u00e1s de 3 mil atletas de 29 estados del pa\u00eds, de 10 y 25 a\u00f1os de edad, para competir en las disciplinas de f\u00fatbol popular, boxeo popular, bandera blanca y artes marciales populares.<\/p>\n\n\n\n<p>Este encuentro nacional se desarrollar\u00e1 del 18 al 26 de agosto en el Polideportivo Venustiano Carranza, el Complejo Deportivo Hermanos Flores Mag\u00f3n y el Instituto Tecnol\u00f3gico de Oaxaca.<\/p>\n\n\n\n<p>El titular del Instituto del Deporte (Indeporte) Arturo de Jes\u00fas Ch\u00e1vez, dio a conocer que la inauguraci\u00f3n de esta justa deportiva est\u00e1 programada para el 19 de agosto a las 19:00 horas en las instalaciones del Complejo Deportivo Hermanos Flores Mag\u00f3n de la capital oaxaque\u00f1a.<\/p>\n\n\n\n<p>Los Juegos Nacionales Populares surgieron hace 17 a\u00f1os con la premisa de brindar un espacio de competencia a las y los atletas que no forman parte de asociaciones deportivas constituidas de manera oficial y realizan la pr\u00e1ctica de sus disciplinas en el contexto popular de las comunidades de alta marginaci\u00f3n.<\/p>\n\n\n\n<p>Con ello se impulsa la masificaci\u00f3n del deporte organizado con el objetivo de respaldar el derecho de las ni\u00f1as, ni\u00f1os y j\u00f3venes a practicar una disciplina para limitar los vicios que las diferentes problem\u00e1ticas econ\u00f3micas y psicogeogr\u00e1ficas pueden generar en los n\u00facleos sociales y al mismo tiempo desarrollar los m\u00e1s altos valores en las infancias y juventudes.<\/p>\n\n\n\n<p>-0-<\/p>\n","protected":false},"excerpt":{"rendered":"<p>\u2022 Del 19 al 25 de agosto la Verde Antequera recibir\u00e1 a m\u00e1s de 3&#8230;<\/p>\n","protected":false},"author":4,"featured_media":30336,"comment_status":"","ping_status":"open","sticky":false,"template":"","format":"standard","meta":{"footnotes":""},"categories":[5],"tags":[],"jetpack_sharing_enabled":true,"featured_image_urls":{"full":["https:\/\/contextoanalisisperiodistico.com\/wp-content\/uploads\/2024\/08\/IMG-20240816-WA0016.jpg",720,900,false],"thumbnail":["https:\/\/contextoanalisisperiodistico.com\/wp-content\/uploads\/2024\/08\/IMG-20240816-WA0016-150x150.jpg",150,150,true],"medium":["https:\/\/contextoanalisisperiodistico.com\/wp-content\/uploads\/2024\/08\/IMG-20240816-WA0016-240x300.jpg",240,300,true],"medium_large":["https:\/\/contextoanalisisperiodistico.com\/wp-content\/uploads\/2024\/08\/IMG-20240816-WA0016.jpg",640,800,false],"large":["https:\/\/contextoanalisisperiodistico.com\/wp-content\/uploads\/2024\/08\/IMG-20240816-WA0016.jpg",640,800,false],"1536x1536":["https:\/\/contextoanalisisperiodistico.com\/wp-content\/uploads\/2024\/08\/IMG-20240816-WA0016.jpg",720,900,false],"2048x2048":["https:\/\/contextoanalisisperiodistico.com\/wp-content\/uploads\/2024\/08\/IMG-20240816-WA0016.jpg",720,900,false],"covernews-slider-full":["https:\/\/contextoanalisisperiodistico.com\/wp-content\/uploads\/2024\/08\/IMG-20240816-WA0016-720x715.jpg",720,715,true],"covernews-slider-center":["https:\/\/contextoanalisisperiodistico.com\/wp-content\/uploads\/2024\/08\/IMG-20240816-WA0016-720x500.jpg",720,500,true],"covernews-featured":["https:\/\/contextoanalisisperiodistico.com\/wp-content\/uploads\/2024\/08\/IMG-20240816-WA0016.jpg",720,900,false],"covernews-medium":["https:\/\/contextoanalisisperiodistico.com\/wp-content\/uploads\/2024\/08\/IMG-20240816-WA0016-540x340.jpg",540,340,true],"covernews-medium-square":["https:\/\/contextoanalisisperiodistico.com\/wp-content\/uploads\/2024\/08\/IMG-20240816-WA0016-400x250.jpg",400,250,true]},"author_info":{"display_name":"Mario Gir\u00f3n","author_link":"https:\/\/contextoanalisisperiodistico.com\/index.php\/author\/director\/"},"category_info":"<a href=\"https:\/\/contextoanalisisperiodistico.com\/index.php\/category\/deportes\/\" rel=\"category tag\">Deportes<\/a>","tag_info":"Deportes","comment_count":"0","jetpack_featured_media_url":"https:\/\/contextoanalisisperiodistico.com\/wp-content\/uploads\/2024\/08\/IMG-20240816-WA0016.jpg","_links":{"self":[{"href":"https:\/\/contextoanalisisperiodistico.com\/index.php\/wp-json\/wp\/v2\/posts\/30337"}],"collection":[{"href":"https:\/\/contextoanalisisperiodistico.com\/index.php\/wp-json\/wp\/v2\/posts"}],"about":[{"href":"https:\/\/contextoanalisisperiodistico.com\/index.php\/wp-json\/wp\/v2\/types\/post"}],"author":[{"embeddable":true,"href":"https:\/\/contextoanalisisperiodistico.com\/index.php\/wp-json\/wp\/v2\/users\/4"}],"replies":[{"embeddable":true,"href":"https:\/\/contextoanalisisperiodistico.com\/index.php\/wp-json\/wp\/v2\/comments?post=30337"}],"version-history":[{"count":0,"href":"https:\/\/contextoanalisisperiodistico.com\/index.php\/wp-json\/wp\/v2\/posts\/30337\/revisions"}],"wp:featuredmedia":[{"embeddable":true,"href":"https:\/\/contextoanalisisperiodistico.com\/index.php\/wp-json\/wp\/v2\/media\/30336"}],"wp:attachment":[{"href":"https:\/\/contextoanalisisperiodistico.com\/index.php\/wp-json\/wp\/v2\/media?parent=30337"}],"wp:term":[{"taxonomy":"category","embeddable":true,"href":"https:\/\/contextoanalisisperiodistico.com\/index.php\/wp-json\/wp\/v2\/categories?post=30337"},{"taxonomy":"post_tag","embeddable":true,"href":"https:\/\/contextoanalisisperiodistico.com\/index.php\/wp-json\/wp\/v2\/tags?post=30337"}],"curies":[{"name":"wp","href":"https:\/\/api.w.org\/{rel}","templated":true}]}}