{"id":30278,"date":"2024-08-15T10:32:00","date_gmt":"2024-08-15T16:32:00","guid":{"rendered":"https:\/\/contextoanalisisperiodistico.com\/index.php\/2024\/08\/15\/utvco-se-suma-a-la-jornada-nacional-de-salud-publica-2024\/"},"modified":"2024-08-15T10:32:00","modified_gmt":"2024-08-15T16:32:00","slug":"utvco-se-suma-a-la-jornada-nacional-de-salud-publica-2024","status":"publish","type":"post","link":"https:\/\/contextoanalisisperiodistico.com\/index.php\/2024\/08\/15\/utvco-se-suma-a-la-jornada-nacional-de-salud-publica-2024\/","title":{"rendered":"UTVCO se suma a la Jornada Nacional de Salud P\u00fablica 2024"},"content":{"rendered":"<div id=\"fb-root\"><\/div>\n\n<p>\u2022 Se present\u00f3 un repelente fabricado a partir de materiales naturales para evitar las picaduras de mosquitos<\/p>\n\n\n\n<figure class=\"wp-block-image size-large\"><img fetchpriority=\"high\" decoding=\"async\" width=\"1024\" height=\"767\" src=\"https:\/\/contextoanalisisperiodistico.com\/wp-content\/uploads\/2024\/08\/img-20240814-wa00796574756791051513153-1024x767.jpg\" alt=\"\" class=\"wp-image-30275\" srcset=\"https:\/\/contextoanalisisperiodistico.com\/wp-content\/uploads\/2024\/08\/img-20240814-wa00796574756791051513153-1024x767.jpg 1024w, https:\/\/contextoanalisisperiodistico.com\/wp-content\/uploads\/2024\/08\/img-20240814-wa00796574756791051513153-300x225.jpg 300w, https:\/\/contextoanalisisperiodistico.com\/wp-content\/uploads\/2024\/08\/img-20240814-wa00796574756791051513153-768x575.jpg 768w, https:\/\/contextoanalisisperiodistico.com\/wp-content\/uploads\/2024\/08\/img-20240814-wa00796574756791051513153.jpg 1440w\" sizes=\"(max-width: 1024px) 100vw, 1024px\" \/><\/figure>\n\n\n\n<figure class=\"wp-block-image\"><img decoding=\"async\" width=\"1024\" height=\"768\" src=\"https:\/\/contextoanalisisperiodistico.com\/wp-content\/uploads\/2024\/08\/img-20240814-wa00781904741754181871545-1024x768.jpg\" alt=\"\" class=\"wp-image-30276\" srcset=\"https:\/\/contextoanalisisperiodistico.com\/wp-content\/uploads\/2024\/08\/img-20240814-wa00781904741754181871545-1024x768.jpg 1024w, https:\/\/contextoanalisisperiodistico.com\/wp-content\/uploads\/2024\/08\/img-20240814-wa00781904741754181871545-300x225.jpg 300w, https:\/\/contextoanalisisperiodistico.com\/wp-content\/uploads\/2024\/08\/img-20240814-wa00781904741754181871545-768x576.jpg 768w, https:\/\/contextoanalisisperiodistico.com\/wp-content\/uploads\/2024\/08\/img-20240814-wa00781904741754181871545.jpg 1440w\" sizes=\"(max-width: 1024px) 100vw, 1024px\" \/><\/figure>\n\n\n\n<figure class=\"wp-block-image\"><img decoding=\"async\" width=\"1024\" height=\"767\" src=\"https:\/\/contextoanalisisperiodistico.com\/wp-content\/uploads\/2024\/08\/img-20240814-wa00773512913494811290589-1024x767.jpg\" alt=\"\" class=\"wp-image-30277\" srcset=\"https:\/\/contextoanalisisperiodistico.com\/wp-content\/uploads\/2024\/08\/img-20240814-wa00773512913494811290589-1024x767.jpg 1024w, https:\/\/contextoanalisisperiodistico.com\/wp-content\/uploads\/2024\/08\/img-20240814-wa00773512913494811290589-300x225.jpg 300w, https:\/\/contextoanalisisperiodistico.com\/wp-content\/uploads\/2024\/08\/img-20240814-wa00773512913494811290589-768x575.jpg 768w, https:\/\/contextoanalisisperiodistico.com\/wp-content\/uploads\/2024\/08\/img-20240814-wa00773512913494811290589.jpg 1440w\" sizes=\"(max-width: 1024px) 100vw, 1024px\" \/><\/figure>\n\n\n\n<p>San Pablo Huixtepec, Oax., 14 de agosto de 2024.- Con el objetivo de informar y atender a la comunidad de San Pablo Huixtepec en temas de salud, la Universidad Tecnol\u00f3gica de los Valles Centrales de Oaxaca (UTVCO) se sum\u00f3 a la Jornada Nacional de Salud P\u00fablica 2024, convocada por Servicios de Salud P\u00fablica de Oaxaca (SSO).<\/p>\n\n\n\n<p>La Unidad de Servicios M\u00e9dicos de la universidad present\u00f3 un repelente elaborado a partir de componentes naturales, para impedir la picadura de zancudos transmisores de zika, chikungunya y dengue.<\/p>\n\n\n\n<p>Este proyecto se mostr\u00f3 a las y los asistentes, autoridades municipales y a la titular de la dependencia, Alma Lilia Velasco Hern\u00e1ndez, quienes mostraron inter\u00e9s en el desarrollo, implementaci\u00f3n y adquisici\u00f3n del producto.<\/p>\n\n\n\n<p>Esta propuesta form\u00f3 parte de las iniciativas para prevenir las patolog\u00edas transmitidas por vectores, y que afectan a la ciudadan\u00eda en general.<\/p>\n\n\n\n<p>De esta manera, la UTVCO coadyuva en acciones para el beneficio de la salud p\u00fablica, cumpliendo con el objetivo de colaborar y contribuir con la poblaci\u00f3n que aloja a esta casa de estudios, mediante el conocimiento pr\u00e1ctico, la tecnolog\u00eda y acciones sustentables.<\/p>\n\n\n\n<p>-0-<\/p>\n","protected":false},"excerpt":{"rendered":"<p>\u2022 Se present\u00f3 un repelente fabricado a partir de materiales naturales para evitar las picaduras&#8230;<\/p>\n","protected":false},"author":4,"featured_media":30274,"comment_status":"","ping_status":"open","sticky":false,"template":"","format":"standard","meta":{"footnotes":""},"categories":[92],"tags":[],"jetpack_sharing_enabled":true,"featured_image_urls":{"full":["https:\/\/contextoanalisisperiodistico.com\/wp-content\/uploads\/2024\/08\/IMG-20240814-WA0076.jpg",1440,1078,false],"thumbnail":["https:\/\/contextoanalisisperiodistico.com\/wp-content\/uploads\/2024\/08\/IMG-20240814-WA0076-150x150.jpg",150,150,true],"medium":["https:\/\/contextoanalisisperiodistico.com\/wp-content\/uploads\/2024\/08\/IMG-20240814-WA0076-300x225.jpg",300,225,true],"medium_large":["https:\/\/contextoanalisisperiodistico.com\/wp-content\/uploads\/2024\/08\/IMG-20240814-WA0076-768x575.jpg",640,479,true],"large":["https:\/\/contextoanalisisperiodistico.com\/wp-content\/uploads\/2024\/08\/IMG-20240814-WA0076-1024x767.jpg",640,479,true],"1536x1536":["https:\/\/contextoanalisisperiodistico.com\/wp-content\/uploads\/2024\/08\/IMG-20240814-WA0076.jpg",1440,1078,false],"2048x2048":["https:\/\/contextoanalisisperiodistico.com\/wp-content\/uploads\/2024\/08\/IMG-20240814-WA0076.jpg",1440,1078,false],"covernews-slider-full":["https:\/\/contextoanalisisperiodistico.com\/wp-content\/uploads\/2024\/08\/IMG-20240814-WA0076-1115x715.jpg",1115,715,true],"covernews-slider-center":["https:\/\/contextoanalisisperiodistico.com\/wp-content\/uploads\/2024\/08\/IMG-20240814-WA0076-800x500.jpg",800,500,true],"covernews-featured":["https:\/\/contextoanalisisperiodistico.com\/wp-content\/uploads\/2024\/08\/IMG-20240814-WA0076-1024x767.jpg",1024,767,true],"covernews-medium":["https:\/\/contextoanalisisperiodistico.com\/wp-content\/uploads\/2024\/08\/IMG-20240814-WA0076-540x340.jpg",540,340,true],"covernews-medium-square":["https:\/\/contextoanalisisperiodistico.com\/wp-content\/uploads\/2024\/08\/IMG-20240814-WA0076-400x250.jpg",400,250,true]},"author_info":{"display_name":"Mario Gir\u00f3n","author_link":"https:\/\/contextoanalisisperiodistico.com\/index.php\/author\/director\/"},"category_info":"<a href=\"https:\/\/contextoanalisisperiodistico.com\/index.php\/category\/salud\/\" rel=\"category tag\">Salud<\/a>","tag_info":"Salud","comment_count":"0","jetpack_featured_media_url":"https:\/\/contextoanalisisperiodistico.com\/wp-content\/uploads\/2024\/08\/IMG-20240814-WA0076.jpg","_links":{"self":[{"href":"https:\/\/contextoanalisisperiodistico.com\/index.php\/wp-json\/wp\/v2\/posts\/30278"}],"collection":[{"href":"https:\/\/contextoanalisisperiodistico.com\/index.php\/wp-json\/wp\/v2\/posts"}],"about":[{"href":"https:\/\/contextoanalisisperiodistico.com\/index.php\/wp-json\/wp\/v2\/types\/post"}],"author":[{"embeddable":true,"href":"https:\/\/contextoanalisisperiodistico.com\/index.php\/wp-json\/wp\/v2\/users\/4"}],"replies":[{"embeddable":true,"href":"https:\/\/contextoanalisisperiodistico.com\/index.php\/wp-json\/wp\/v2\/comments?post=30278"}],"version-history":[{"count":0,"href":"https:\/\/contextoanalisisperiodistico.com\/index.php\/wp-json\/wp\/v2\/posts\/30278\/revisions"}],"wp:featuredmedia":[{"embeddable":true,"href":"https:\/\/contextoanalisisperiodistico.com\/index.php\/wp-json\/wp\/v2\/media\/30274"}],"wp:attachment":[{"href":"https:\/\/contextoanalisisperiodistico.com\/index.php\/wp-json\/wp\/v2\/media?parent=30278"}],"wp:term":[{"taxonomy":"category","embeddable":true,"href":"https:\/\/contextoanalisisperiodistico.com\/index.php\/wp-json\/wp\/v2\/categories?post=30278"},{"taxonomy":"post_tag","embeddable":true,"href":"https:\/\/contextoanalisisperiodistico.com\/index.php\/wp-json\/wp\/v2\/tags?post=30278"}],"curies":[{"name":"wp","href":"https:\/\/api.w.org\/{rel}","templated":true}]}}