{"id":30267,"date":"2024-08-14T21:49:49","date_gmt":"2024-08-15T03:49:49","guid":{"rendered":"https:\/\/contextoanalisisperiodistico.com\/index.php\/2024\/08\/14\/cuenta-santos-reyes-papalo-con-nuevas-oportunidades-de-desarrollo\/"},"modified":"2024-08-14T21:49:49","modified_gmt":"2024-08-15T03:49:49","slug":"cuenta-santos-reyes-papalo-con-nuevas-oportunidades-de-desarrollo","status":"publish","type":"post","link":"https:\/\/contextoanalisisperiodistico.com\/index.php\/2024\/08\/14\/cuenta-santos-reyes-papalo-con-nuevas-oportunidades-de-desarrollo\/","title":{"rendered":"Cuenta Santos Reyes P\u00e1palo con nuevas oportunidades de desarrollo\u00a0"},"content":{"rendered":"<div id=\"fb-root\"><\/div>\n\n<ul class=\"wp-block-list\">\n<li>En su visita a este municipio, el Gobernador Salom\u00f3n Jara Cruz anunci\u00f3 recursos por m\u00e1s de 11 mdp para revertir el rezago social y de abandono<br>\u00a0<br>Santos Reyes P\u00e1palo, Oax. 14 de agosto de 2024.- Con una inversi\u00f3n superior a 11 millones de pesos, esta comunidad enclavada en la Sierra de Flores Mag\u00f3n, contar\u00e1 con nuevas oportunidades de desarrollo bajo el esquema de Atenci\u00f3n a Municipios Territorios Bienestar que impulsa el Gobierno de Oaxaca.<br>\u00a0<br>Siendo la localidad n\u00famero 12 del estado y la 20 a nivel nacional con mayor pobreza, el Gobernador Salom\u00f3n Jara Cruz visit\u00f3 a sus habitantes para exponer este nuevo modelo de atenci\u00f3n por parte de su administraci\u00f3n, el cual dijo, es cercano al pueblo, con un trabajo directo, honesto, sencillo y transparente.<br>\u00a0<br>En este sentido, el Sistema Estatal para el Desarrollo Integral de la Familia (DIF) Oaxaca dio a conocer que mediante los programas Desayunos de Letritas, Itacate de mi coraz\u00f3n y Guisos de mi Pueblo, son beneficiarias 103 personas con una inversi\u00f3n de 269 mil 665 pesos, adem\u00e1s de la entrega de cobijas, juguetes y aparatos funcionales para quienes m\u00e1s lo necesitan.<br>\u00a0<br>El Mandatario estatal indic\u00f3 que se respaldar\u00e1 con el programa Mil D\u00edas a ni\u00f1as y ni\u00f1os para una alimentaci\u00f3n sana que permita un \u00f3ptimo desarrollo.<br>\u00a0<br>La Secretar\u00eda de\u00a0Bienestar, Tequio e Inclusi\u00f3n (Sebienti) expuso que como parte de la deuda hist\u00f3rica que se tiene con las mujeres, se entregan las Tarjetas Margarita Maza.<br>\u00a0<br>En tanto, la Secretar\u00eda de Fomento Agroalimentario y Desarrollo Rural (Sefader)\u00a0inform\u00f3 que se apoyan a 32 familias de la agencia Cacalotepec con la dispersi\u00f3n de 334 mil 305 pesos; se brinda capacitaci\u00f3n y asistencia t\u00e9cnica, se entregan aves de postura y huertos a instituciones educativas. En tanto, Vivienda Bienestar (Vibien) brindar\u00e1 60 pisos firmes, con una inversi\u00f3n de 960 mil pesos.<br>\u00a0<br>A trav\u00e9s del Instituto Estatal de Educaci\u00f3n P\u00fablica de Oaxaca (IEEPO) se benefician a instituciones de educaci\u00f3n b\u00e1sica con equipo, mobiliario y material educativo, de oficina, deportivo, aseo, computadoras y pantallas con una inversi\u00f3n de 833 mil pesos. Tambi\u00e9n, se dotar\u00e1 de instrumentos para la integraci\u00f3n de una Banda de Guerra y la presencia de docentes de educaci\u00f3n f\u00edsica y de m\u00fasica.<br>\u00a0<br>En tanto, el Instituto Oaxaque\u00f1o Constructor de Infraestructura Educativa (Iocied)\u00a0apoyar\u00e1 a la Telesecundaria de este municipio con una sala de c\u00f3mputo por 1 mill\u00f3n 500 mil pesos; al preescolar \u201cRub\u00e9n Jaramillo\u201d con un aula, con una inversi\u00f3n de 590 mil pesos y al Telebachillerato Comunitario n\u00famero 28, con un aula, por 669 mil pesos y cinco computadoras por 100 mil pesos.<br>\u00a0<br>La\u00a0Secretar\u00eda\u00a0de las\u00a0Infraestructuras\u00a0y Comunicaciones dio a conocer que en el 2023 se realiz\u00f3 la primera etapa de la ampliaci\u00f3n de la red electrifica de la agencia de Cacalotepec por 1 mill\u00f3n 999 pesos; mientras que en este a\u00f1o se continuar\u00e1 con la segunda etapa por 2 millones 600 pesos.<br>\u00a0<br>-0-<\/li>\n<\/ul>\n\n\n\n<figure class=\"wp-block-image size-large\"><img fetchpriority=\"high\" decoding=\"async\" width=\"1024\" height=\"682\" src=\"https:\/\/contextoanalisisperiodistico.com\/wp-content\/uploads\/2024\/08\/img-20240814-wa00943205756848927934192-1024x682.jpg\" alt=\"\" class=\"wp-image-30265\" srcset=\"https:\/\/contextoanalisisperiodistico.com\/wp-content\/uploads\/2024\/08\/img-20240814-wa00943205756848927934192-1024x682.jpg 1024w, https:\/\/contextoanalisisperiodistico.com\/wp-content\/uploads\/2024\/08\/img-20240814-wa00943205756848927934192-300x200.jpg 300w, https:\/\/contextoanalisisperiodistico.com\/wp-content\/uploads\/2024\/08\/img-20240814-wa00943205756848927934192-768x512.jpg 768w, https:\/\/contextoanalisisperiodistico.com\/wp-content\/uploads\/2024\/08\/img-20240814-wa00943205756848927934192.jpg 1280w\" sizes=\"(max-width: 1024px) 100vw, 1024px\" \/><\/figure>\n\n\n\n<figure class=\"wp-block-image\"><img decoding=\"async\" width=\"1024\" height=\"682\" src=\"https:\/\/contextoanalisisperiodistico.com\/wp-content\/uploads\/2024\/08\/img-20240814-wa00968904621362632508532-1024x682.jpg\" alt=\"\" class=\"wp-image-30264\" srcset=\"https:\/\/contextoanalisisperiodistico.com\/wp-content\/uploads\/2024\/08\/img-20240814-wa00968904621362632508532-1024x682.jpg 1024w, https:\/\/contextoanalisisperiodistico.com\/wp-content\/uploads\/2024\/08\/img-20240814-wa00968904621362632508532-300x200.jpg 300w, https:\/\/contextoanalisisperiodistico.com\/wp-content\/uploads\/2024\/08\/img-20240814-wa00968904621362632508532-768x512.jpg 768w, https:\/\/contextoanalisisperiodistico.com\/wp-content\/uploads\/2024\/08\/img-20240814-wa00968904621362632508532.jpg 1280w\" sizes=\"(max-width: 1024px) 100vw, 1024px\" \/><\/figure>\n\n\n\n<figure class=\"wp-block-image\"><img decoding=\"async\" width=\"1024\" height=\"682\" src=\"https:\/\/contextoanalisisperiodistico.com\/wp-content\/uploads\/2024\/08\/img-20240814-wa00955154559928190592528-1024x682.jpg\" alt=\"\" class=\"wp-image-30266\" srcset=\"https:\/\/contextoanalisisperiodistico.com\/wp-content\/uploads\/2024\/08\/img-20240814-wa00955154559928190592528-1024x682.jpg 1024w, https:\/\/contextoanalisisperiodistico.com\/wp-content\/uploads\/2024\/08\/img-20240814-wa00955154559928190592528-300x200.jpg 300w, https:\/\/contextoanalisisperiodistico.com\/wp-content\/uploads\/2024\/08\/img-20240814-wa00955154559928190592528-768x512.jpg 768w, https:\/\/contextoanalisisperiodistico.com\/wp-content\/uploads\/2024\/08\/img-20240814-wa00955154559928190592528.jpg 1280w\" sizes=\"(max-width: 1024px) 100vw, 1024px\" \/><\/figure>\n","protected":false},"excerpt":{"rendered":"","protected":false},"author":4,"featured_media":30263,"comment_status":"","ping_status":"open","sticky":false,"template":"","format":"standard","meta":{"footnotes":""},"categories":[9],"tags":[],"jetpack_sharing_enabled":true,"featured_image_urls":{"full":["https:\/\/contextoanalisisperiodistico.com\/wp-content\/uploads\/2024\/08\/IMG-20240814-WA0098.jpg",1280,853,false],"thumbnail":["https:\/\/contextoanalisisperiodistico.com\/wp-content\/uploads\/2024\/08\/IMG-20240814-WA0098-150x150.jpg",150,150,true],"medium":["https:\/\/contextoanalisisperiodistico.com\/wp-content\/uploads\/2024\/08\/IMG-20240814-WA0098-300x200.jpg",300,200,true],"medium_large":["https:\/\/contextoanalisisperiodistico.com\/wp-content\/uploads\/2024\/08\/IMG-20240814-WA0098-768x512.jpg",640,427,true],"large":["https:\/\/contextoanalisisperiodistico.com\/wp-content\/uploads\/2024\/08\/IMG-20240814-WA0098-1024x682.jpg",640,426,true],"1536x1536":["https:\/\/contextoanalisisperiodistico.com\/wp-content\/uploads\/2024\/08\/IMG-20240814-WA0098.jpg",1280,853,false],"2048x2048":["https:\/\/contextoanalisisperiodistico.com\/wp-content\/uploads\/2024\/08\/IMG-20240814-WA0098.jpg",1280,853,false],"covernews-slider-full":["https:\/\/contextoanalisisperiodistico.com\/wp-content\/uploads\/2024\/08\/IMG-20240814-WA0098-1115x715.jpg",1115,715,true],"covernews-slider-center":["https:\/\/contextoanalisisperiodistico.com\/wp-content\/uploads\/2024\/08\/IMG-20240814-WA0098-800x500.jpg",800,500,true],"covernews-featured":["https:\/\/contextoanalisisperiodistico.com\/wp-content\/uploads\/2024\/08\/IMG-20240814-WA0098-1024x682.jpg",1024,682,true],"covernews-medium":["https:\/\/contextoanalisisperiodistico.com\/wp-content\/uploads\/2024\/08\/IMG-20240814-WA0098-540x340.jpg",540,340,true],"covernews-medium-square":["https:\/\/contextoanalisisperiodistico.com\/wp-content\/uploads\/2024\/08\/IMG-20240814-WA0098-400x250.jpg",400,250,true]},"author_info":{"display_name":"Mario Gir\u00f3n","author_link":"https:\/\/contextoanalisisperiodistico.com\/index.php\/author\/director\/"},"category_info":"<a href=\"https:\/\/contextoanalisisperiodistico.com\/index.php\/category\/politica\/\" rel=\"category tag\">Pol\u00edtica<\/a>","tag_info":"Pol\u00edtica","comment_count":"0","jetpack_featured_media_url":"https:\/\/contextoanalisisperiodistico.com\/wp-content\/uploads\/2024\/08\/IMG-20240814-WA0098.jpg","_links":{"self":[{"href":"https:\/\/contextoanalisisperiodistico.com\/index.php\/wp-json\/wp\/v2\/posts\/30267"}],"collection":[{"href":"https:\/\/contextoanalisisperiodistico.com\/index.php\/wp-json\/wp\/v2\/posts"}],"about":[{"href":"https:\/\/contextoanalisisperiodistico.com\/index.php\/wp-json\/wp\/v2\/types\/post"}],"author":[{"embeddable":true,"href":"https:\/\/contextoanalisisperiodistico.com\/index.php\/wp-json\/wp\/v2\/users\/4"}],"replies":[{"embeddable":true,"href":"https:\/\/contextoanalisisperiodistico.com\/index.php\/wp-json\/wp\/v2\/comments?post=30267"}],"version-history":[{"count":0,"href":"https:\/\/contextoanalisisperiodistico.com\/index.php\/wp-json\/wp\/v2\/posts\/30267\/revisions"}],"wp:featuredmedia":[{"embeddable":true,"href":"https:\/\/contextoanalisisperiodistico.com\/index.php\/wp-json\/wp\/v2\/media\/30263"}],"wp:attachment":[{"href":"https:\/\/contextoanalisisperiodistico.com\/index.php\/wp-json\/wp\/v2\/media?parent=30267"}],"wp:term":[{"taxonomy":"category","embeddable":true,"href":"https:\/\/contextoanalisisperiodistico.com\/index.php\/wp-json\/wp\/v2\/categories?post=30267"},{"taxonomy":"post_tag","embeddable":true,"href":"https:\/\/contextoanalisisperiodistico.com\/index.php\/wp-json\/wp\/v2\/tags?post=30267"}],"curies":[{"name":"wp","href":"https:\/\/api.w.org\/{rel}","templated":true}]}}