{"id":30262,"date":"2024-08-14T21:47:05","date_gmt":"2024-08-15T03:47:05","guid":{"rendered":"https:\/\/contextoanalisisperiodistico.com\/index.php\/2024\/08\/14\/suma-oaxaca-2-mil-508-casos-confirmados-de-dengue\/"},"modified":"2024-08-14T21:47:05","modified_gmt":"2024-08-15T03:47:05","slug":"suma-oaxaca-2-mil-508-casos-confirmados-de-dengue","status":"publish","type":"post","link":"https:\/\/contextoanalisisperiodistico.com\/index.php\/2024\/08\/14\/suma-oaxaca-2-mil-508-casos-confirmados-de-dengue\/","title":{"rendered":"Suma Oaxaca 2 mil 508 casos confirmados de dengue"},"content":{"rendered":"<div id=\"fb-root\"><\/div>\n\n<ul class=\"wp-block-list\">\n<li>De acuerdo al dictamen avalado por el Conave, se confirma un deceso m\u00e1s a causa del padecimiento, para un total de cuatro defunciones<\/li>\n\n\n\n<li>Exhortan a enfatizar las acciones preventivas contra el zancudo<\/li>\n<\/ul>\n\n\n\n<figure class=\"wp-block-image size-large\"><img fetchpriority=\"high\" decoding=\"async\" width=\"1024\" height=\"576\" src=\"https:\/\/contextoanalisisperiodistico.com\/wp-content\/uploads\/2024\/08\/img-20240814-wa00876875349775006931041-1024x576.jpg\" alt=\"\" class=\"wp-image-30260\" srcset=\"https:\/\/contextoanalisisperiodistico.com\/wp-content\/uploads\/2024\/08\/img-20240814-wa00876875349775006931041-1024x576.jpg 1024w, https:\/\/contextoanalisisperiodistico.com\/wp-content\/uploads\/2024\/08\/img-20240814-wa00876875349775006931041-300x169.jpg 300w, https:\/\/contextoanalisisperiodistico.com\/wp-content\/uploads\/2024\/08\/img-20240814-wa00876875349775006931041-768x432.jpg 768w, https:\/\/contextoanalisisperiodistico.com\/wp-content\/uploads\/2024\/08\/img-20240814-wa00876875349775006931041.jpg 1280w\" sizes=\"(max-width: 1024px) 100vw, 1024px\" \/><\/figure>\n\n\n\n<figure class=\"wp-block-image\"><img decoding=\"async\" width=\"1024\" height=\"768\" src=\"https:\/\/contextoanalisisperiodistico.com\/wp-content\/uploads\/2024\/08\/img-20240814-wa00863080287581858058505-1024x768.jpg\" alt=\"\" class=\"wp-image-30261\" srcset=\"https:\/\/contextoanalisisperiodistico.com\/wp-content\/uploads\/2024\/08\/img-20240814-wa00863080287581858058505-1024x768.jpg 1024w, https:\/\/contextoanalisisperiodistico.com\/wp-content\/uploads\/2024\/08\/img-20240814-wa00863080287581858058505-300x225.jpg 300w, https:\/\/contextoanalisisperiodistico.com\/wp-content\/uploads\/2024\/08\/img-20240814-wa00863080287581858058505-768x576.jpg 768w, https:\/\/contextoanalisisperiodistico.com\/wp-content\/uploads\/2024\/08\/img-20240814-wa00863080287581858058505-1536x1152.jpg 1536w, https:\/\/contextoanalisisperiodistico.com\/wp-content\/uploads\/2024\/08\/img-20240814-wa00863080287581858058505.jpg 1600w\" sizes=\"(max-width: 1024px) 100vw, 1024px\" \/><\/figure>\n\n\n\n<p>Oaxaca de Ju\u00e1rez, Oax. 14 de agosto de 2024.- En el informe semanal de la enfermedad transmitida por el zancudo Aedes aegypti, la jefa del departamento de Urgencias Epidemiol\u00f3gicas y Desastres de Servicios de Salud de Oaxaca (SSO), Adriana Jarqu\u00edn Gonz\u00e1lez, dio a conocer que de manera preliminar en la entidad se reportaron 217 casos nuevos de dengue.<\/p>\n\n\n\n<p>Al corte de la semana epidemiol\u00f3gica n\u00famero 32, se tiene un acumulado de 2 mil 508 casos confirmados; de acuerdo al dictamen avalado por el Comit\u00e9 Nacional para la Vigilancia Epidemiol\u00f3gica (Conave), se confirma un deceso m\u00e1s a causa del padecimiento.<\/p>\n\n\n\n<p>Se trata de una persona de 6 a\u00f1os de edad, del sexo femenino, habitante del municipio de San Juan Bautista Tuxtepec, con fecha de defunci\u00f3n 17 de mayo del presente a\u00f1o, siendo as\u00ed que suman cuatro decesos confirmados en el territorio oaxaque\u00f1o, detall\u00f3 la jefa del departamento de Urgencias Epidemiol\u00f3gicas y Desastres.<\/p>\n\n\n\n<p>La Jurisdicci\u00f3n de Valles Centrales acumula 2 mil 140 casos positivos; Costa 228 casos y tres defunciones; Istmo 51 casos, Mixteca 34 casos; Sierra 31 casos; Tuxtepec 24 casos y una defunci\u00f3n.<\/p>\n\n\n\n<p>De acuerdo con la clasificaci\u00f3n del padecimiento, mil 250 corresponden a Dengue No Grave (DNG), mil 97 a Dengue Con Signos de Alarma (DCSA) y 161 a Dengue Grave (DG).<\/p>\n\n\n\n<p>Esta semana 54 municipios reportaron casos nuevos; Oaxaca de Ju\u00e1rez encabeza la lista con 65 casos; seguido de Santa Mar\u00eda Atzompa con 14; Santa Cruz Xoxocotl\u00e1n con 13 e igual n\u00famero en Villa de Zaachila, y en quinto lugar Santa Luc\u00eda del Camino con 11, entre otros.<\/p>\n\n\n\n<p>Respecto a la red hospitalaria, en las \u00faltimas 24 horas se notific\u00f3 un total de 107 pacientes hospitalizados, de los cuales 10 presentan DG.<\/p>\n\n\n\n<p>Finalmente, la funcionaria recalc\u00f3 la importancia de la participaci\u00f3n y compromiso de la poblaci\u00f3n para lograr la disminuci\u00f3n de casos en la entidad, ya que la mejor acci\u00f3n de combate se realiza desde los hogares, con acciones de patio y vivienda limpia.<br \/>-0-<\/p>\n","protected":false},"excerpt":{"rendered":"<p>Oaxaca de Ju\u00e1rez, Oax. 14 de agosto de 2024.- En el informe semanal de la&#8230;<\/p>\n","protected":false},"author":4,"featured_media":30259,"comment_status":"","ping_status":"open","sticky":false,"template":"","format":"standard","meta":{"footnotes":""},"categories":[92],"tags":[],"jetpack_sharing_enabled":true,"featured_image_urls":{"full":["https:\/\/contextoanalisisperiodistico.com\/wp-content\/uploads\/2024\/08\/IMG-20240814-WA0085.jpg",850,1417,false],"thumbnail":["https:\/\/contextoanalisisperiodistico.com\/wp-content\/uploads\/2024\/08\/IMG-20240814-WA0085-150x150.jpg",150,150,true],"medium":["https:\/\/contextoanalisisperiodistico.com\/wp-content\/uploads\/2024\/08\/IMG-20240814-WA0085-180x300.jpg",180,300,true],"medium_large":["https:\/\/contextoanalisisperiodistico.com\/wp-content\/uploads\/2024\/08\/IMG-20240814-WA0085-768x1280.jpg",640,1067,true],"large":["https:\/\/contextoanalisisperiodistico.com\/wp-content\/uploads\/2024\/08\/IMG-20240814-WA0085-614x1024.jpg",614,1024,true],"1536x1536":["https:\/\/contextoanalisisperiodistico.com\/wp-content\/uploads\/2024\/08\/IMG-20240814-WA0085.jpg",850,1417,false],"2048x2048":["https:\/\/contextoanalisisperiodistico.com\/wp-content\/uploads\/2024\/08\/IMG-20240814-WA0085.jpg",850,1417,false],"covernews-slider-full":["https:\/\/contextoanalisisperiodistico.com\/wp-content\/uploads\/2024\/08\/IMG-20240814-WA0085-850x715.jpg",850,715,true],"covernews-slider-center":["https:\/\/contextoanalisisperiodistico.com\/wp-content\/uploads\/2024\/08\/IMG-20240814-WA0085-800x500.jpg",800,500,true],"covernews-featured":["https:\/\/contextoanalisisperiodistico.com\/wp-content\/uploads\/2024\/08\/IMG-20240814-WA0085.jpg",850,1417,false],"covernews-medium":["https:\/\/contextoanalisisperiodistico.com\/wp-content\/uploads\/2024\/08\/IMG-20240814-WA0085-540x340.jpg",540,340,true],"covernews-medium-square":["https:\/\/contextoanalisisperiodistico.com\/wp-content\/uploads\/2024\/08\/IMG-20240814-WA0085-400x250.jpg",400,250,true]},"author_info":{"display_name":"Mario Gir\u00f3n","author_link":"https:\/\/contextoanalisisperiodistico.com\/index.php\/author\/director\/"},"category_info":"<a href=\"https:\/\/contextoanalisisperiodistico.com\/index.php\/category\/salud\/\" rel=\"category tag\">Salud<\/a>","tag_info":"Salud","comment_count":"0","jetpack_featured_media_url":"https:\/\/contextoanalisisperiodistico.com\/wp-content\/uploads\/2024\/08\/IMG-20240814-WA0085.jpg","_links":{"self":[{"href":"https:\/\/contextoanalisisperiodistico.com\/index.php\/wp-json\/wp\/v2\/posts\/30262"}],"collection":[{"href":"https:\/\/contextoanalisisperiodistico.com\/index.php\/wp-json\/wp\/v2\/posts"}],"about":[{"href":"https:\/\/contextoanalisisperiodistico.com\/index.php\/wp-json\/wp\/v2\/types\/post"}],"author":[{"embeddable":true,"href":"https:\/\/contextoanalisisperiodistico.com\/index.php\/wp-json\/wp\/v2\/users\/4"}],"replies":[{"embeddable":true,"href":"https:\/\/contextoanalisisperiodistico.com\/index.php\/wp-json\/wp\/v2\/comments?post=30262"}],"version-history":[{"count":0,"href":"https:\/\/contextoanalisisperiodistico.com\/index.php\/wp-json\/wp\/v2\/posts\/30262\/revisions"}],"wp:featuredmedia":[{"embeddable":true,"href":"https:\/\/contextoanalisisperiodistico.com\/index.php\/wp-json\/wp\/v2\/media\/30259"}],"wp:attachment":[{"href":"https:\/\/contextoanalisisperiodistico.com\/index.php\/wp-json\/wp\/v2\/media?parent=30262"}],"wp:term":[{"taxonomy":"category","embeddable":true,"href":"https:\/\/contextoanalisisperiodistico.com\/index.php\/wp-json\/wp\/v2\/categories?post=30262"},{"taxonomy":"post_tag","embeddable":true,"href":"https:\/\/contextoanalisisperiodistico.com\/index.php\/wp-json\/wp\/v2\/tags?post=30262"}],"curies":[{"name":"wp","href":"https:\/\/api.w.org\/{rel}","templated":true}]}}