{"id":30257,"date":"2024-08-14T17:20:46","date_gmt":"2024-08-14T23:20:46","guid":{"rendered":"https:\/\/contextoanalisisperiodistico.com\/index.php\/2024\/08\/14\/refuerzan-acciones-preventivas-en-la-mixteca-con-jornada-nacional-de-salud-publica-2024\/"},"modified":"2024-08-14T17:26:00","modified_gmt":"2024-08-14T23:26:00","slug":"refuerzan-acciones-preventivas-en-la-mixteca-con-jornada-nacional-de-salud-publica-2024","status":"publish","type":"post","link":"https:\/\/contextoanalisisperiodistico.com\/index.php\/2024\/08\/14\/refuerzan-acciones-preventivas-en-la-mixteca-con-jornada-nacional-de-salud-publica-2024\/","title":{"rendered":"Refuerzan acciones preventivas de la Jornada Nacional de Salud 2024 en la Mixteca"},"content":{"rendered":"<div id=\"fb-root\"><\/div>\n\n<p><\/p>\n\n\n\n<p>\u2022 Ante el pr\u00f3ximo regreso a clases y como parte de la Jornada, el personal de vectores lleva a cabo actividades de rociado residual en escuelas para evitar la presencia de zancudos aedes aegypti<\/p>\n\n\n\n<figure class=\"wp-block-image size-large\"><img fetchpriority=\"high\" decoding=\"async\" width=\"768\" height=\"1024\" src=\"https:\/\/contextoanalisisperiodistico.com\/wp-content\/uploads\/2024\/08\/img-20240814-wa00544946096078465139371-768x1024.jpg\" alt=\"\" class=\"wp-image-30255\" srcset=\"https:\/\/contextoanalisisperiodistico.com\/wp-content\/uploads\/2024\/08\/img-20240814-wa00544946096078465139371-768x1024.jpg 768w, https:\/\/contextoanalisisperiodistico.com\/wp-content\/uploads\/2024\/08\/img-20240814-wa00544946096078465139371-225x300.jpg 225w, https:\/\/contextoanalisisperiodistico.com\/wp-content\/uploads\/2024\/08\/img-20240814-wa00544946096078465139371-1152x1536.jpg 1152w, https:\/\/contextoanalisisperiodistico.com\/wp-content\/uploads\/2024\/08\/img-20240814-wa00544946096078465139371-1024x1365.jpg 1024w, https:\/\/contextoanalisisperiodistico.com\/wp-content\/uploads\/2024\/08\/img-20240814-wa00544946096078465139371.jpg 1200w\" sizes=\"(max-width: 768px) 100vw, 768px\" \/><\/figure>\n\n\n\n<figure class=\"wp-block-image\"><img decoding=\"async\" width=\"1024\" height=\"768\" src=\"https:\/\/contextoanalisisperiodistico.com\/wp-content\/uploads\/2024\/08\/img-20240814-wa00559069013784792613545-1024x768.jpg\" alt=\"\" class=\"wp-image-30256\" srcset=\"https:\/\/contextoanalisisperiodistico.com\/wp-content\/uploads\/2024\/08\/img-20240814-wa00559069013784792613545-1024x768.jpg 1024w, https:\/\/contextoanalisisperiodistico.com\/wp-content\/uploads\/2024\/08\/img-20240814-wa00559069013784792613545-300x225.jpg 300w, https:\/\/contextoanalisisperiodistico.com\/wp-content\/uploads\/2024\/08\/img-20240814-wa00559069013784792613545-768x576.jpg 768w, https:\/\/contextoanalisisperiodistico.com\/wp-content\/uploads\/2024\/08\/img-20240814-wa00559069013784792613545-1536x1152.jpg 1536w, https:\/\/contextoanalisisperiodistico.com\/wp-content\/uploads\/2024\/08\/img-20240814-wa00559069013784792613545.jpg 1600w\" sizes=\"(max-width: 1024px) 100vw, 1024px\" \/><\/figure>\n\n\n\n<p>Putla Villa de Guerrero, Oax. 14 de agosto de 2024.- Servicios de Salud de Oaxaca (SSO) a trav\u00e9s de la Jurisdicci\u00f3n Sanitaria 5 Mixteca refuerza acciones preventivas y de promoci\u00f3n a la salud en beneficio de habitantes del municipio de Putla Villa de Guerrero y agencias aleda\u00f1as, como parte de la Jornada Nacional de Salud P\u00fablica 2024.<\/p>\n\n\n\n<p>El jefe Jurisdiccional, Alberto \u00d3scar Vieyra destac\u00f3 que dicha estrategia busca concientizar a la poblaci\u00f3n para la adopci\u00f3n de h\u00e1bitos m\u00e1s saludables en las diferentes etapas de la vida.<\/p>\n\n\n\n<p>De ah\u00ed que de manera gratuita se realizaron detecciones de glucosa, medici\u00f3n de la presi\u00f3n arterial, l\u00edpidos, hemoglobina glicosilada y diagn\u00f3sticos de Infecciones de Transmisi\u00f3n Sexual (ITS) como s\u00edfilis, Virus de Inmunodeficiencia Humana (VIH) y hepatitis C, de manera gratuita.<\/p>\n\n\n\n<p>Detall\u00f3 que por parte de la coordinaci\u00f3n de Salud Reproductiva y en un trabajo colaborativo con el personal del centro de salud de Servicios de Salud IMSS-Bienestar se colocaron implantes subd\u00e9rmicos y se brindaron pl\u00e1ticas sobre m\u00e9todos de planificaci\u00f3n familiar y lactancia materna; adem\u00e1s se aplicaron pruebas de desarrollo infantil a menores de cinco a\u00f1os.<\/p>\n\n\n\n<p>Agreg\u00f3 que el personal de Regulaci\u00f3n y Fomento Sanitario supervisaron que se cumpla con la normativa vigente en purificadoras de agua, consultorios m\u00e9dicos y laboratorios de la zona; impartieron pl\u00e1ticas del manejo higi\u00e9nico de los alimentos dirigidas a comerciantes para evitar enfermedades gastrointestinales y se entregaron frascos de plata coloidal.<\/p>\n\n\n\n<p>Ante el pr\u00f3ximo regreso a clases y como medida preventiva, el personal de vectores efect\u00faa actividades de rociado residual en las instalaciones educativas, con el fin de evitar casos de dengue, zika y chikungunya en la poblaci\u00f3n estudiantil; aunado a ello, se efectuaron tomas de gota gruesa para detectar casos de paludismo en personas con s\u00edntomas asociados al padecimiento, sin reporte de casos.<\/p>\n\n\n\n<p>Finalmente, el funcionario inst\u00f3 a la poblaci\u00f3n que se acerque a las unidades m\u00e9dicas de la red SS IMSS-Bienestar, para actualizar sus cartillas nacionales de vacunaci\u00f3n y con ello completar sus esquemas para estar protegidos y protegidas.<br \/>-0-<\/p>\n","protected":false},"excerpt":{"rendered":"<p>\u2022 Ante el pr\u00f3ximo regreso a clases y como parte de la Jornada, el personal&#8230;<\/p>\n","protected":false},"author":4,"featured_media":30254,"comment_status":"closed","ping_status":"open","sticky":false,"template":"","format":"standard","meta":{"footnotes":""},"categories":[92],"tags":[],"jetpack_sharing_enabled":true,"featured_image_urls":{"full":["https:\/\/contextoanalisisperiodistico.com\/wp-content\/uploads\/2024\/08\/IMG-20240814-WA0056.jpg",1200,1600,false],"thumbnail":["https:\/\/contextoanalisisperiodistico.com\/wp-content\/uploads\/2024\/08\/IMG-20240814-WA0056-150x150.jpg",150,150,true],"medium":["https:\/\/contextoanalisisperiodistico.com\/wp-content\/uploads\/2024\/08\/IMG-20240814-WA0056-225x300.jpg",225,300,true],"medium_large":["https:\/\/contextoanalisisperiodistico.com\/wp-content\/uploads\/2024\/08\/IMG-20240814-WA0056-768x1024.jpg",640,853,true],"large":["https:\/\/contextoanalisisperiodistico.com\/wp-content\/uploads\/2024\/08\/IMG-20240814-WA0056-768x1024.jpg",640,853,true],"1536x1536":["https:\/\/contextoanalisisperiodistico.com\/wp-content\/uploads\/2024\/08\/IMG-20240814-WA0056-1152x1536.jpg",1152,1536,true],"2048x2048":["https:\/\/contextoanalisisperiodistico.com\/wp-content\/uploads\/2024\/08\/IMG-20240814-WA0056.jpg",1200,1600,false],"covernews-slider-full":["https:\/\/contextoanalisisperiodistico.com\/wp-content\/uploads\/2024\/08\/IMG-20240814-WA0056-1115x715.jpg",1115,715,true],"covernews-slider-center":["https:\/\/contextoanalisisperiodistico.com\/wp-content\/uploads\/2024\/08\/IMG-20240814-WA0056-800x500.jpg",800,500,true],"covernews-featured":["https:\/\/contextoanalisisperiodistico.com\/wp-content\/uploads\/2024\/08\/IMG-20240814-WA0056-1024x1365.jpg",1024,1365,true],"covernews-medium":["https:\/\/contextoanalisisperiodistico.com\/wp-content\/uploads\/2024\/08\/IMG-20240814-WA0056-540x340.jpg",540,340,true],"covernews-medium-square":["https:\/\/contextoanalisisperiodistico.com\/wp-content\/uploads\/2024\/08\/IMG-20240814-WA0056-400x250.jpg",400,250,true]},"author_info":{"display_name":"Mario Gir\u00f3n","author_link":"https:\/\/contextoanalisisperiodistico.com\/index.php\/author\/director\/"},"category_info":"<a href=\"https:\/\/contextoanalisisperiodistico.com\/index.php\/category\/salud\/\" rel=\"category tag\">Salud<\/a>","tag_info":"Salud","comment_count":"0","jetpack_featured_media_url":"https:\/\/contextoanalisisperiodistico.com\/wp-content\/uploads\/2024\/08\/IMG-20240814-WA0056.jpg","_links":{"self":[{"href":"https:\/\/contextoanalisisperiodistico.com\/index.php\/wp-json\/wp\/v2\/posts\/30257"}],"collection":[{"href":"https:\/\/contextoanalisisperiodistico.com\/index.php\/wp-json\/wp\/v2\/posts"}],"about":[{"href":"https:\/\/contextoanalisisperiodistico.com\/index.php\/wp-json\/wp\/v2\/types\/post"}],"author":[{"embeddable":true,"href":"https:\/\/contextoanalisisperiodistico.com\/index.php\/wp-json\/wp\/v2\/users\/4"}],"replies":[{"embeddable":true,"href":"https:\/\/contextoanalisisperiodistico.com\/index.php\/wp-json\/wp\/v2\/comments?post=30257"}],"version-history":[{"count":1,"href":"https:\/\/contextoanalisisperiodistico.com\/index.php\/wp-json\/wp\/v2\/posts\/30257\/revisions"}],"predecessor-version":[{"id":30258,"href":"https:\/\/contextoanalisisperiodistico.com\/index.php\/wp-json\/wp\/v2\/posts\/30257\/revisions\/30258"}],"wp:featuredmedia":[{"embeddable":true,"href":"https:\/\/contextoanalisisperiodistico.com\/index.php\/wp-json\/wp\/v2\/media\/30254"}],"wp:attachment":[{"href":"https:\/\/contextoanalisisperiodistico.com\/index.php\/wp-json\/wp\/v2\/media?parent=30257"}],"wp:term":[{"taxonomy":"category","embeddable":true,"href":"https:\/\/contextoanalisisperiodistico.com\/index.php\/wp-json\/wp\/v2\/categories?post=30257"},{"taxonomy":"post_tag","embeddable":true,"href":"https:\/\/contextoanalisisperiodistico.com\/index.php\/wp-json\/wp\/v2\/tags?post=30257"}],"curies":[{"name":"wp","href":"https:\/\/api.w.org\/{rel}","templated":true}]}}