{"id":30249,"date":"2024-08-14T16:20:21","date_gmt":"2024-08-14T22:20:21","guid":{"rendered":"https:\/\/contextoanalisisperiodistico.com\/index.php\/2024\/08\/14\/certeza-juridica-a-familias-de-bajos-de-coyula-y-el-arenal-objetivo-federal-y-estatal-sego\/"},"modified":"2024-08-14T16:20:21","modified_gmt":"2024-08-14T22:20:21","slug":"certeza-juridica-a-familias-de-bajos-de-coyula-y-el-arenal-objetivo-federal-y-estatal-sego","status":"publish","type":"post","link":"https:\/\/contextoanalisisperiodistico.com\/index.php\/2024\/08\/14\/certeza-juridica-a-familias-de-bajos-de-coyula-y-el-arenal-objetivo-federal-y-estatal-sego\/","title":{"rendered":"Certeza jur\u00eddica a familias de Bajos de Coyula y El Arenal, objetivo Federal y Estatal: Sego"},"content":{"rendered":"<div id=\"fb-root\"><\/div>\n\n<p>\u2022 Se program\u00f3 una una mesa de trabajo para dar seguimiento a los acuerdos que permitan un ordenamiento territorial en la zona, priorizando el bienestar colectivo<\/p>\n\n\n\n<p>Oaxaca de Ju\u00e1rez, Oax. 14 de agosto de 2024.- Luego de la reuni\u00f3n en la que participaron funcionarios de dependencias federales y estatales para atender la situaci\u00f3n de ordenamiento territorial en m\u00e1s de 2 mil hect\u00e1reas de los n\u00facleos agrarios de Bajos de Coyula y el Arenal, pertenecientes a Santa Mar\u00eda Huatulco, el secretario de Gobierno Jes\u00fas Romero L\u00f3pez destac\u00f3 que hubo importantes avances derivados de este di\u00e1logo sostenido.<\/p>\n\n\n\n<p>En el marco de la conferencia de prensa del Gabinete de Seguridad, Romero L\u00f3pez inform\u00f3 que los comuneros se comprometieron a retirar las acciones de bloqueo, anteponiendo el di\u00e1logo. De igual forma el 21 de agosto, se realizar\u00e1 una reuni\u00f3n de seguimiento y se programar\u00e1 una nueva mesa de trabajo del 9 al 13 de septiembre.<\/p>\n\n\n\n<p>Tambi\u00e9n se acord\u00f3 que las autoridades propondr\u00e1n alternativas para regularizar la tierra y ordenar la zona de reserva, descartando anular el decreto de \u00e1rea protegida.<\/p>\n\n\n\n<p>\u201cSe aclar\u00f3 que se va a respetar, lo que quiere el Presidente Andr\u00e9s Manuel L\u00f3pez Obrador es que el territorio est\u00e9 protegido, de lo que se trata es que no caiga en manos de empresas ajenas o extranjeras como en otros estados y se haga un mal uso\u201d, afirm\u00f3.<\/p>\n\n\n\n<p>El encargado de la pol\u00edtica interna del estado mencion\u00f3 que se hizo un compromiso con los comuneros, y que el siguiente proceso en este ordenamiento es el decreto para proteger las tierras, sin embargo, ser\u00e1 pensado para que sea de beneficio para toda la comunidad.<\/p>\n\n\n\n<p>\u201cEstamos en di\u00e1logo, yo los invito a que avancemos, nada se har\u00e1 a sus espaldas, no hay necesidad de afectar, si de algo vive Huatulco es el del campo, la pesca y el turismo\u201d, asever\u00f3.<\/p>\n\n\n\n<p>De igual forma el funcionario dej\u00f3 claro que la supuesta inconformidad por el decreto anunciado est\u00e1 alimentada por intereses inmobiliarios, ya que se tiene el registro de 9 empresas que compraron terrenos en esta zona, \u201cEs algo que no es factible, c\u00f3mo van a comprar algo federal\u201d.<\/p>\n\n\n\n<p>Dijo que lo que est\u00e1 de fondo, es el cuidado del agua y el medio ambiente en general, por lo que de la mano con los tres niveles de gobierno se buscar\u00e1 procurar en todo momento su conservaci\u00f3n.<\/p>\n\n\n\n<p>Destac\u00f3 que, en el encuentro participaron representantes de la Secretar\u00eda de Medio Ambiente y Recursos Naturales (Semarnat), el Instituto Nacional del Suelo Sustentable (Insus), la Comisi\u00f3n Nacional de \u00c1reas Naturales Protegidas (CONANP), la Secretar\u00eda de Gobernaci\u00f3n (Segob), la Secretar\u00eda de Comunicaciones y Transportes y la Coordinaci\u00f3n de Delegados de Paz Social de la Secretar\u00eda de Gobierno (Sego).<\/p>\n\n\n\n<p>-0-<\/p>\n\n\n\n<figure class=\"wp-block-image size-large\"><img fetchpriority=\"high\" decoding=\"async\" width=\"1024\" height=\"683\" src=\"https:\/\/contextoanalisisperiodistico.com\/wp-content\/uploads\/2024\/08\/img-20240814-wa00491576069847230633226-1024x683.jpg\" alt=\"\" class=\"wp-image-30248\" srcset=\"https:\/\/contextoanalisisperiodistico.com\/wp-content\/uploads\/2024\/08\/img-20240814-wa00491576069847230633226-1024x683.jpg 1024w, https:\/\/contextoanalisisperiodistico.com\/wp-content\/uploads\/2024\/08\/img-20240814-wa00491576069847230633226-300x200.jpg 300w, https:\/\/contextoanalisisperiodistico.com\/wp-content\/uploads\/2024\/08\/img-20240814-wa00491576069847230633226-768x512.jpg 768w, https:\/\/contextoanalisisperiodistico.com\/wp-content\/uploads\/2024\/08\/img-20240814-wa00491576069847230633226.jpg 1500w\" sizes=\"(max-width: 1024px) 100vw, 1024px\" \/><\/figure>\n","protected":false},"excerpt":{"rendered":"<p>\u2022 Se program\u00f3 una una mesa de trabajo para dar seguimiento a los acuerdos que&#8230;<\/p>\n","protected":false},"author":4,"featured_media":30247,"comment_status":"","ping_status":"open","sticky":false,"template":"","format":"standard","meta":{"footnotes":""},"categories":[9],"tags":[],"jetpack_sharing_enabled":true,"featured_image_urls":{"full":["https:\/\/contextoanalisisperiodistico.com\/wp-content\/uploads\/2024\/08\/IMG-20240814-WA0048.jpg",1500,1000,false],"thumbnail":["https:\/\/contextoanalisisperiodistico.com\/wp-content\/uploads\/2024\/08\/IMG-20240814-WA0048-150x150.jpg",150,150,true],"medium":["https:\/\/contextoanalisisperiodistico.com\/wp-content\/uploads\/2024\/08\/IMG-20240814-WA0048-300x200.jpg",300,200,true],"medium_large":["https:\/\/contextoanalisisperiodistico.com\/wp-content\/uploads\/2024\/08\/IMG-20240814-WA0048-768x512.jpg",640,427,true],"large":["https:\/\/contextoanalisisperiodistico.com\/wp-content\/uploads\/2024\/08\/IMG-20240814-WA0048-1024x683.jpg",640,427,true],"1536x1536":["https:\/\/contextoanalisisperiodistico.com\/wp-content\/uploads\/2024\/08\/IMG-20240814-WA0048.jpg",1500,1000,false],"2048x2048":["https:\/\/contextoanalisisperiodistico.com\/wp-content\/uploads\/2024\/08\/IMG-20240814-WA0048.jpg",1500,1000,false],"covernews-slider-full":["https:\/\/contextoanalisisperiodistico.com\/wp-content\/uploads\/2024\/08\/IMG-20240814-WA0048-1115x715.jpg",1115,715,true],"covernews-slider-center":["https:\/\/contextoanalisisperiodistico.com\/wp-content\/uploads\/2024\/08\/IMG-20240814-WA0048-800x500.jpg",800,500,true],"covernews-featured":["https:\/\/contextoanalisisperiodistico.com\/wp-content\/uploads\/2024\/08\/IMG-20240814-WA0048-1024x683.jpg",1024,683,true],"covernews-medium":["https:\/\/contextoanalisisperiodistico.com\/wp-content\/uploads\/2024\/08\/IMG-20240814-WA0048-540x340.jpg",540,340,true],"covernews-medium-square":["https:\/\/contextoanalisisperiodistico.com\/wp-content\/uploads\/2024\/08\/IMG-20240814-WA0048-400x250.jpg",400,250,true]},"author_info":{"display_name":"Mario Gir\u00f3n","author_link":"https:\/\/contextoanalisisperiodistico.com\/index.php\/author\/director\/"},"category_info":"<a href=\"https:\/\/contextoanalisisperiodistico.com\/index.php\/category\/politica\/\" rel=\"category tag\">Pol\u00edtica<\/a>","tag_info":"Pol\u00edtica","comment_count":"0","jetpack_featured_media_url":"https:\/\/contextoanalisisperiodistico.com\/wp-content\/uploads\/2024\/08\/IMG-20240814-WA0048.jpg","_links":{"self":[{"href":"https:\/\/contextoanalisisperiodistico.com\/index.php\/wp-json\/wp\/v2\/posts\/30249"}],"collection":[{"href":"https:\/\/contextoanalisisperiodistico.com\/index.php\/wp-json\/wp\/v2\/posts"}],"about":[{"href":"https:\/\/contextoanalisisperiodistico.com\/index.php\/wp-json\/wp\/v2\/types\/post"}],"author":[{"embeddable":true,"href":"https:\/\/contextoanalisisperiodistico.com\/index.php\/wp-json\/wp\/v2\/users\/4"}],"replies":[{"embeddable":true,"href":"https:\/\/contextoanalisisperiodistico.com\/index.php\/wp-json\/wp\/v2\/comments?post=30249"}],"version-history":[{"count":0,"href":"https:\/\/contextoanalisisperiodistico.com\/index.php\/wp-json\/wp\/v2\/posts\/30249\/revisions"}],"wp:featuredmedia":[{"embeddable":true,"href":"https:\/\/contextoanalisisperiodistico.com\/index.php\/wp-json\/wp\/v2\/media\/30247"}],"wp:attachment":[{"href":"https:\/\/contextoanalisisperiodistico.com\/index.php\/wp-json\/wp\/v2\/media?parent=30249"}],"wp:term":[{"taxonomy":"category","embeddable":true,"href":"https:\/\/contextoanalisisperiodistico.com\/index.php\/wp-json\/wp\/v2\/categories?post=30249"},{"taxonomy":"post_tag","embeddable":true,"href":"https:\/\/contextoanalisisperiodistico.com\/index.php\/wp-json\/wp\/v2\/tags?post=30249"}],"curies":[{"name":"wp","href":"https:\/\/api.w.org\/{rel}","templated":true}]}}