{"id":30242,"date":"2024-08-14T09:15:47","date_gmt":"2024-08-14T15:15:47","guid":{"rendered":"https:\/\/contextoanalisisperiodistico.com\/index.php\/2024\/08\/14\/la-politica-de-dialogo-y-concertacion-logra-la-disminucion-de-bloqueos-carreteros-y-tomas-de-casetas\/"},"modified":"2024-08-14T09:17:36","modified_gmt":"2024-08-14T15:17:36","slug":"la-politica-de-dialogo-y-concertacion-logra-la-disminucion-de-bloqueos-carreteros-y-tomas-de-casetas","status":"publish","type":"post","link":"https:\/\/contextoanalisisperiodistico.com\/index.php\/2024\/08\/14\/la-politica-de-dialogo-y-concertacion-logra-la-disminucion-de-bloqueos-carreteros-y-tomas-de-casetas\/","title":{"rendered":"La pol\u00edtica de di\u00e1logo y concertaci\u00f3n disminuye&nbsp; bloqueos carreteros y tomas de casetas"},"content":{"rendered":"<div id=\"fb-root\"><\/div>\n\n<p>*El eje Hablamos No Bloqueamos del Programa de Paz, ha generado resultados concretos que se reflejan en el bienestar de las y los oaxaque\u00f1os<\/p>\n\n\n\n<p>El titular de la Secretar\u00eda de Gobierno, Jes\u00fas Romero L\u00f3pez reiter\u00f3 a trav\u00e9s del eje del Programa de Paz con Justicia y Bienestar para el Pueblo de Oaxaca \u00abHablamos No Bloqueamos\u00bb, se construyen di\u00e1logos abiertos, seguros y respetuosos para la soluci\u00f3n a las problem\u00e1ticas sociales que se manifiestan, como los bloqueos y diferentes acciones que contrapongan la cultura de paz en el estado.<\/p>\n\n\n\n<p>El encargado de la pol\u00edtica interna, destac\u00f3 que en el Gobierno de la Primavera Oaxaque\u00f1a que encabeza el Gobernador Salom\u00f3n Jara Cruz se escuchan todas las voces y expresiones de los pueblos y comunidades de la entidad para para mantener las condiciones de orden, tranquilidad y gobernabilidad en los 570 municipios de la entidad.<\/p>\n\n\n\n<p>Detall\u00f3 que la toma de casetas y peaje de carreteras y puentes de jurisdicci\u00f3n federal tuvo una disminuci\u00f3n del 70.15% ya que en 2023 fueron 67 mientras que en 2023 se realizaron 20.<\/p>\n\n\n\n<p>De igual forma en cuanto a la obstrucci\u00f3n de carreteras y puentes de jurisdicci\u00f3n federal disminuy\u00f3 un 78.94%, en 2023 fueron 845, mientras que en 2023 fueron 173.<\/p>\n\n\n\n<p>Lo anterior de acuerdo con el comparativo de tomas de casetas de peaje y obstrucciones de carreteras y puentes y comparativo agrario 2022-2023 del Censo Nacional de Seguridad Publica Estatal y Federal 2023.<\/p>\n\n\n\n<p>Con ello, dijo que, a diferencia del pasado, las problem\u00e1ticas sociales y agrarias que manten\u00eda el estado de manera a\u00f1eja se han identificado y trabajado de manera integral, por lo que la incidencia ha bajado de manera sustancial<\/p>\n\n\n\n<p>De esta manera, el gobierno de la Primavera Oaxaque\u00f1a refrenda su compromiso de mantener un di\u00e1logo abierto y respetuoso como v\u00eda para la transformaci\u00f3n de los pueblos y comunidades de la entidad.<\/p>\n\n\n\n<p>-0-<\/p>\n","protected":false},"excerpt":{"rendered":"<p>*El eje Hablamos No Bloqueamos del Programa de Paz, ha generado resultados concretos que se&#8230;<\/p>\n","protected":false},"author":4,"featured_media":30241,"comment_status":"closed","ping_status":"open","sticky":false,"template":"","format":"standard","meta":{"footnotes":""},"categories":[9],"tags":[],"jetpack_sharing_enabled":true,"featured_image_urls":{"full":["https:\/\/contextoanalisisperiodistico.com\/wp-content\/uploads\/2024\/08\/IMG-20240814-WA0009.jpg",1080,1080,false],"thumbnail":["https:\/\/contextoanalisisperiodistico.com\/wp-content\/uploads\/2024\/08\/IMG-20240814-WA0009-150x150.jpg",150,150,true],"medium":["https:\/\/contextoanalisisperiodistico.com\/wp-content\/uploads\/2024\/08\/IMG-20240814-WA0009-300x300.jpg",300,300,true],"medium_large":["https:\/\/contextoanalisisperiodistico.com\/wp-content\/uploads\/2024\/08\/IMG-20240814-WA0009-768x768.jpg",640,640,true],"large":["https:\/\/contextoanalisisperiodistico.com\/wp-content\/uploads\/2024\/08\/IMG-20240814-WA0009-1024x1024.jpg",640,640,true],"1536x1536":["https:\/\/contextoanalisisperiodistico.com\/wp-content\/uploads\/2024\/08\/IMG-20240814-WA0009.jpg",1080,1080,false],"2048x2048":["https:\/\/contextoanalisisperiodistico.com\/wp-content\/uploads\/2024\/08\/IMG-20240814-WA0009.jpg",1080,1080,false],"covernews-slider-full":["https:\/\/contextoanalisisperiodistico.com\/wp-content\/uploads\/2024\/08\/IMG-20240814-WA0009-1080x715.jpg",1080,715,true],"covernews-slider-center":["https:\/\/contextoanalisisperiodistico.com\/wp-content\/uploads\/2024\/08\/IMG-20240814-WA0009-800x500.jpg",800,500,true],"covernews-featured":["https:\/\/contextoanalisisperiodistico.com\/wp-content\/uploads\/2024\/08\/IMG-20240814-WA0009-1024x1024.jpg",1024,1024,true],"covernews-medium":["https:\/\/contextoanalisisperiodistico.com\/wp-content\/uploads\/2024\/08\/IMG-20240814-WA0009-540x340.jpg",540,340,true],"covernews-medium-square":["https:\/\/contextoanalisisperiodistico.com\/wp-content\/uploads\/2024\/08\/IMG-20240814-WA0009-400x250.jpg",400,250,true]},"author_info":{"display_name":"Mario Gir\u00f3n","author_link":"https:\/\/contextoanalisisperiodistico.com\/index.php\/author\/director\/"},"category_info":"<a href=\"https:\/\/contextoanalisisperiodistico.com\/index.php\/category\/politica\/\" rel=\"category tag\">Pol\u00edtica<\/a>","tag_info":"Pol\u00edtica","comment_count":"0","jetpack_featured_media_url":"https:\/\/contextoanalisisperiodistico.com\/wp-content\/uploads\/2024\/08\/IMG-20240814-WA0009.jpg","_links":{"self":[{"href":"https:\/\/contextoanalisisperiodistico.com\/index.php\/wp-json\/wp\/v2\/posts\/30242"}],"collection":[{"href":"https:\/\/contextoanalisisperiodistico.com\/index.php\/wp-json\/wp\/v2\/posts"}],"about":[{"href":"https:\/\/contextoanalisisperiodistico.com\/index.php\/wp-json\/wp\/v2\/types\/post"}],"author":[{"embeddable":true,"href":"https:\/\/contextoanalisisperiodistico.com\/index.php\/wp-json\/wp\/v2\/users\/4"}],"replies":[{"embeddable":true,"href":"https:\/\/contextoanalisisperiodistico.com\/index.php\/wp-json\/wp\/v2\/comments?post=30242"}],"version-history":[{"count":1,"href":"https:\/\/contextoanalisisperiodistico.com\/index.php\/wp-json\/wp\/v2\/posts\/30242\/revisions"}],"predecessor-version":[{"id":30243,"href":"https:\/\/contextoanalisisperiodistico.com\/index.php\/wp-json\/wp\/v2\/posts\/30242\/revisions\/30243"}],"wp:featuredmedia":[{"embeddable":true,"href":"https:\/\/contextoanalisisperiodistico.com\/index.php\/wp-json\/wp\/v2\/media\/30241"}],"wp:attachment":[{"href":"https:\/\/contextoanalisisperiodistico.com\/index.php\/wp-json\/wp\/v2\/media?parent=30242"}],"wp:term":[{"taxonomy":"category","embeddable":true,"href":"https:\/\/contextoanalisisperiodistico.com\/index.php\/wp-json\/wp\/v2\/categories?post=30242"},{"taxonomy":"post_tag","embeddable":true,"href":"https:\/\/contextoanalisisperiodistico.com\/index.php\/wp-json\/wp\/v2\/tags?post=30242"}],"curies":[{"name":"wp","href":"https:\/\/api.w.org\/{rel}","templated":true}]}}