{"id":30240,"date":"2024-08-14T05:46:57","date_gmt":"2024-08-14T11:46:57","guid":{"rendered":"https:\/\/contextoanalisisperiodistico.com\/index.php\/2024\/08\/14\/avanza-dialogo-con-habitantes-de-bajos-de-coyula-y-el-arenal-en-santa-maria-huatulco\/"},"modified":"2024-08-14T05:46:57","modified_gmt":"2024-08-14T11:46:57","slug":"avanza-dialogo-con-habitantes-de-bajos-de-coyula-y-el-arenal-en-santa-maria-huatulco","status":"publish","type":"post","link":"https:\/\/contextoanalisisperiodistico.com\/index.php\/2024\/08\/14\/avanza-dialogo-con-habitantes-de-bajos-de-coyula-y-el-arenal-en-santa-maria-huatulco\/","title":{"rendered":"Avanza di\u00e1logo con habitantes de Bajos de Coyula y El Arenal, en Santa Mar\u00eda Huatulco"},"content":{"rendered":"<div id=\"fb-root\"><\/div>\n\n<p>En cumplimiento al compromiso de escuchar de viva voz los planteamientos de los habitantes de Bajos de Coyula y El Arenal, esta tarde en la Costa oaxaque\u00f1a funcionariado federal y estatal se reunieron y, a trav\u00e9s del di\u00e1logo, lograron importantes avances que permitir\u00e1n encontrar una soluci\u00f3n para conservar, ordenar y dar certidumbre a la ciudadan\u00eda de esas agencias de Santa Mar\u00eda Huatulco.<\/p>\n\n\n\n<p>En el encuentro participaron representantes de la Secretar\u00eda de Medio Ambiente y Recursos Naturales (Semarnat), el Instituto Nacional del Suelo Sustentable (Insus), la Comisi\u00f3n Nacional de \u00c1reas Naturales Protegidas (CONANP), la Secretar\u00eda de Gobernaci\u00f3n (Segob), la Secretar\u00eda de Comunicaciones y Transportes y la Coordinaci\u00f3n de Delegados de Paz Social de la Secretar\u00eda de Gobierno (Sego).<\/p>\n\n\n\n<p>Con esta acci\u00f3n, se cumple el compromiso del Presidente de M\u00e9xico, Andr\u00e9s Manuel L\u00f3pez Obrador y del Gobernador de Oaxaca, Salom\u00f3n Jara Cruz, de mantener la paz en las comunidades, anteponiendo el di\u00e1logo y la concertaci\u00f3n.<\/p>\n","protected":false},"excerpt":{"rendered":"<p>En cumplimiento al compromiso de escuchar de viva voz los planteamientos de los habitantes de&#8230;<\/p>\n","protected":false},"author":4,"featured_media":30239,"comment_status":"","ping_status":"open","sticky":false,"template":"","format":"standard","meta":{"footnotes":""},"categories":[9],"tags":[],"jetpack_sharing_enabled":true,"featured_image_urls":{"full":["https:\/\/contextoanalisisperiodistico.com\/wp-content\/uploads\/2024\/08\/IMG-20240813-WA0105.jpg",960,960,false],"thumbnail":["https:\/\/contextoanalisisperiodistico.com\/wp-content\/uploads\/2024\/08\/IMG-20240813-WA0105-150x150.jpg",150,150,true],"medium":["https:\/\/contextoanalisisperiodistico.com\/wp-content\/uploads\/2024\/08\/IMG-20240813-WA0105-300x300.jpg",300,300,true],"medium_large":["https:\/\/contextoanalisisperiodistico.com\/wp-content\/uploads\/2024\/08\/IMG-20240813-WA0105-768x768.jpg",640,640,true],"large":["https:\/\/contextoanalisisperiodistico.com\/wp-content\/uploads\/2024\/08\/IMG-20240813-WA0105.jpg",640,640,false],"1536x1536":["https:\/\/contextoanalisisperiodistico.com\/wp-content\/uploads\/2024\/08\/IMG-20240813-WA0105.jpg",960,960,false],"2048x2048":["https:\/\/contextoanalisisperiodistico.com\/wp-content\/uploads\/2024\/08\/IMG-20240813-WA0105.jpg",960,960,false],"covernews-slider-full":["https:\/\/contextoanalisisperiodistico.com\/wp-content\/uploads\/2024\/08\/IMG-20240813-WA0105-960x715.jpg",960,715,true],"covernews-slider-center":["https:\/\/contextoanalisisperiodistico.com\/wp-content\/uploads\/2024\/08\/IMG-20240813-WA0105-800x500.jpg",800,500,true],"covernews-featured":["https:\/\/contextoanalisisperiodistico.com\/wp-content\/uploads\/2024\/08\/IMG-20240813-WA0105.jpg",960,960,false],"covernews-medium":["https:\/\/contextoanalisisperiodistico.com\/wp-content\/uploads\/2024\/08\/IMG-20240813-WA0105-540x340.jpg",540,340,true],"covernews-medium-square":["https:\/\/contextoanalisisperiodistico.com\/wp-content\/uploads\/2024\/08\/IMG-20240813-WA0105-400x250.jpg",400,250,true]},"author_info":{"display_name":"Mario Gir\u00f3n","author_link":"https:\/\/contextoanalisisperiodistico.com\/index.php\/author\/director\/"},"category_info":"<a href=\"https:\/\/contextoanalisisperiodistico.com\/index.php\/category\/politica\/\" rel=\"category tag\">Pol\u00edtica<\/a>","tag_info":"Pol\u00edtica","comment_count":"0","jetpack_featured_media_url":"https:\/\/contextoanalisisperiodistico.com\/wp-content\/uploads\/2024\/08\/IMG-20240813-WA0105.jpg","_links":{"self":[{"href":"https:\/\/contextoanalisisperiodistico.com\/index.php\/wp-json\/wp\/v2\/posts\/30240"}],"collection":[{"href":"https:\/\/contextoanalisisperiodistico.com\/index.php\/wp-json\/wp\/v2\/posts"}],"about":[{"href":"https:\/\/contextoanalisisperiodistico.com\/index.php\/wp-json\/wp\/v2\/types\/post"}],"author":[{"embeddable":true,"href":"https:\/\/contextoanalisisperiodistico.com\/index.php\/wp-json\/wp\/v2\/users\/4"}],"replies":[{"embeddable":true,"href":"https:\/\/contextoanalisisperiodistico.com\/index.php\/wp-json\/wp\/v2\/comments?post=30240"}],"version-history":[{"count":0,"href":"https:\/\/contextoanalisisperiodistico.com\/index.php\/wp-json\/wp\/v2\/posts\/30240\/revisions"}],"wp:featuredmedia":[{"embeddable":true,"href":"https:\/\/contextoanalisisperiodistico.com\/index.php\/wp-json\/wp\/v2\/media\/30239"}],"wp:attachment":[{"href":"https:\/\/contextoanalisisperiodistico.com\/index.php\/wp-json\/wp\/v2\/media?parent=30240"}],"wp:term":[{"taxonomy":"category","embeddable":true,"href":"https:\/\/contextoanalisisperiodistico.com\/index.php\/wp-json\/wp\/v2\/categories?post=30240"},{"taxonomy":"post_tag","embeddable":true,"href":"https:\/\/contextoanalisisperiodistico.com\/index.php\/wp-json\/wp\/v2\/tags?post=30240"}],"curies":[{"name":"wp","href":"https:\/\/api.w.org\/{rel}","templated":true}]}}